{"id":17890,"date":"2021-07-05T17:30:05","date_gmt":"2021-07-05T15:30:05","guid":{"rendered":"https:\/\/suport.fundesplai.org\/blog-es\/actualidad\/presentamos-digitalizaciong-en-el-mobile-world-congress\/"},"modified":"2021-07-22T14:11:42","modified_gmt":"2021-07-22T12:11:42","slug":"presentamos-digitalizaciong-en-el-mobile-world-congress","status":"publish","type":"post","link":"https:\/\/suport.fundesplai.org\/es\/blog-es\/informatico\/presentamos-digitalizaciong-en-el-mobile-world-congress\/","title":{"rendered":"DigitalizaciONG, el proyecto de Gesti\u00f3n Tercer Sector que llega al Mobile World Congress"},"content":{"rendered":"<p>[et_pb_section fb_built=\u00bb1&#8243; _builder_version=\u00bb3.22&#8243;][et_pb_row _builder_version=\u00bb3.25&#8243; background_size=\u00bbinitial\u00bb background_position=\u00bbtop_left\u00bb background_repeat=\u00bbrepeat\u00bb][et_pb_column type=\u00bb4_4&#8243; _builder_version=\u00bb3.25&#8243; custom_padding=\u00bb|||\u00bb custom_padding__hover=\u00bb|||\u00bb][et_pb_text _builder_version=\u00bb4.9.6&#8243; background_size=\u00bbinitial\u00bb background_position=\u00bbtop_left\u00bb background_repeat=\u00bbrepeat\u00bb hover_enabled=\u00bb0&#8243; sticky_enabled=\u00bb0&#8243;]<strong>Fundesplai<\/strong> y <strong>Fundaci\u00f3n Esplai<\/strong> estuvimos presentes en el <strong>Mobile World Congress<\/strong> de este a\u00f1o para presentar <a href=\"https:\/\/suport.fundesplai.org\/es\/blog-es\/actualidad\/digitalizaciong-en-marcha-os-acompanamos-en-el-proceso-de-transformacion-digital-de-vuestra-entidad\/\" target=\"_blank\" rel=\"noopener\">DigitalizaciONG<\/a>, en el estand de la <a href=\"https:\/\/mobileworldcapital.com\/ca\/\" target=\"_blank\" rel=\"noopener\">Fundaci\u00f3n Mobile World Capital Barcelona<\/a>, un espacio cedido para la presentaci\u00f3n de proyectos de innovaci\u00f3n digital desarrollados y aplicados al sector social dentro del congreso de la telefon\u00eda m\u00f3vil. DigitalizaciONG tuvo su espacio, junto con otros proyectos tecnol\u00f3gicos, en el marco del <a href=\"https:\/\/www.m4social.org\/\" target=\"_blank\" rel=\"noopener\">m4Social<\/a>, el proyecto de innovaci\u00f3n digital en el \u00e1mbito social de la Taula del Tercer Sector.<\/p>\n<p>DigitalizaciONG, financiado por el Ministerio de Derechos Sociales y Agenda 2030, ha sido desarrollado por <strong>Gesti\u00f3n Tercer Sector<\/strong>. El objetivo del proyecto es acompa\u00f1ar entidades sociales en sus primeros pasos hacia la transformaci\u00f3n digital.<\/p>\n<p>La transformaci\u00f3n digital es la adaptaci\u00f3n de la cultura organizacional de las entidades a la realidad de una sociedad digital. Tambi\u00e9n se entiende como una evoluci\u00f3n imprescindible en la manera c\u00f3mo trabajamos. Es, a la vez, el adelanto en las herramientas que usamos para la gesti\u00f3n de los proyectos y el trabajo de los equipos profesionales y voluntarios. La transformaci\u00f3n digital, pues, compuerta la mejora en la atenci\u00f3n a las personas, que es la finalidad \u00faltima de nuestra actividad.<\/p>\n<p>La situaci\u00f3n de pandemia actual no ha hecho sino acelerar los procesos de transformaci\u00f3n digital que ya se hab\u00edan iniciado en todos los \u00e1mbitos de nuestra sociedad. Tambi\u00e9n, pues, en el trabajo de las entidades sociales.<\/p>\n<p>Con este proyecto, Gesti\u00f3n Tercer Sector, en colaboraci\u00f3n con EAPN Espa\u00f1a, pone a disposici\u00f3n de organizaciones sin \u00e1nimo de lucro que empiezan su proceso de digitalizaci\u00f3n, su experiencia hist\u00f3rica de m\u00e1s de 20 a\u00f1os en la lucha por la superaci\u00f3n de la brecha digital de la ciudadan\u00eda y profesionales del sector social.<\/p>\n<h4>\u00bfQu\u00e9 ofrece DigitalizaciONG a las entidades?<\/h4>\n<p>El proyecto ofrece:<\/p>\n<ul>\n<li>Diagn\u00f3stico inicial del nivel de digitalizaci\u00f3n de la entidad.<\/li>\n<li>Formaci\u00f3n en competencias digitales a trav\u00e9s de herramientas y metodolog\u00edas para la mejora de la comunicaci\u00f3n y la colaboraci\u00f3n.<\/li>\n<li>Apoyo a la implementaci\u00f3n de lo que se ha aprendido.<\/li>\n<li>Diagn\u00f3stico final.<\/li>\n<li>Compartici\u00f3n de recursos y buenas pr\u00e1cticas a trav\u00e9s de diferentes publicaciones.<\/li>\n<\/ul>\n<p>Toda la formaci\u00f3n siempre se imparte siguiendo las bases del marco europeo de referencia de competencias digitales Digcomp 2.1.<\/p>\n<h4>Formaci\u00f3n en competencias digitales, una necesidad del tercer sector<\/h4>\n<p>Durante la jornada en el MWC, presentamos algunas de los datos obtenidos en las fases iniciales de DigitalizaciONG. En este sentido, de las 50 entidades que han realizado el autodiagn\u00f3stico el <strong>68%<\/strong> obtiene una puntuaci\u00f3n <strong>por debajo de 10 puntos<\/strong> sobre 20. Adem\u00e1s, un <strong>74% no dispone de un plan de transformaci\u00f3n digital<\/strong> y todav\u00eda menos entidades tienen un plan formativo en este \u00e1mbito.<\/p>\n<p><strong>Gabriel Gonz\u00e1lez<\/strong>, responsable de innovaci\u00f3n de Fundesplai, tambi\u00e9n expuso que <strong>m\u00e1s de la mitad<\/strong> de las entidades participantes <strong>entiende la importancia de la accesibilidad digital<\/strong>, aunque no genera contenidos accesibles. Adem\u00e1s, solo el <strong>15%<\/strong> de las entidades encuestadas usa pautas y criterios en el uso de <strong>herramientas de comunicaci\u00f3n digital<\/strong>.<\/p>\n<p>De hecho, desde Fundesplai y Fundaci\u00f3n Esplai pusimos sobre la mesa la <strong>necesidad de la digitalizaci\u00f3n<\/strong> de buena parte de las entidades. Precisamente, por eso est\u00e1 en marcha el proyecto DigitalizaciONG, para acompa\u00f1arlas en sus primeros pasos en este proceso.<\/p>\n<p><iframe loading=\"lazy\" title=\"YouTube video player\" src=\"https:\/\/www.youtube.com\/embed\/zK9e2HPU79A?start=4427\" width=\"560\" height=\"315\" frameborder=\"0\" allowfullscreen=\"allowfullscreen\"><\/iframe><\/p>\n<p>En la jornada se hizo evidente esta necesidad de cambio en el sector social y, en esta l\u00ednea, el estudio presentado por m4social refleja que, pese al inter\u00e9s, <strong>menos del 30%<\/strong> de las entidades ha iniciado el <strong>proceso de transformaci\u00f3n digital<\/strong>. Muchas entidades admiten el lento ritmo de digitalizaci\u00f3n por \u201cla <strong>carencia de recursos econ\u00f3micos<\/strong>, por la falta de una <strong>cultura organizativa<\/strong> o por las carencias en <strong>habilidades tecnol\u00f3gicas<\/strong> tanto de los profesionales como de las personas usuarias\u201d, seg\u00fan el estudio.<\/p>\n<p>Durante la sesi\u00f3n tambi\u00e9n participaron, la <strong>Associaci\u00f3 Benestar i Desenvolupament<\/strong>\u00a0(ABD),\u00a0<strong>Suara Cooperativa <\/strong>y\u00a0la\u00a0<strong>Fundaci\u00f3 7 d\u2019Astres<\/strong>, adem\u00e1s de la Taula del Tercer Sector y Roger Torrent, consejero de Empresa y Trabajo de la Generalitat.<\/p>\n<h4>\u00bfTu entidad necesita un impulso en el \u00e1mbito digital?<\/h4>\n<p>El compromiso de Gesti\u00f3n Tercer Sector con la lucha por la alfabetizaci\u00f3n digital es hist\u00f3rica y tiene ya un recorrido de m\u00e1s de dos d\u00e9cadas. En los \u00faltimos a\u00f1os ha liderado y participado en m\u00faltiples proyectos sobre transformaci\u00f3n digital a entidades sociales. Por ejemplo, en formaciones, ponencias y acciones con la <a href=\"https:\/\/fundacionesplai.org\/blog\/innovacion\/colaboramos-con-la-escuela-de-voluntariado-de-otono-y-la-plataforma-del-tercer-sector-de-madrid-en-temas-de-transformacion-digital\/\"><strong>Plataforma del Voluntariado de Espa\u00f1a<\/strong><\/a>, la\u00a0<a href=\"https:\/\/fundacionesplai.org\/blog\/formacion-2\/colaboramos-con-la-plataforma-de-tercer-sector-de-la-comunidad-de-madrid-con-una-formacion-sobre-transformacion-digital\/\"><strong>Plataforma del Tercer Sector de la Comunidad de Madrid<\/strong><\/a>,\u00a0<a href=\"https:\/\/esclerosismultiple.com\/\">E<strong>sclerosi M\u00faltiple Espa\u00f1a<\/strong><\/a>,\u00a0<a href=\"https:\/\/larueca.info\/\"><strong>La Rueca<\/strong><\/a>,\u00a0<a href=\"https:\/\/www.fermad.org\/\"><strong>Fermad<\/strong>\u00a0<\/a>i la\u00a0<a href=\"https:\/\/lares.org.es\/\"><strong>Fundaci\u00f3n Lares<\/strong><\/a>, entre otras.<\/p>\n<p>M\u00e1s de 1.000 entidades cuentan con el asesoramiento y acompa\u00f1amiento de nuestro equipo de asesores y asesoras expertas en gesti\u00f3n de asociaciones y fundaciones. Llena este <a href=\"https:\/\/suport.fundesplai.org\/es\/consultanos\/\">formulario<\/a> con tu consulta y te ayudaremos desde nuestra \u00e1rea de <a href=\"https:\/\/suport.fundesplai.org\/es\/servicios\/informatico\/\">apoyo tecnol\u00f3gico e inform\u00e1tico a entidades<\/a>.[\/et_pb_text][et_pb_button button_url=\u00bbhttps:\/\/suport.fundesplai.org\/es\/consultanos\/\u00bb button_text=\u00bbCons\u00faltanos\u00bb _builder_version=\u00bb4.9.6&#8243; _module_preset=\u00bbdefault\u00bb][\/et_pb_button][\/et_pb_column][\/et_pb_row][\/et_pb_section]<\/p>\n","protected":false},"excerpt":{"rendered":"<p>Fundesplai y Fundaci\u00f3n Esplai estuvimos presentes en el Mobile World Congress de este a\u00f1o para presentar DigitalizaciONG, en el estand de la Fundaci\u00f3n Mobile World Capital Barcelona, un espacio cedido para la presentaci\u00f3n de proyectos de innovaci\u00f3n digital desarrollados y aplicados al sector social dentro del congreso de la telefon\u00eda m\u00f3vil. DigitalizaciONG tuvo su espacio, [&hellip;]<\/p>\n","protected":false},"author":360,"featured_media":17883,"comment_status":"closed","ping_status":"closed","sticky":false,"template":"","format":"standard","meta":{"_et_pb_use_builder":"on","_et_pb_old_content":"","_et_gb_content_width":"","footnotes":""},"categories":[1,341,312],"tags":[],"class_list":["post-17890","post","type-post","status-publish","format-standard","has-post-thumbnail","hentry","category-actualidad","category-blog-es","category-informatico"],"yoast_head":"<!-- This site is optimized with the Yoast SEO plugin v27.5 - https:\/\/yoast.com\/product\/yoast-seo-wordpress\/ -->\n<title>DigitalizaciONG, el proyecto de Gesti\u00f3n Tercer Sector que llega al Mobile World Congress<\/title>\n<meta name=\"description\" content=\"Fundesplai y Fundaci\u00f3n Esplai presentamos el proyecto DigitalizaciONG en el Mobile World Congress 2021, en el estand de la Fundaci\u00f3n Mobile World Capital Barcelona.\" \/>\n<meta name=\"robots\" content=\"index, follow, max-snippet:-1, max-image-preview:large, max-video-preview:-1\" \/>\n<link rel=\"canonical\" href=\"https:\/\/suport.fundesplai.org\/es\/blog-es\/informatico\/presentamos-digitalizaciong-en-el-mobile-world-congress\/\" \/>\n<meta property=\"og:locale\" content=\"es_ES\" \/>\n<meta property=\"og:type\" content=\"article\" \/>\n<meta property=\"og:title\" content=\"DigitalizaciONG, el proyecto de Gesti\u00f3n Tercer Sector que llega al Mobile World Congress\" \/>\n<meta property=\"og:description\" content=\"Fundesplai y Fundaci\u00f3n Esplai presentamos el proyecto DigitalizaciONG en el Mobile World Congress 2021, en el estand de la Fundaci\u00f3n Mobile World Capital Barcelona.\" \/>\n<meta property=\"og:url\" content=\"https:\/\/suport.fundesplai.org\/es\/blog-es\/informatico\/presentamos-digitalizaciong-en-el-mobile-world-congress\/\" \/>\n<meta property=\"og:site_name\" content=\"Suport Tercer Sector - Fundesplai\" \/>\n<meta property=\"article:publisher\" content=\"https:\/\/www.facebook.com\/Fundesplai\/\" \/>\n<meta property=\"article:published_time\" content=\"2021-07-05T15:30:05+00:00\" \/>\n<meta property=\"article:modified_time\" content=\"2021-07-22T12:11:42+00:00\" \/>\n<meta property=\"og:image\" content=\"https:\/\/suport.fundesplai.org\/wp-content\/uploads\/2021\/07\/digitalizaciong.jpg\" \/>\n\t<meta property=\"og:image:width\" content=\"1600\" \/>\n\t<meta property=\"og:image:height\" content=\"901\" \/>\n\t<meta property=\"og:image:type\" content=\"image\/jpeg\" \/>\n<meta name=\"author\" content=\"spulido\" \/>\n<meta name=\"twitter:card\" content=\"summary_large_image\" \/>\n<meta name=\"twitter:creator\" content=\"@suport_org\" \/>\n<meta name=\"twitter:site\" content=\"@suport_org\" \/>\n<meta name=\"twitter:label1\" content=\"Escrito por\" \/>\n\t<meta name=\"twitter:data1\" content=\"spulido\" \/>\n\t<meta name=\"twitter:label2\" content=\"Tiempo de lectura\" \/>\n\t<meta name=\"twitter:data2\" content=\"5 minutos\" \/>\n<script type=\"application\/ld+json\" class=\"yoast-schema-graph\">{\"@context\":\"https:\\\/\\\/schema.org\",\"@graph\":[{\"@type\":\"Article\",\"@id\":\"https:\\\/\\\/suport.fundesplai.org\\\/es\\\/blog-es\\\/informatico\\\/presentamos-digitalizaciong-en-el-mobile-world-congress\\\/#article\",\"isPartOf\":{\"@id\":\"https:\\\/\\\/suport.fundesplai.org\\\/es\\\/blog-es\\\/informatico\\\/presentamos-digitalizaciong-en-el-mobile-world-congress\\\/\"},\"author\":{\"name\":\"spulido\",\"@id\":\"https:\\\/\\\/suport.fundesplai.org\\\/es\\\/#\\\/schema\\\/person\\\/fdf6420f515befcbe14be21cbe303807\"},\"headline\":\"DigitalizaciONG, el proyecto de Gesti\u00f3n Tercer Sector que llega al Mobile World Congress\",\"datePublished\":\"2021-07-05T15:30:05+00:00\",\"dateModified\":\"2021-07-22T12:11:42+00:00\",\"mainEntityOfPage\":{\"@id\":\"https:\\\/\\\/suport.fundesplai.org\\\/es\\\/blog-es\\\/informatico\\\/presentamos-digitalizaciong-en-el-mobile-world-congress\\\/\"},\"wordCount\":951,\"publisher\":{\"@id\":\"https:\\\/\\\/suport.fundesplai.org\\\/es\\\/#organization\"},\"image\":{\"@id\":\"https:\\\/\\\/suport.fundesplai.org\\\/es\\\/blog-es\\\/informatico\\\/presentamos-digitalizaciong-en-el-mobile-world-congress\\\/#primaryimage\"},\"thumbnailUrl\":\"https:\\\/\\\/suport.fundesplai.org\\\/wp-content\\\/uploads\\\/2021\\\/07\\\/digitalizaciong.jpg\",\"articleSection\":[\"Actualidad\",\"Blog\",\"Inform\u00e1tico\"],\"inLanguage\":\"es\"},{\"@type\":\"WebPage\",\"@id\":\"https:\\\/\\\/suport.fundesplai.org\\\/es\\\/blog-es\\\/informatico\\\/presentamos-digitalizaciong-en-el-mobile-world-congress\\\/\",\"url\":\"https:\\\/\\\/suport.fundesplai.org\\\/es\\\/blog-es\\\/informatico\\\/presentamos-digitalizaciong-en-el-mobile-world-congress\\\/\",\"name\":\"DigitalizaciONG, el proyecto de Gesti\u00f3n Tercer Sector que llega al Mobile World Congress\",\"isPartOf\":{\"@id\":\"https:\\\/\\\/suport.fundesplai.org\\\/es\\\/#website\"},\"primaryImageOfPage\":{\"@id\":\"https:\\\/\\\/suport.fundesplai.org\\\/es\\\/blog-es\\\/informatico\\\/presentamos-digitalizaciong-en-el-mobile-world-congress\\\/#primaryimage\"},\"image\":{\"@id\":\"https:\\\/\\\/suport.fundesplai.org\\\/es\\\/blog-es\\\/informatico\\\/presentamos-digitalizaciong-en-el-mobile-world-congress\\\/#primaryimage\"},\"thumbnailUrl\":\"https:\\\/\\\/suport.fundesplai.org\\\/wp-content\\\/uploads\\\/2021\\\/07\\\/digitalizaciong.jpg\",\"datePublished\":\"2021-07-05T15:30:05+00:00\",\"dateModified\":\"2021-07-22T12:11:42+00:00\",\"description\":\"Fundesplai y Fundaci\u00f3n Esplai presentamos el proyecto DigitalizaciONG en el Mobile World Congress 2021, en el estand de la Fundaci\u00f3n Mobile World Capital Barcelona.\",\"breadcrumb\":{\"@id\":\"https:\\\/\\\/suport.fundesplai.org\\\/es\\\/blog-es\\\/informatico\\\/presentamos-digitalizaciong-en-el-mobile-world-congress\\\/#breadcrumb\"},\"inLanguage\":\"es\",\"potentialAction\":[{\"@type\":\"ReadAction\",\"target\":[\"https:\\\/\\\/suport.fundesplai.org\\\/es\\\/blog-es\\\/informatico\\\/presentamos-digitalizaciong-en-el-mobile-world-congress\\\/\"]}]},{\"@type\":\"ImageObject\",\"inLanguage\":\"es\",\"@id\":\"https:\\\/\\\/suport.fundesplai.org\\\/es\\\/blog-es\\\/informatico\\\/presentamos-digitalizaciong-en-el-mobile-world-congress\\\/#primaryimage\",\"url\":\"https:\\\/\\\/suport.fundesplai.org\\\/wp-content\\\/uploads\\\/2021\\\/07\\\/digitalizaciong.jpg\",\"contentUrl\":\"https:\\\/\\\/suport.fundesplai.org\\\/wp-content\\\/uploads\\\/2021\\\/07\\\/digitalizaciong.jpg\",\"width\":1600,\"height\":901,\"caption\":\"DigitalizaciONG al Mobile World Congress\"},{\"@type\":\"BreadcrumbList\",\"@id\":\"https:\\\/\\\/suport.fundesplai.org\\\/es\\\/blog-es\\\/informatico\\\/presentamos-digitalizaciong-en-el-mobile-world-congress\\\/#breadcrumb\",\"itemListElement\":[{\"@type\":\"ListItem\",\"position\":1,\"name\":\"Inici\",\"item\":\"https:\\\/\\\/suport.fundesplai.org\\\/es\\\/\"},{\"@type\":\"ListItem\",\"position\":2,\"name\":\"Blog\",\"item\":\"https:\\\/\\\/suport.fundesplai.org\\\/es\\\/blog-es\\\/\"},{\"@type\":\"ListItem\",\"position\":3,\"name\":\"Inform\u00e1tico\",\"item\":\"https:\\\/\\\/suport.fundesplai.org\\\/es\\\/blog-es\\\/informatico\\\/\"},{\"@type\":\"ListItem\",\"position\":4,\"name\":\"DigitalizaciONG, el proyecto de Gesti\u00f3n Tercer Sector que llega al Mobile World Congress\"}]},{\"@type\":\"WebSite\",\"@id\":\"https:\\\/\\\/suport.fundesplai.org\\\/es\\\/#website\",\"url\":\"https:\\\/\\\/suport.fundesplai.org\\\/es\\\/\",\"name\":\"Suport Tercer Sector - Fundesplai\",\"description\":\"Gesti\u00f3n de asociaciones y fundaciones\",\"publisher\":{\"@id\":\"https:\\\/\\\/suport.fundesplai.org\\\/es\\\/#organization\"},\"potentialAction\":[{\"@type\":\"SearchAction\",\"target\":{\"@type\":\"EntryPoint\",\"urlTemplate\":\"https:\\\/\\\/suport.fundesplai.org\\\/es\\\/?s={search_term_string}\"},\"query-input\":{\"@type\":\"PropertyValueSpecification\",\"valueRequired\":true,\"valueName\":\"search_term_string\"}}],\"inLanguage\":\"es\"},{\"@type\":\"Organization\",\"@id\":\"https:\\\/\\\/suport.fundesplai.org\\\/es\\\/#organization\",\"name\":\"Suport Tercer Sector de Fundesplai per entitats i associacions\",\"url\":\"https:\\\/\\\/suport.fundesplai.org\\\/es\\\/\",\"logo\":{\"@type\":\"ImageObject\",\"inLanguage\":\"es\",\"@id\":\"https:\\\/\\\/suport.fundesplai.org\\\/es\\\/#\\\/schema\\\/logo\\\/image\\\/\",\"url\":\"https:\\\/\\\/suport.fundesplai.org\\\/wp-content\\\/uploads\\\/2019\\\/08\\\/lgo-suport-tercer-sector-fe-2.png\",\"contentUrl\":\"https:\\\/\\\/suport.fundesplai.org\\\/wp-content\\\/uploads\\\/2019\\\/08\\\/lgo-suport-tercer-sector-fe-2.png\",\"width\":300,\"height\":141,\"caption\":\"Suport Tercer Sector de Fundesplai per entitats i associacions\"},\"image\":{\"@id\":\"https:\\\/\\\/suport.fundesplai.org\\\/es\\\/#\\\/schema\\\/logo\\\/image\\\/\"},\"sameAs\":[\"https:\\\/\\\/www.facebook.com\\\/Fundesplai\\\/\",\"https:\\\/\\\/x.com\\\/suport_org\",\"https:\\\/\\\/www.instagram.com\\\/fundesplai\\\/\",\"https:\\\/\\\/www.linkedin.com\\\/company\\\/fundesplai\",\"https:\\\/\\\/www.youtube.com\\\/channel\\\/UCGaevIfQeecUHeWq1m-WLYw\",\"https:\\\/\\\/ca.wikipedia.org\\\/wiki\\\/Fundaci\u00f3_Catalana_de_l'Esplai\"]},{\"@type\":\"Person\",\"@id\":\"https:\\\/\\\/suport.fundesplai.org\\\/es\\\/#\\\/schema\\\/person\\\/fdf6420f515befcbe14be21cbe303807\",\"name\":\"spulido\",\"image\":{\"@type\":\"ImageObject\",\"inLanguage\":\"es\",\"@id\":\"https:\\\/\\\/secure.gravatar.com\\\/avatar\\\/efd3238af867ca2ea7ff51cd3989f365e8f2a9e617574ce9b528f93010322b3d?s=96&d=monsterid&r=g\",\"url\":\"https:\\\/\\\/secure.gravatar.com\\\/avatar\\\/efd3238af867ca2ea7ff51cd3989f365e8f2a9e617574ce9b528f93010322b3d?s=96&d=monsterid&r=g\",\"contentUrl\":\"https:\\\/\\\/secure.gravatar.com\\\/avatar\\\/efd3238af867ca2ea7ff51cd3989f365e8f2a9e617574ce9b528f93010322b3d?s=96&d=monsterid&r=g\",\"caption\":\"spulido\"},\"url\":\"https:\\\/\\\/suport.fundesplai.org\\\/es\\\/author\\\/spulido\\\/\"}]}<\/script>\n<!-- \/ Yoast SEO plugin. -->","yoast_head_json":{"title":"DigitalizaciONG, el proyecto de Gesti\u00f3n Tercer Sector que llega al Mobile World Congress","description":"Fundesplai y Fundaci\u00f3n Esplai presentamos el proyecto DigitalizaciONG en el Mobile World Congress 2021, en el estand de la Fundaci\u00f3n Mobile World Capital Barcelona.","robots":{"index":"index","follow":"follow","max-snippet":"max-snippet:-1","max-image-preview":"max-image-preview:large","max-video-preview":"max-video-preview:-1"},"canonical":"https:\/\/suport.fundesplai.org\/es\/blog-es\/informatico\/presentamos-digitalizaciong-en-el-mobile-world-congress\/","og_locale":"es_ES","og_type":"article","og_title":"DigitalizaciONG, el proyecto de Gesti\u00f3n Tercer Sector que llega al Mobile World Congress","og_description":"Fundesplai y Fundaci\u00f3n Esplai presentamos el proyecto DigitalizaciONG en el Mobile World Congress 2021, en el estand de la Fundaci\u00f3n Mobile World Capital Barcelona.","og_url":"https:\/\/suport.fundesplai.org\/es\/blog-es\/informatico\/presentamos-digitalizaciong-en-el-mobile-world-congress\/","og_site_name":"Suport Tercer Sector - Fundesplai","article_publisher":"https:\/\/www.facebook.com\/Fundesplai\/","article_published_time":"2021-07-05T15:30:05+00:00","article_modified_time":"2021-07-22T12:11:42+00:00","og_image":[{"width":1600,"height":901,"url":"https:\/\/suport.fundesplai.org\/wp-content\/uploads\/2021\/07\/digitalizaciong.jpg","type":"image\/jpeg"}],"author":"spulido","twitter_card":"summary_large_image","twitter_creator":"@suport_org","twitter_site":"@suport_org","twitter_misc":{"Escrito por":"spulido","Tiempo de lectura":"5 minutos"},"schema":{"@context":"https:\/\/schema.org","@graph":[{"@type":"Article","@id":"https:\/\/suport.fundesplai.org\/es\/blog-es\/informatico\/presentamos-digitalizaciong-en-el-mobile-world-congress\/#article","isPartOf":{"@id":"https:\/\/suport.fundesplai.org\/es\/blog-es\/informatico\/presentamos-digitalizaciong-en-el-mobile-world-congress\/"},"author":{"name":"spulido","@id":"https:\/\/suport.fundesplai.org\/es\/#\/schema\/person\/fdf6420f515befcbe14be21cbe303807"},"headline":"DigitalizaciONG, el proyecto de Gesti\u00f3n Tercer Sector que llega al Mobile World Congress","datePublished":"2021-07-05T15:30:05+00:00","dateModified":"2021-07-22T12:11:42+00:00","mainEntityOfPage":{"@id":"https:\/\/suport.fundesplai.org\/es\/blog-es\/informatico\/presentamos-digitalizaciong-en-el-mobile-world-congress\/"},"wordCount":951,"publisher":{"@id":"https:\/\/suport.fundesplai.org\/es\/#organization"},"image":{"@id":"https:\/\/suport.fundesplai.org\/es\/blog-es\/informatico\/presentamos-digitalizaciong-en-el-mobile-world-congress\/#primaryimage"},"thumbnailUrl":"https:\/\/suport.fundesplai.org\/wp-content\/uploads\/2021\/07\/digitalizaciong.jpg","articleSection":["Actualidad","Blog","Inform\u00e1tico"],"inLanguage":"es"},{"@type":"WebPage","@id":"https:\/\/suport.fundesplai.org\/es\/blog-es\/informatico\/presentamos-digitalizaciong-en-el-mobile-world-congress\/","url":"https:\/\/suport.fundesplai.org\/es\/blog-es\/informatico\/presentamos-digitalizaciong-en-el-mobile-world-congress\/","name":"DigitalizaciONG, el proyecto de Gesti\u00f3n Tercer Sector que llega al Mobile World Congress","isPartOf":{"@id":"https:\/\/suport.fundesplai.org\/es\/#website"},"primaryImageOfPage":{"@id":"https:\/\/suport.fundesplai.org\/es\/blog-es\/informatico\/presentamos-digitalizaciong-en-el-mobile-world-congress\/#primaryimage"},"image":{"@id":"https:\/\/suport.fundesplai.org\/es\/blog-es\/informatico\/presentamos-digitalizaciong-en-el-mobile-world-congress\/#primaryimage"},"thumbnailUrl":"https:\/\/suport.fundesplai.org\/wp-content\/uploads\/2021\/07\/digitalizaciong.jpg","datePublished":"2021-07-05T15:30:05+00:00","dateModified":"2021-07-22T12:11:42+00:00","description":"Fundesplai y Fundaci\u00f3n Esplai presentamos el proyecto DigitalizaciONG en el Mobile World Congress 2021, en el estand de la Fundaci\u00f3n Mobile World Capital Barcelona.","breadcrumb":{"@id":"https:\/\/suport.fundesplai.org\/es\/blog-es\/informatico\/presentamos-digitalizaciong-en-el-mobile-world-congress\/#breadcrumb"},"inLanguage":"es","potentialAction":[{"@type":"ReadAction","target":["https:\/\/suport.fundesplai.org\/es\/blog-es\/informatico\/presentamos-digitalizaciong-en-el-mobile-world-congress\/"]}]},{"@type":"ImageObject","inLanguage":"es","@id":"https:\/\/suport.fundesplai.org\/es\/blog-es\/informatico\/presentamos-digitalizaciong-en-el-mobile-world-congress\/#primaryimage","url":"https:\/\/suport.fundesplai.org\/wp-content\/uploads\/2021\/07\/digitalizaciong.jpg","contentUrl":"https:\/\/suport.fundesplai.org\/wp-content\/uploads\/2021\/07\/digitalizaciong.jpg","width":1600,"height":901,"caption":"DigitalizaciONG al Mobile World Congress"},{"@type":"BreadcrumbList","@id":"https:\/\/suport.fundesplai.org\/es\/blog-es\/informatico\/presentamos-digitalizaciong-en-el-mobile-world-congress\/#breadcrumb","itemListElement":[{"@type":"ListItem","position":1,"name":"Inici","item":"https:\/\/suport.fundesplai.org\/es\/"},{"@type":"ListItem","position":2,"name":"Blog","item":"https:\/\/suport.fundesplai.org\/es\/blog-es\/"},{"@type":"ListItem","position":3,"name":"Inform\u00e1tico","item":"https:\/\/suport.fundesplai.org\/es\/blog-es\/informatico\/"},{"@type":"ListItem","position":4,"name":"DigitalizaciONG, el proyecto de Gesti\u00f3n Tercer Sector que llega al Mobile World Congress"}]},{"@type":"WebSite","@id":"https:\/\/suport.fundesplai.org\/es\/#website","url":"https:\/\/suport.fundesplai.org\/es\/","name":"Suport Tercer Sector - Fundesplai","description":"Gesti\u00f3n de asociaciones y fundaciones","publisher":{"@id":"https:\/\/suport.fundesplai.org\/es\/#organization"},"potentialAction":[{"@type":"SearchAction","target":{"@type":"EntryPoint","urlTemplate":"https:\/\/suport.fundesplai.org\/es\/?s={search_term_string}"},"query-input":{"@type":"PropertyValueSpecification","valueRequired":true,"valueName":"search_term_string"}}],"inLanguage":"es"},{"@type":"Organization","@id":"https:\/\/suport.fundesplai.org\/es\/#organization","name":"Suport Tercer Sector de Fundesplai per entitats i associacions","url":"https:\/\/suport.fundesplai.org\/es\/","logo":{"@type":"ImageObject","inLanguage":"es","@id":"https:\/\/suport.fundesplai.org\/es\/#\/schema\/logo\/image\/","url":"https:\/\/suport.fundesplai.org\/wp-content\/uploads\/2019\/08\/lgo-suport-tercer-sector-fe-2.png","contentUrl":"https:\/\/suport.fundesplai.org\/wp-content\/uploads\/2019\/08\/lgo-suport-tercer-sector-fe-2.png","width":300,"height":141,"caption":"Suport Tercer Sector de Fundesplai per entitats i associacions"},"image":{"@id":"https:\/\/suport.fundesplai.org\/es\/#\/schema\/logo\/image\/"},"sameAs":["https:\/\/www.facebook.com\/Fundesplai\/","https:\/\/x.com\/suport_org","https:\/\/www.instagram.com\/fundesplai\/","https:\/\/www.linkedin.com\/company\/fundesplai","https:\/\/www.youtube.com\/channel\/UCGaevIfQeecUHeWq1m-WLYw","https:\/\/ca.wikipedia.org\/wiki\/Fundaci\u00f3_Catalana_de_l'Esplai"]},{"@type":"Person","@id":"https:\/\/suport.fundesplai.org\/es\/#\/schema\/person\/fdf6420f515befcbe14be21cbe303807","name":"spulido","image":{"@type":"ImageObject","inLanguage":"es","@id":"https:\/\/secure.gravatar.com\/avatar\/efd3238af867ca2ea7ff51cd3989f365e8f2a9e617574ce9b528f93010322b3d?s=96&d=monsterid&r=g","url":"https:\/\/secure.gravatar.com\/avatar\/efd3238af867ca2ea7ff51cd3989f365e8f2a9e617574ce9b528f93010322b3d?s=96&d=monsterid&r=g","contentUrl":"https:\/\/secure.gravatar.com\/avatar\/efd3238af867ca2ea7ff51cd3989f365e8f2a9e617574ce9b528f93010322b3d?s=96&d=monsterid&r=g","caption":"spulido"},"url":"https:\/\/suport.fundesplai.org\/es\/author\/spulido\/"}]}},"_links":{"self":[{"href":"https:\/\/suport.fundesplai.org\/es\/wp-json\/wp\/v2\/posts\/17890","targetHints":{"allow":["GET"]}}],"collection":[{"href":"https:\/\/suport.fundesplai.org\/es\/wp-json\/wp\/v2\/posts"}],"about":[{"href":"https:\/\/suport.fundesplai.org\/es\/wp-json\/wp\/v2\/types\/post"}],"author":[{"embeddable":true,"href":"https:\/\/suport.fundesplai.org\/es\/wp-json\/wp\/v2\/users\/360"}],"replies":[{"embeddable":true,"href":"https:\/\/suport.fundesplai.org\/es\/wp-json\/wp\/v2\/comments?post=17890"}],"version-history":[{"count":5,"href":"https:\/\/suport.fundesplai.org\/es\/wp-json\/wp\/v2\/posts\/17890\/revisions"}],"predecessor-version":[{"id":17981,"href":"https:\/\/suport.fundesplai.org\/es\/wp-json\/wp\/v2\/posts\/17890\/revisions\/17981"}],"wp:featuredmedia":[{"embeddable":true,"href":"https:\/\/suport.fundesplai.org\/es\/wp-json\/wp\/v2\/media\/17883"}],"wp:attachment":[{"href":"https:\/\/suport.fundesplai.org\/es\/wp-json\/wp\/v2\/media?parent=17890"}],"wp:term":[{"taxonomy":"category","embeddable":true,"href":"https:\/\/suport.fundesplai.org\/es\/wp-json\/wp\/v2\/categories?post=17890"},{"taxonomy":"post_tag","embeddable":true,"href":"https:\/\/suport.fundesplai.org\/es\/wp-json\/wp\/v2\/tags?post=17890"}],"curies":[{"name":"wp","href":"https:\/\/api.w.org\/{rel}","templated":true}]}}