{"id":23034,"date":"2023-10-18T13:31:36","date_gmt":"2023-10-18T11:31:36","guid":{"rendered":"https:\/\/suport.fundesplai.org\/blog-es\/actualidad\/apuntate-al-curso-de-especializacion-en-violencia-machista\/"},"modified":"2024-03-26T11:01:41","modified_gmt":"2024-03-26T10:01:41","slug":"apuntate-al-curso-de-especializacion-en-violencia-machista","status":"publish","type":"post","link":"https:\/\/suport.fundesplai.org\/es\/blog-es\/igualdad-genero-diversidad\/apuntate-al-curso-de-especializacion-en-violencia-machista\/","title":{"rendered":"\u00a1Ap\u00fantate al curso de especializaci\u00f3n en violencia machista!"},"content":{"rendered":"<p>[et_pb_section fb_built=\u00bb1&#8243; _builder_version=\u00bb4.21.0&#8243; _module_preset=\u00bbdefault\u00bb global_colors_info=\u00bb{}\u00bb][et_pb_row _builder_version=\u00bb4.21.0&#8243; _module_preset=\u00bbdefault\u00bb global_colors_info=\u00bb{}\u00bb][et_pb_column type=\u00bb4_4&#8243; _builder_version=\u00bb4.21.0&#8243; _module_preset=\u00bbdefault\u00bb global_colors_info=\u00bb{}\u00bb][et_pb_text _builder_version=\u00bb4.21.0&#8243; _module_preset=\u00bbdefault\u00bb global_colors_info=\u00bb{}\u00bb]<\/p>\n<p>Desde <strong>Suport Tercer Sector<\/strong> te ofrecemos una formaci\u00f3n gratuita de cinco horas para profundizar sobre la<strong> violencia machista<\/strong>. El curso consta de<strong> dos sesiones<\/strong> por <strong>videoconferencia<\/strong>. La primera sesi\u00f3n se llevar\u00e1 a cabo el d\u00eda<strong> 30 de octubre<\/strong> de 9 a 12 h y la segunda sesi\u00f3n el d\u00eda <strong>15 de noviembre<\/strong> de 10 a 12 h.<\/p>\n<p>&nbsp;<\/p>\n<p>[\/et_pb_text][et_pb_button button_url=\u00bbhttps:\/\/docs.google.com\/forms\/d\/e\/1FAIpQLSel_YBzHD0hwotO1ZP5DjngH0E_uuIUt9zMqE6MNu0VXqsvAw\/viewform\u00bb url_new_window=\u00bbon\u00bb button_text=\u00bb\u00a1Ap\u00fantate a la formaci\u00f3n!\u00bb button_alignment=\u00bbcenter\u00bb _builder_version=\u00bb4.21.0&#8243; _module_preset=\u00bbdefault\u00bb global_colors_info=\u00bb{}\u00bb][\/et_pb_button][et_pb_text _builder_version=\u00bb4.21.0&#8243; _module_preset=\u00bbdefault\u00bb global_colors_info=\u00bb{}\u00bb]<\/p>\n<p>&nbsp;<\/p>\n<p>Esta <strong>iniciativa<\/strong> est\u00e1 <strong>subvencionada<\/strong> por el <a href=\"https:\/\/www.igualdad.gob.es\/\" target=\"_blank\" rel=\"noopener\">Ministerio de Igualdad<\/a>. A continuaci\u00f3n, pod\u00e9is ver el programa del de la formaci\u00f3n:<\/p>\n<p><strong>Primera sesi\u00f3n (3 horas):<\/strong><\/p>\n<ul>\n<li><strong>Sensibilizaci\u00f3n<\/strong> (estad\u00edsticas y noticias de actualidad).<\/li>\n<li><strong>Marco normativo<\/strong> aut\u00f3nomo y estatal.<\/li>\n<li>Tipolog\u00edas y definiciones de las <strong>diferentes violencias machistas<\/strong>.<\/li>\n<li>\u00c1mbitos de las violencias.<\/li>\n<li>El <strong>sem\u00e1foro<\/strong> de la <strong>igualdad<\/strong>.<\/li>\n<\/ul>\n<p><strong>Segunda sesi\u00f3n (2 horas):<\/strong><\/p>\n<ul>\n<li>Prevenci\u00f3n y abordaje de <strong>las violencias machistas<\/strong> desde la entidad.<\/li>\n<li><strong>Protocolo Violencia Cero<\/strong>. Actuaciones y recursos internos y externos.<\/li>\n<li>Servicios de informaci\u00f3n, atenci\u00f3n y asistencia a<strong> supervivientes de violencia machista<\/strong>.<\/li>\n<\/ul>\n<p>[\/et_pb_text][et_pb_button button_url=\u00bbhttps:\/\/docs.google.com\/forms\/d\/e\/1FAIpQLSel_YBzHD0hwotO1ZP5DjngH0E_uuIUt9zMqE6MNu0VXqsvAw\/viewform\u00bb url_new_window=\u00bbon\u00bb button_text=\u00bb\u00a1Ap\u00fantate!\u00bb button_alignment=\u00bbcenter\u00bb _builder_version=\u00bb4.21.0&#8243; _module_preset=\u00bbdefault\u00bb global_colors_info=\u00bb{}\u00bb][\/et_pb_button][\/et_pb_column][\/et_pb_row][et_pb_row _builder_version=\u00bb4.21.0&#8243; _module_preset=\u00bbdefault\u00bb][et_pb_column _builder_version=\u00bb4.21.0&#8243; _module_preset=\u00bbdefault\u00bb type=\u00bb4_4&#8243;][et_pb_text _builder_version=\u00bb4.21.0&#8243; _module_preset=\u00bbdefault\u00bb hover_enabled=\u00bb0&#8243; sticky_enabled=\u00bb0&#8243;]<\/p>\n<p>Colabora:<\/p>\n<p><img loading=\"lazy\" decoding=\"async\" class=\"wp-image-26078  alignleft\" src=\"https:\/\/suport.fundesplai.org\/wp-content\/uploads\/2023\/10\/logo-min-igualdad.jpg\" alt=\"\" width=\"320\" height=\"62\" \/><\/p>\n<p>[\/et_pb_text][\/et_pb_column][\/et_pb_row][\/et_pb_section]<\/p>\n","protected":false},"excerpt":{"rendered":"<p>Desde Suport Tercer Sector te ofrecemos una formaci\u00f3n gratuita de cinco horas para profundizar sobre la violencia machista. El curso consta de dos sesiones por videoconferencia. La primera sesi\u00f3n se llevar\u00e1 a cabo el d\u00eda 30 de octubre de 9 a 12 h y la segunda sesi\u00f3n el d\u00eda 15 de noviembre de 10 a 12 h.<\/p>\n","protected":false},"author":377,"featured_media":23029,"comment_status":"closed","ping_status":"closed","sticky":false,"template":"","format":"standard","meta":{"_et_pb_use_builder":"on","_et_pb_old_content":"","_et_gb_content_width":"","footnotes":""},"categories":[1,341,598,599,891],"tags":[],"class_list":["post-23034","post","type-post","status-publish","format-standard","has-post-thumbnail","hentry","category-actualidad","category-blog-es","category-formacion","category-igualdad","category-igualdad-genero-diversidad"],"yoast_head":"<!-- This site is optimized with the Yoast SEO plugin v27.4 - https:\/\/yoast.com\/product\/yoast-seo-wordpress\/ -->\n<title>\u00a1Ap\u00fantate al curso de especializaci\u00f3n en violencia machista! - Suport Tercer Sector - Fundesplai<\/title>\n<meta name=\"description\" content=\"Desde Suport Tercer Sector te ofrecemos una formaci\u00f3n gratuita de cinco horas para profundizar sobre la violencia machista.\" \/>\n<meta name=\"robots\" content=\"index, follow, max-snippet:-1, max-image-preview:large, max-video-preview:-1\" \/>\n<link rel=\"canonical\" href=\"https:\/\/suport.fundesplai.org\/es\/blog-es\/igualdad-genero-diversidad\/apuntate-al-curso-de-especializacion-en-violencia-machista\/\" \/>\n<meta property=\"og:locale\" content=\"es_ES\" \/>\n<meta property=\"og:type\" content=\"article\" \/>\n<meta property=\"og:title\" content=\"\u00a1Ap\u00fantate al curso de especializaci\u00f3n en violencia machista! - Suport Tercer Sector - Fundesplai\" \/>\n<meta property=\"og:description\" content=\"Desde Suport Tercer Sector te ofrecemos una formaci\u00f3n gratuita de cinco horas para profundizar sobre la violencia machista.\" \/>\n<meta property=\"og:url\" content=\"https:\/\/suport.fundesplai.org\/es\/blog-es\/igualdad-genero-diversidad\/apuntate-al-curso-de-especializacion-en-violencia-machista\/\" \/>\n<meta property=\"og:site_name\" content=\"Suport Tercer Sector - Fundesplai\" \/>\n<meta property=\"article:publisher\" content=\"https:\/\/www.facebook.com\/Fundesplai\/\" \/>\n<meta property=\"article:published_time\" content=\"2023-10-18T11:31:36+00:00\" \/>\n<meta property=\"article:modified_time\" content=\"2024-03-26T10:01:41+00:00\" \/>\n<meta property=\"og:image\" content=\"https:\/\/suport.fundesplai.org\/wp-content\/uploads\/2023\/10\/Fotos-blog-Suport-8-1200x572.png\" \/>\n\t<meta property=\"og:image:width\" content=\"1200\" \/>\n\t<meta property=\"og:image:height\" content=\"572\" \/>\n\t<meta property=\"og:image:type\" content=\"image\/png\" \/>\n<meta name=\"author\" content=\"Maria Eugenia Ifer Puntigliano\" \/>\n<meta name=\"twitter:card\" content=\"summary_large_image\" \/>\n<meta name=\"twitter:creator\" content=\"@suport_org\" \/>\n<meta name=\"twitter:site\" content=\"@suport_org\" \/>\n<meta name=\"twitter:label1\" content=\"Escrito por\" \/>\n\t<meta name=\"twitter:data1\" content=\"Maria Eugenia Ifer Puntigliano\" \/>\n\t<meta name=\"twitter:label2\" content=\"Tiempo de lectura\" \/>\n\t<meta name=\"twitter:data2\" content=\"2 minutos\" \/>\n<script type=\"application\/ld+json\" class=\"yoast-schema-graph\">{\"@context\":\"https:\\\/\\\/schema.org\",\"@graph\":[{\"@type\":\"Article\",\"@id\":\"https:\\\/\\\/suport.fundesplai.org\\\/es\\\/blog-es\\\/igualdad-genero-diversidad\\\/apuntate-al-curso-de-especializacion-en-violencia-machista\\\/#article\",\"isPartOf\":{\"@id\":\"https:\\\/\\\/suport.fundesplai.org\\\/es\\\/blog-es\\\/igualdad-genero-diversidad\\\/apuntate-al-curso-de-especializacion-en-violencia-machista\\\/\"},\"author\":{\"name\":\"Maria Eugenia Ifer Puntigliano\",\"@id\":\"https:\\\/\\\/suport.fundesplai.org\\\/es\\\/#\\\/schema\\\/person\\\/d67e880480b45b41df0ab5d2c3670fba\"},\"headline\":\"\u00a1Ap\u00fantate al curso de especializaci\u00f3n en violencia machista!\",\"datePublished\":\"2023-10-18T11:31:36+00:00\",\"dateModified\":\"2024-03-26T10:01:41+00:00\",\"mainEntityOfPage\":{\"@id\":\"https:\\\/\\\/suport.fundesplai.org\\\/es\\\/blog-es\\\/igualdad-genero-diversidad\\\/apuntate-al-curso-de-especializacion-en-violencia-machista\\\/\"},\"wordCount\":370,\"publisher\":{\"@id\":\"https:\\\/\\\/suport.fundesplai.org\\\/es\\\/#organization\"},\"image\":{\"@id\":\"https:\\\/\\\/suport.fundesplai.org\\\/es\\\/blog-es\\\/igualdad-genero-diversidad\\\/apuntate-al-curso-de-especializacion-en-violencia-machista\\\/#primaryimage\"},\"thumbnailUrl\":\"https:\\\/\\\/suport.fundesplai.org\\\/wp-content\\\/uploads\\\/2023\\\/10\\\/Fotos-blog-Suport-8.png\",\"articleSection\":[\"Actualidad\",\"Blog\",\"Formaci\u00f3n\",\"Igualdad\",\"Igualdad de g\u00e9nero y diversidad\"],\"inLanguage\":\"es\"},{\"@type\":\"WebPage\",\"@id\":\"https:\\\/\\\/suport.fundesplai.org\\\/es\\\/blog-es\\\/igualdad-genero-diversidad\\\/apuntate-al-curso-de-especializacion-en-violencia-machista\\\/\",\"url\":\"https:\\\/\\\/suport.fundesplai.org\\\/es\\\/blog-es\\\/igualdad-genero-diversidad\\\/apuntate-al-curso-de-especializacion-en-violencia-machista\\\/\",\"name\":\"\u00a1Ap\u00fantate al curso de especializaci\u00f3n en violencia machista! - Suport Tercer Sector - Fundesplai\",\"isPartOf\":{\"@id\":\"https:\\\/\\\/suport.fundesplai.org\\\/es\\\/#website\"},\"primaryImageOfPage\":{\"@id\":\"https:\\\/\\\/suport.fundesplai.org\\\/es\\\/blog-es\\\/igualdad-genero-diversidad\\\/apuntate-al-curso-de-especializacion-en-violencia-machista\\\/#primaryimage\"},\"image\":{\"@id\":\"https:\\\/\\\/suport.fundesplai.org\\\/es\\\/blog-es\\\/igualdad-genero-diversidad\\\/apuntate-al-curso-de-especializacion-en-violencia-machista\\\/#primaryimage\"},\"thumbnailUrl\":\"https:\\\/\\\/suport.fundesplai.org\\\/wp-content\\\/uploads\\\/2023\\\/10\\\/Fotos-blog-Suport-8.png\",\"datePublished\":\"2023-10-18T11:31:36+00:00\",\"dateModified\":\"2024-03-26T10:01:41+00:00\",\"description\":\"Desde Suport Tercer Sector te ofrecemos una formaci\u00f3n gratuita de cinco horas para profundizar sobre la violencia machista.\",\"breadcrumb\":{\"@id\":\"https:\\\/\\\/suport.fundesplai.org\\\/es\\\/blog-es\\\/igualdad-genero-diversidad\\\/apuntate-al-curso-de-especializacion-en-violencia-machista\\\/#breadcrumb\"},\"inLanguage\":\"es\",\"potentialAction\":[{\"@type\":\"ReadAction\",\"target\":[\"https:\\\/\\\/suport.fundesplai.org\\\/es\\\/blog-es\\\/igualdad-genero-diversidad\\\/apuntate-al-curso-de-especializacion-en-violencia-machista\\\/\"]}]},{\"@type\":\"ImageObject\",\"inLanguage\":\"es\",\"@id\":\"https:\\\/\\\/suport.fundesplai.org\\\/es\\\/blog-es\\\/igualdad-genero-diversidad\\\/apuntate-al-curso-de-especializacion-en-violencia-machista\\\/#primaryimage\",\"url\":\"https:\\\/\\\/suport.fundesplai.org\\\/wp-content\\\/uploads\\\/2023\\\/10\\\/Fotos-blog-Suport-8.png\",\"contentUrl\":\"https:\\\/\\\/suport.fundesplai.org\\\/wp-content\\\/uploads\\\/2023\\\/10\\\/Fotos-blog-Suport-8.png\",\"width\":1888,\"height\":900},{\"@type\":\"BreadcrumbList\",\"@id\":\"https:\\\/\\\/suport.fundesplai.org\\\/es\\\/blog-es\\\/igualdad-genero-diversidad\\\/apuntate-al-curso-de-especializacion-en-violencia-machista\\\/#breadcrumb\",\"itemListElement\":[{\"@type\":\"ListItem\",\"position\":1,\"name\":\"Inici\",\"item\":\"https:\\\/\\\/suport.fundesplai.org\\\/es\\\/\"},{\"@type\":\"ListItem\",\"position\":2,\"name\":\"Blog\",\"item\":\"https:\\\/\\\/suport.fundesplai.org\\\/es\\\/blog-es\\\/\"},{\"@type\":\"ListItem\",\"position\":3,\"name\":\"Igualdad de g\u00e9nero y diversidad\",\"item\":\"https:\\\/\\\/suport.fundesplai.org\\\/es\\\/blog-es\\\/igualdad-genero-diversidad\\\/\"},{\"@type\":\"ListItem\",\"position\":4,\"name\":\"\u00a1Ap\u00fantate al curso de especializaci\u00f3n en violencia machista!\"}]},{\"@type\":\"WebSite\",\"@id\":\"https:\\\/\\\/suport.fundesplai.org\\\/es\\\/#website\",\"url\":\"https:\\\/\\\/suport.fundesplai.org\\\/es\\\/\",\"name\":\"Suport Tercer Sector - Fundesplai\",\"description\":\"Gesti\u00f3n de asociaciones y fundaciones\",\"publisher\":{\"@id\":\"https:\\\/\\\/suport.fundesplai.org\\\/es\\\/#organization\"},\"potentialAction\":[{\"@type\":\"SearchAction\",\"target\":{\"@type\":\"EntryPoint\",\"urlTemplate\":\"https:\\\/\\\/suport.fundesplai.org\\\/es\\\/?s={search_term_string}\"},\"query-input\":{\"@type\":\"PropertyValueSpecification\",\"valueRequired\":true,\"valueName\":\"search_term_string\"}}],\"inLanguage\":\"es\"},{\"@type\":\"Organization\",\"@id\":\"https:\\\/\\\/suport.fundesplai.org\\\/es\\\/#organization\",\"name\":\"Suport Tercer Sector de Fundesplai per entitats i associacions\",\"url\":\"https:\\\/\\\/suport.fundesplai.org\\\/es\\\/\",\"logo\":{\"@type\":\"ImageObject\",\"inLanguage\":\"es\",\"@id\":\"https:\\\/\\\/suport.fundesplai.org\\\/es\\\/#\\\/schema\\\/logo\\\/image\\\/\",\"url\":\"https:\\\/\\\/suport.fundesplai.org\\\/wp-content\\\/uploads\\\/2019\\\/08\\\/lgo-suport-tercer-sector-fe-2.png\",\"contentUrl\":\"https:\\\/\\\/suport.fundesplai.org\\\/wp-content\\\/uploads\\\/2019\\\/08\\\/lgo-suport-tercer-sector-fe-2.png\",\"width\":300,\"height\":141,\"caption\":\"Suport Tercer Sector de Fundesplai per entitats i associacions\"},\"image\":{\"@id\":\"https:\\\/\\\/suport.fundesplai.org\\\/es\\\/#\\\/schema\\\/logo\\\/image\\\/\"},\"sameAs\":[\"https:\\\/\\\/www.facebook.com\\\/Fundesplai\\\/\",\"https:\\\/\\\/x.com\\\/suport_org\",\"https:\\\/\\\/www.instagram.com\\\/fundesplai\\\/\",\"https:\\\/\\\/www.linkedin.com\\\/company\\\/fundesplai\",\"https:\\\/\\\/www.youtube.com\\\/channel\\\/UCGaevIfQeecUHeWq1m-WLYw\",\"https:\\\/\\\/ca.wikipedia.org\\\/wiki\\\/Fundaci\u00f3_Catalana_de_l'Esplai\"]},{\"@type\":\"Person\",\"@id\":\"https:\\\/\\\/suport.fundesplai.org\\\/es\\\/#\\\/schema\\\/person\\\/d67e880480b45b41df0ab5d2c3670fba\",\"name\":\"Maria Eugenia Ifer Puntigliano\",\"image\":{\"@type\":\"ImageObject\",\"inLanguage\":\"es\",\"@id\":\"https:\\\/\\\/secure.gravatar.com\\\/avatar\\\/d6f452030d1e5d988a270d205fbc06489eac700fb463d9abd26f76d07f8fa0d8?s=96&d=monsterid&r=g\",\"url\":\"https:\\\/\\\/secure.gravatar.com\\\/avatar\\\/d6f452030d1e5d988a270d205fbc06489eac700fb463d9abd26f76d07f8fa0d8?s=96&d=monsterid&r=g\",\"contentUrl\":\"https:\\\/\\\/secure.gravatar.com\\\/avatar\\\/d6f452030d1e5d988a270d205fbc06489eac700fb463d9abd26f76d07f8fa0d8?s=96&d=monsterid&r=g\",\"caption\":\"Maria Eugenia Ifer Puntigliano\"},\"url\":\"https:\\\/\\\/suport.fundesplai.org\\\/es\\\/author\\\/meifer\\\/\"}]}<\/script>\n<!-- \/ Yoast SEO plugin. -->","yoast_head_json":{"title":"\u00a1Ap\u00fantate al curso de especializaci\u00f3n en violencia machista! - Suport Tercer Sector - Fundesplai","description":"Desde Suport Tercer Sector te ofrecemos una formaci\u00f3n gratuita de cinco horas para profundizar sobre la violencia machista.","robots":{"index":"index","follow":"follow","max-snippet":"max-snippet:-1","max-image-preview":"max-image-preview:large","max-video-preview":"max-video-preview:-1"},"canonical":"https:\/\/suport.fundesplai.org\/es\/blog-es\/igualdad-genero-diversidad\/apuntate-al-curso-de-especializacion-en-violencia-machista\/","og_locale":"es_ES","og_type":"article","og_title":"\u00a1Ap\u00fantate al curso de especializaci\u00f3n en violencia machista! - Suport Tercer Sector - Fundesplai","og_description":"Desde Suport Tercer Sector te ofrecemos una formaci\u00f3n gratuita de cinco horas para profundizar sobre la violencia machista.","og_url":"https:\/\/suport.fundesplai.org\/es\/blog-es\/igualdad-genero-diversidad\/apuntate-al-curso-de-especializacion-en-violencia-machista\/","og_site_name":"Suport Tercer Sector - Fundesplai","article_publisher":"https:\/\/www.facebook.com\/Fundesplai\/","article_published_time":"2023-10-18T11:31:36+00:00","article_modified_time":"2024-03-26T10:01:41+00:00","og_image":[{"width":1200,"height":572,"url":"https:\/\/suport.fundesplai.org\/wp-content\/uploads\/2023\/10\/Fotos-blog-Suport-8-1200x572.png","type":"image\/png"}],"author":"Maria Eugenia Ifer Puntigliano","twitter_card":"summary_large_image","twitter_creator":"@suport_org","twitter_site":"@suport_org","twitter_misc":{"Escrito por":"Maria Eugenia Ifer Puntigliano","Tiempo de lectura":"2 minutos"},"schema":{"@context":"https:\/\/schema.org","@graph":[{"@type":"Article","@id":"https:\/\/suport.fundesplai.org\/es\/blog-es\/igualdad-genero-diversidad\/apuntate-al-curso-de-especializacion-en-violencia-machista\/#article","isPartOf":{"@id":"https:\/\/suport.fundesplai.org\/es\/blog-es\/igualdad-genero-diversidad\/apuntate-al-curso-de-especializacion-en-violencia-machista\/"},"author":{"name":"Maria Eugenia Ifer Puntigliano","@id":"https:\/\/suport.fundesplai.org\/es\/#\/schema\/person\/d67e880480b45b41df0ab5d2c3670fba"},"headline":"\u00a1Ap\u00fantate al curso de especializaci\u00f3n en violencia machista!","datePublished":"2023-10-18T11:31:36+00:00","dateModified":"2024-03-26T10:01:41+00:00","mainEntityOfPage":{"@id":"https:\/\/suport.fundesplai.org\/es\/blog-es\/igualdad-genero-diversidad\/apuntate-al-curso-de-especializacion-en-violencia-machista\/"},"wordCount":370,"publisher":{"@id":"https:\/\/suport.fundesplai.org\/es\/#organization"},"image":{"@id":"https:\/\/suport.fundesplai.org\/es\/blog-es\/igualdad-genero-diversidad\/apuntate-al-curso-de-especializacion-en-violencia-machista\/#primaryimage"},"thumbnailUrl":"https:\/\/suport.fundesplai.org\/wp-content\/uploads\/2023\/10\/Fotos-blog-Suport-8.png","articleSection":["Actualidad","Blog","Formaci\u00f3n","Igualdad","Igualdad de g\u00e9nero y diversidad"],"inLanguage":"es"},{"@type":"WebPage","@id":"https:\/\/suport.fundesplai.org\/es\/blog-es\/igualdad-genero-diversidad\/apuntate-al-curso-de-especializacion-en-violencia-machista\/","url":"https:\/\/suport.fundesplai.org\/es\/blog-es\/igualdad-genero-diversidad\/apuntate-al-curso-de-especializacion-en-violencia-machista\/","name":"\u00a1Ap\u00fantate al curso de especializaci\u00f3n en violencia machista! - Suport Tercer Sector - Fundesplai","isPartOf":{"@id":"https:\/\/suport.fundesplai.org\/es\/#website"},"primaryImageOfPage":{"@id":"https:\/\/suport.fundesplai.org\/es\/blog-es\/igualdad-genero-diversidad\/apuntate-al-curso-de-especializacion-en-violencia-machista\/#primaryimage"},"image":{"@id":"https:\/\/suport.fundesplai.org\/es\/blog-es\/igualdad-genero-diversidad\/apuntate-al-curso-de-especializacion-en-violencia-machista\/#primaryimage"},"thumbnailUrl":"https:\/\/suport.fundesplai.org\/wp-content\/uploads\/2023\/10\/Fotos-blog-Suport-8.png","datePublished":"2023-10-18T11:31:36+00:00","dateModified":"2024-03-26T10:01:41+00:00","description":"Desde Suport Tercer Sector te ofrecemos una formaci\u00f3n gratuita de cinco horas para profundizar sobre la violencia machista.","breadcrumb":{"@id":"https:\/\/suport.fundesplai.org\/es\/blog-es\/igualdad-genero-diversidad\/apuntate-al-curso-de-especializacion-en-violencia-machista\/#breadcrumb"},"inLanguage":"es","potentialAction":[{"@type":"ReadAction","target":["https:\/\/suport.fundesplai.org\/es\/blog-es\/igualdad-genero-diversidad\/apuntate-al-curso-de-especializacion-en-violencia-machista\/"]}]},{"@type":"ImageObject","inLanguage":"es","@id":"https:\/\/suport.fundesplai.org\/es\/blog-es\/igualdad-genero-diversidad\/apuntate-al-curso-de-especializacion-en-violencia-machista\/#primaryimage","url":"https:\/\/suport.fundesplai.org\/wp-content\/uploads\/2023\/10\/Fotos-blog-Suport-8.png","contentUrl":"https:\/\/suport.fundesplai.org\/wp-content\/uploads\/2023\/10\/Fotos-blog-Suport-8.png","width":1888,"height":900},{"@type":"BreadcrumbList","@id":"https:\/\/suport.fundesplai.org\/es\/blog-es\/igualdad-genero-diversidad\/apuntate-al-curso-de-especializacion-en-violencia-machista\/#breadcrumb","itemListElement":[{"@type":"ListItem","position":1,"name":"Inici","item":"https:\/\/suport.fundesplai.org\/es\/"},{"@type":"ListItem","position":2,"name":"Blog","item":"https:\/\/suport.fundesplai.org\/es\/blog-es\/"},{"@type":"ListItem","position":3,"name":"Igualdad de g\u00e9nero y diversidad","item":"https:\/\/suport.fundesplai.org\/es\/blog-es\/igualdad-genero-diversidad\/"},{"@type":"ListItem","position":4,"name":"\u00a1Ap\u00fantate al curso de especializaci\u00f3n en violencia machista!"}]},{"@type":"WebSite","@id":"https:\/\/suport.fundesplai.org\/es\/#website","url":"https:\/\/suport.fundesplai.org\/es\/","name":"Suport Tercer Sector - Fundesplai","description":"Gesti\u00f3n de asociaciones y fundaciones","publisher":{"@id":"https:\/\/suport.fundesplai.org\/es\/#organization"},"potentialAction":[{"@type":"SearchAction","target":{"@type":"EntryPoint","urlTemplate":"https:\/\/suport.fundesplai.org\/es\/?s={search_term_string}"},"query-input":{"@type":"PropertyValueSpecification","valueRequired":true,"valueName":"search_term_string"}}],"inLanguage":"es"},{"@type":"Organization","@id":"https:\/\/suport.fundesplai.org\/es\/#organization","name":"Suport Tercer Sector de Fundesplai per entitats i associacions","url":"https:\/\/suport.fundesplai.org\/es\/","logo":{"@type":"ImageObject","inLanguage":"es","@id":"https:\/\/suport.fundesplai.org\/es\/#\/schema\/logo\/image\/","url":"https:\/\/suport.fundesplai.org\/wp-content\/uploads\/2019\/08\/lgo-suport-tercer-sector-fe-2.png","contentUrl":"https:\/\/suport.fundesplai.org\/wp-content\/uploads\/2019\/08\/lgo-suport-tercer-sector-fe-2.png","width":300,"height":141,"caption":"Suport Tercer Sector de Fundesplai per entitats i associacions"},"image":{"@id":"https:\/\/suport.fundesplai.org\/es\/#\/schema\/logo\/image\/"},"sameAs":["https:\/\/www.facebook.com\/Fundesplai\/","https:\/\/x.com\/suport_org","https:\/\/www.instagram.com\/fundesplai\/","https:\/\/www.linkedin.com\/company\/fundesplai","https:\/\/www.youtube.com\/channel\/UCGaevIfQeecUHeWq1m-WLYw","https:\/\/ca.wikipedia.org\/wiki\/Fundaci\u00f3_Catalana_de_l'Esplai"]},{"@type":"Person","@id":"https:\/\/suport.fundesplai.org\/es\/#\/schema\/person\/d67e880480b45b41df0ab5d2c3670fba","name":"Maria Eugenia Ifer Puntigliano","image":{"@type":"ImageObject","inLanguage":"es","@id":"https:\/\/secure.gravatar.com\/avatar\/d6f452030d1e5d988a270d205fbc06489eac700fb463d9abd26f76d07f8fa0d8?s=96&d=monsterid&r=g","url":"https:\/\/secure.gravatar.com\/avatar\/d6f452030d1e5d988a270d205fbc06489eac700fb463d9abd26f76d07f8fa0d8?s=96&d=monsterid&r=g","contentUrl":"https:\/\/secure.gravatar.com\/avatar\/d6f452030d1e5d988a270d205fbc06489eac700fb463d9abd26f76d07f8fa0d8?s=96&d=monsterid&r=g","caption":"Maria Eugenia Ifer Puntigliano"},"url":"https:\/\/suport.fundesplai.org\/es\/author\/meifer\/"}]}},"_links":{"self":[{"href":"https:\/\/suport.fundesplai.org\/es\/wp-json\/wp\/v2\/posts\/23034","targetHints":{"allow":["GET"]}}],"collection":[{"href":"https:\/\/suport.fundesplai.org\/es\/wp-json\/wp\/v2\/posts"}],"about":[{"href":"https:\/\/suport.fundesplai.org\/es\/wp-json\/wp\/v2\/types\/post"}],"author":[{"embeddable":true,"href":"https:\/\/suport.fundesplai.org\/es\/wp-json\/wp\/v2\/users\/377"}],"replies":[{"embeddable":true,"href":"https:\/\/suport.fundesplai.org\/es\/wp-json\/wp\/v2\/comments?post=23034"}],"version-history":[{"count":5,"href":"https:\/\/suport.fundesplai.org\/es\/wp-json\/wp\/v2\/posts\/23034\/revisions"}],"predecessor-version":[{"id":26080,"href":"https:\/\/suport.fundesplai.org\/es\/wp-json\/wp\/v2\/posts\/23034\/revisions\/26080"}],"wp:featuredmedia":[{"embeddable":true,"href":"https:\/\/suport.fundesplai.org\/es\/wp-json\/wp\/v2\/media\/23029"}],"wp:attachment":[{"href":"https:\/\/suport.fundesplai.org\/es\/wp-json\/wp\/v2\/media?parent=23034"}],"wp:term":[{"taxonomy":"category","embeddable":true,"href":"https:\/\/suport.fundesplai.org\/es\/wp-json\/wp\/v2\/categories?post=23034"},{"taxonomy":"post_tag","embeddable":true,"href":"https:\/\/suport.fundesplai.org\/es\/wp-json\/wp\/v2\/tags?post=23034"}],"curies":[{"name":"wp","href":"https:\/\/api.w.org\/{rel}","templated":true}]}}