{"id":26963,"date":"2024-05-16T14:02:18","date_gmt":"2024-05-16T12:02:18","guid":{"rendered":"https:\/\/suport.fundesplai.org\/blog-es\/actualidad\/cuales-son-las-obligaciones-normativas-en-materia-de-igualdad-de-genero-que-debes-tener-presente\/"},"modified":"2024-05-16T14:02:26","modified_gmt":"2024-05-16T12:02:26","slug":"cuales-son-las-obligaciones-normativas-en-materia-de-igualdad-de-genero-que-debes-tener-presente","status":"publish","type":"post","link":"https:\/\/suport.fundesplai.org\/es\/blog-es\/igualdad-genero-diversidad\/cuales-son-las-obligaciones-normativas-en-materia-de-igualdad-de-genero-que-debes-tener-presente\/","title":{"rendered":"\u00bfCu\u00e1les son las obligaciones normativas en materia de igualdad de g\u00e9nero que debes tener presente?"},"content":{"rendered":"<p>[et_pb_section fb_built=\u00bb1&#8243; _builder_version=\u00bb4.16&#8243; global_colors_info=\u00bb{}\u00bb][et_pb_row _builder_version=\u00bb4.16&#8243; background_size=\u00bbinitial\u00bb background_position=\u00bbtop_left\u00bb background_repeat=\u00bbrepeat\u00bb global_colors_info=\u00bb{}\u00bb][et_pb_column type=\u00bb4_4&#8243; _builder_version=\u00bb4.16&#8243; custom_padding=\u00bb|||\u00bb global_colors_info=\u00bb{}\u00bb custom_padding__hover=\u00bb|||\u00bb][et_pb_text _builder_version=\u00bb4.24.3&#8243; _module_preset=\u00bbdefault\u00bb custom_margin=\u00bb30px||||false|false\u00bb hover_enabled=\u00bb0&#8243; global_colors_info=\u00bb{}\u00bb sticky_enabled=\u00bb0&#8243;]<\/p>\n<p>La <strong>igualdad de g\u00e9nero<\/strong>, que en el siglo XXI ya camina con firmeza, es uno de los elementos que distinguen a las entidades de calidad. Por tanto, <strong>la igualdad efectiva<\/strong> entre mujeres y hombres en las organizaciones debe ser uno de los <strong>objetivos primordiales<\/strong> de cualquier <strong>proyecto<\/strong>. Adem\u00e1s, debe integrarse dentro de la <strong>cultura de las entidades<\/strong>, estableci\u00e9ndose de esta manera una nueva clase de relaci\u00f3n con las personas con las que se comparten objetivos.<\/p>\n<p>En este contenido te explicaremos las <strong>principales obligaciones<\/strong> que debes tener presente en materia de <a href=\"https:\/\/www.boe.es\/buscar\/act.php?lang=ca&amp;id=BOE-A-2020-12215&amp;tn=1&amp;p=\" target=\"_blank\" rel=\"noopener\">igualdad<\/a> y <a href=\"https:\/\/www.boe.es\/buscar\/act.php?id=BOE-A-2023-5366\" target=\"_blank\" rel=\"noopener\">diversidad<\/a>. Si tienes dudas o quieres m\u00e1s informaci\u00f3n visita la <a href=\"https:\/\/suport.fundesplai.org\/es\/servicios\/oficina-tecnica-para-la-equidad-de-genero-y-la-diversidad-sexual\/\" target=\"_blank\" rel=\"noopener\">Oficina t\u00e9cnica para la equidad de g\u00e9nero y la diversidad sexual en las entidades del tercer sector<\/a>, con el apoyo del <a href=\"https:\/\/igualtat.gencat.cat\/ca\/inici\" target=\"_blank\" rel=\"noopener\"><span class=\"NormalTextRun SCXW5107460 BCX9\">D<\/span><span class=\"NormalTextRun SCXW5107460 BCX9\">epartament d\u2019<\/span><span class=\"NormalTextRun SCXW5107460 BCX9\">I<\/span><span class=\"NormalTextRun SCXW5107460 BCX9\">gualtat i\u00a0<\/span><span class=\"NormalTextRun SCXW5107460 BCX9\">F<\/span><span class=\"NormalTextRun SCXW5107460 BCX9\">eminismes<\/span><span class=\"NormalTextRun SCXW5107460 BCX9\">\u00a0de la\u00a0<\/span><span class=\"NormalTextRun SCXW5107460 BCX9\">G<\/span><span class=\"NormalTextRun SCXW5107460 BCX9\">eneralitat de Catalunya<\/span><\/a><span class=\"NormalTextRun SCXW5107460 BCX9\">.<\/span>\u00a0Un <strong>servicio gratuito<\/strong> que pretende ayudarte para que tu organizaci\u00f3n sea m\u00e1s <strong>igualitaria<\/strong> y <strong>diversa<\/strong>.<\/p>\n<p>[\/et_pb_text][et_pb_button button_url=\u00bbhttps:\/\/suport.fundesplai.org\/es\/servicios\/oficina-tecnica-para-la-equidad-de-genero-y-la-diversidad-sexual\/\u00bb url_new_window=\u00bbon\u00bb button_text=\u00bbDescubre la Oficina t\u00e9cnica de equidad de g\u00e9nero y diversidad sexual\u00bb button_alignment=\u00bbcenter\u00bb _builder_version=\u00bb4.24.3&#8243; _module_preset=\u00bbdefault\u00bb custom_margin=\u00bb30px||||false|false\u00bb global_colors_info=\u00bb{}\u00bb][\/et_pb_button][et_pb_text _builder_version=\u00bb4.24.3&#8243; background_size=\u00bbinitial\u00bb background_position=\u00bbtop_left\u00bb background_repeat=\u00bbrepeat\u00bb custom_margin=\u00bb30px||||false|false\u00bb hover_enabled=\u00bb0&#8243; global_colors_info=\u00bb{}\u00bb sticky_enabled=\u00bb0&#8243;]<\/p>\n<h3>Obligaciones para todas las entidades<\/h3>\n<p>Toda organizaci\u00f3n que disponga de personal contratado debe disponer de un <a href=\"https:\/\/suport.fundesplai.org\/es\/blog-es\/actualidad\/tot-el-que-ha-dincloure-un-protocol-contra-lassetjament-sexual\/\" target=\"_blank\" rel=\"noopener\">Protocolo contra el Acoso Sexual y\/o por Raz\u00f3n de Sexo<\/a>. El documento debe incluir <strong>pol\u00edticas preventivas<\/strong> del acoso, un <strong>procedimiento de actuaci\u00f3n<\/strong> definido y debe estar al alcance de toda persona vinculada con la entidad.<\/p>\n<p>Anualmente, todas las organizaciones con personal contratado deben disponer del <a href=\"https:\/\/suport.fundesplai.org\/es\/blog-es\/actualidad\/diferencia-entre-el-registro-retributivo-y-la-auditoria-salarial\/\" target=\"_blank\" rel=\"noopener\">registro retributivo<\/a>. Se trata de un informe que determina el <strong>an\u00e1lisis<\/strong> de toda la plantilla durante un a\u00f1o natural y el <strong>salario real percibido<\/strong>.<\/p>\n<h3>Obligaciones para entidades con m\u00e1s de 50 personas trabajadoras<\/h3>\n<p>La normativa en materia de igualdad establece como obligaci\u00f3n la implementaci\u00f3n de un <a href=\"https:\/\/suport.fundesplai.org\/es\/blog-es\/actualidad\/registrar-plan-igualdad\/\" target=\"_blank\" rel=\"noopener\">plan de igualdad<\/a> para organizaciones de <strong>m\u00e1s de 50 personas trabajadoras<\/strong> en c\u00f3mputo anual. Se tendr\u00e1 en cuenta la plantilla total de la entidad, incluidas las personas de la plantilla, las personas con contrato fijo discontinuo, de duraci\u00f3n determinada y de puesta a disposici\u00f3n.<\/p>\n<p>La <strong>confecci\u00f3n de los planes de igualdad<\/strong> comporta la realizaci\u00f3n de una <strong>auditor\u00eda salarial<\/strong> de las organizaciones. Es necesario incorporar la valoraci\u00f3n objetiva de los puestos de trabajo, calculando la <strong>brecha salarial<\/strong> total, teniendo en cuenta los puestos de trabajo de igual valor, realizar an\u00e1lisis y llevar a cabo las acciones correctoras que sean necesarias.<\/p>\n<p>La reciente normativa en materia de diversidad determina la obligaci\u00f3n de disponer de un <a href=\"https:\/\/suport.fundesplai.org\/es\/blog-es\/actualidad\/la-ley-trans-obliga-a-tener-un-protocolo-para-garantizar-la-igualdad-de-las-personas-lgtbi\/\" target=\"_blank\" rel=\"noopener\">Protocolo de abordaje de las discriminaciones LGTBIQA+<\/a> para las entidades de m\u00e1s de <strong>50 personas trabajadoras<\/strong>. Debe incluir una parte informativa, las medidas de prevenci\u00f3n y el procedimiento de actuaci\u00f3n ante una <strong>situaci\u00f3n de discriminaci\u00f3n<\/strong> por <strong>LGTBIQA+fobia<\/strong>.<\/p>\n<p>&nbsp;<\/p>\n<p>[\/et_pb_text][\/et_pb_column][\/et_pb_row][et_pb_row _builder_version=\u00bb4.24.3&#8243; _module_preset=\u00bbdefault\u00bb global_colors_info=\u00bb{}\u00bb][et_pb_column type=\u00bb4_4&#8243; _builder_version=\u00bb4.24.3&#8243; _module_preset=\u00bbdefault\u00bb global_colors_info=\u00bb{}\u00bb][et_pb_divider _builder_version=\u00bb4.24.3&#8243; _module_preset=\u00bbdefault\u00bb global_colors_info=\u00bb{}\u00bb][\/et_pb_divider][et_pb_text _builder_version=\u00bb4.24.3&#8243; _module_preset=\u00bbdefault\u00bb global_colors_info=\u00bb{}\u00bb]<\/p>\n<h3>OTROS CONTENIDOS RELACIONADOS:<\/h3>\n<ul>\n<li>\n<p><a href=\"https:\/\/suport.fundesplai.org\/es\/blog-es\/actualidad\/empecemos-las-formaciones-de-los-protocolos-para-la-erradicacion-de-las-discriminaciones-lgtbiqa\/\" target=\"_blank\" rel=\"noopener\">Empecemos las formaciones de los protocolos para la erradicaci\u00f3n de las discriminaciones LGTBIQA+<\/a><\/p>\n<\/li>\n<li>\n<p><a href=\"https:\/\/suport.fundesplai.org\/es\/blog-es\/actualidad\/en-el-tercer-sector-mas-iguales-formaciones-para-la-equidad-de-las-personas\/\" target=\"_blank\" rel=\"noopener\">&#8216;En el tercer sector, m\u00e1s iguales&#8217;: formaciones para la equidad de las personas<\/a><\/p>\n<\/li>\n<li>\n<p><a href=\"https:\/\/suport.fundesplai.org\/es\/blog-es\/actualidad\/quieres-asesoramiento-gratuito-en-materia-de-igualdad-de-genero-y-diversidad-inscribete-a-la-jornada-virtual-de-presentacion-de-la-oficina-tecnica\/\" target=\"_blank\" rel=\"noopener\">\u00bfQuieres asesoramiento gratuito en materia de igualdad de g\u00e9nero y diversidad? Inscr\u00edbete a la jornada virtual de presentaci\u00f3n de la Oficina t\u00e9cnica<\/a><\/p>\n<\/li>\n<li>\n<p><a href=\"https:\/\/suport.fundesplai.org\/es\/blog-es\/actualidad\/inauguramos-la-oficina-tecnica-para-la-equidad-de-genero-y-la-diversidad-sexual\/\" target=\"_blank\" rel=\"noopener\">Oficina t\u00e9cnica para la equidad de g\u00e9nero y la diversidad sexual<\/a><\/p>\n<\/li>\n<li>\n<p><a href=\"https:\/\/suport.fundesplai.org\/es\/blog-es\/actualidad\/5-libros-para-ser-mas-igualitarias-y-diversas\/\" target=\"_blank\" rel=\"noopener\">5 libros para ser m\u00e1s igualitarias y diversas<\/a><\/p>\n<\/li>\n<\/ul>\n<p>[\/et_pb_text][et_pb_divider show_divider=\u00bboff\u00bb _builder_version=\u00bb4.24.3&#8243; _module_preset=\u00bbdefault\u00bb global_colors_info=\u00bb{}\u00bb][\/et_pb_divider][\/et_pb_column][\/et_pb_row][et_pb_row column_structure=\u00bb3_5,2_5&#8243; _builder_version=\u00bb4.24.3&#8243; _module_preset=\u00bbdefault\u00bb global_colors_info=\u00bb{}\u00bb][et_pb_column type=\u00bb3_5&#8243; _builder_version=\u00bb4.24.3&#8243; _module_preset=\u00bbdefault\u00bb global_colors_info=\u00bb{}\u00bb][et_pb_text _builder_version=\u00bb4.24.3&#8243; _module_preset=\u00bbdefault\u00bb global_colors_info=\u00bb{}\u00bb]<\/p>\n<p>Con el apoyo del Departamento de Igualdad y Feminismos:<\/p>\n<p>[\/et_pb_text][\/et_pb_column][et_pb_column type=\u00bb2_5&#8243; _builder_version=\u00bb4.24.3&#8243; _module_preset=\u00bbdefault\u00bb global_colors_info=\u00bb{}\u00bb][et_pb_image src=\u00bbhttps:\/\/suport.fundesplai.org\/wp-content\/uploads\/2024\/04\/igualtat_h3.jpg\u00bb title_text=\u00bbigualdad_h3&#8243; _builder_version=\u00bb4.24.3&#8243; _module_preset=\u00bbdefault\u00bb global_colors_info=\u00bb{}\u00bb][\/et_pb_image][\/et_pb_column][\/et_pb_row][\/et_pb_section]<\/p>\n","protected":false},"excerpt":{"rendered":"<p>En este contenido te explicaremos las principales obligaciones que debes tener presente en materia de igualdad y diversidad.<\/p>\n","protected":false},"author":377,"featured_media":26888,"comment_status":"closed","ping_status":"closed","sticky":false,"template":"","format":"standard","meta":{"_et_pb_use_builder":"on","_et_pb_old_content":"","_et_gb_content_width":"","footnotes":""},"categories":[1,341,891],"tags":[],"class_list":["post-26963","post","type-post","status-publish","format-standard","has-post-thumbnail","hentry","category-actualidad","category-blog-es","category-igualdad-genero-diversidad"],"yoast_head":"<!-- This site is optimized with the Yoast SEO plugin v27.4 - https:\/\/yoast.com\/product\/yoast-seo-wordpress\/ -->\n<title>\u00bfCu\u00e1les son las obligaciones normativas en materia de igualdad de g\u00e9nero que debes tener presente? - Suport Tercer Sector - Fundesplai<\/title>\n<meta name=\"description\" content=\"En este contenido te explicaremos las principales obligaciones que debes tener presente en materia de igualdad y diversidad.\" \/>\n<meta name=\"robots\" content=\"index, follow, max-snippet:-1, max-image-preview:large, max-video-preview:-1\" \/>\n<link rel=\"canonical\" href=\"https:\/\/suport.fundesplai.org\/es\/blog-es\/igualdad-genero-diversidad\/cuales-son-las-obligaciones-normativas-en-materia-de-igualdad-de-genero-que-debes-tener-presente\/\" \/>\n<meta property=\"og:locale\" content=\"es_ES\" \/>\n<meta property=\"og:type\" content=\"article\" \/>\n<meta property=\"og:title\" content=\"\u00bfCu\u00e1les son las obligaciones normativas en materia de igualdad de g\u00e9nero que debes tener presente? - Suport Tercer Sector - Fundesplai\" \/>\n<meta property=\"og:description\" content=\"En este contenido te explicaremos las principales obligaciones que debes tener presente en materia de igualdad y diversidad.\" \/>\n<meta property=\"og:url\" content=\"https:\/\/suport.fundesplai.org\/es\/blog-es\/igualdad-genero-diversidad\/cuales-son-las-obligaciones-normativas-en-materia-de-igualdad-de-genero-que-debes-tener-presente\/\" \/>\n<meta property=\"og:site_name\" content=\"Suport Tercer Sector - Fundesplai\" \/>\n<meta property=\"article:publisher\" content=\"https:\/\/www.facebook.com\/Fundesplai\/\" \/>\n<meta property=\"article:published_time\" content=\"2024-05-16T12:02:18+00:00\" \/>\n<meta property=\"article:modified_time\" content=\"2024-05-16T12:02:26+00:00\" \/>\n<meta property=\"og:image\" content=\"https:\/\/suport.fundesplai.org\/wp-content\/uploads\/2024\/05\/igualtat-de-genere.png\" \/>\n\t<meta property=\"og:image:width\" content=\"1888\" \/>\n\t<meta property=\"og:image:height\" content=\"900\" \/>\n\t<meta property=\"og:image:type\" content=\"image\/png\" \/>\n<meta name=\"author\" content=\"Maria Eugenia Ifer Puntigliano\" \/>\n<meta name=\"twitter:card\" content=\"summary_large_image\" \/>\n<meta name=\"twitter:creator\" content=\"@suport_org\" \/>\n<meta name=\"twitter:site\" content=\"@suport_org\" \/>\n<meta name=\"twitter:label1\" content=\"Escrito por\" \/>\n\t<meta name=\"twitter:data1\" content=\"Maria Eugenia Ifer Puntigliano\" \/>\n\t<meta name=\"twitter:label2\" content=\"Tiempo de lectura\" \/>\n\t<meta name=\"twitter:data2\" content=\"3 minutos\" \/>\n<script type=\"application\/ld+json\" class=\"yoast-schema-graph\">{\"@context\":\"https:\\\/\\\/schema.org\",\"@graph\":[{\"@type\":\"Article\",\"@id\":\"https:\\\/\\\/suport.fundesplai.org\\\/es\\\/blog-es\\\/igualdad-genero-diversidad\\\/cuales-son-las-obligaciones-normativas-en-materia-de-igualdad-de-genero-que-debes-tener-presente\\\/#article\",\"isPartOf\":{\"@id\":\"https:\\\/\\\/suport.fundesplai.org\\\/es\\\/blog-es\\\/igualdad-genero-diversidad\\\/cuales-son-las-obligaciones-normativas-en-materia-de-igualdad-de-genero-que-debes-tener-presente\\\/\"},\"author\":{\"name\":\"Maria Eugenia Ifer Puntigliano\",\"@id\":\"https:\\\/\\\/suport.fundesplai.org\\\/es\\\/#\\\/schema\\\/person\\\/d67e880480b45b41df0ab5d2c3670fba\"},\"headline\":\"\u00bfCu\u00e1les son las obligaciones normativas en materia de igualdad de g\u00e9nero que debes tener presente?\",\"datePublished\":\"2024-05-16T12:02:18+00:00\",\"dateModified\":\"2024-05-16T12:02:26+00:00\",\"mainEntityOfPage\":{\"@id\":\"https:\\\/\\\/suport.fundesplai.org\\\/es\\\/blog-es\\\/igualdad-genero-diversidad\\\/cuales-son-las-obligaciones-normativas-en-materia-de-igualdad-de-genero-que-debes-tener-presente\\\/\"},\"wordCount\":863,\"publisher\":{\"@id\":\"https:\\\/\\\/suport.fundesplai.org\\\/es\\\/#organization\"},\"image\":{\"@id\":\"https:\\\/\\\/suport.fundesplai.org\\\/es\\\/blog-es\\\/igualdad-genero-diversidad\\\/cuales-son-las-obligaciones-normativas-en-materia-de-igualdad-de-genero-que-debes-tener-presente\\\/#primaryimage\"},\"thumbnailUrl\":\"https:\\\/\\\/suport.fundesplai.org\\\/wp-content\\\/uploads\\\/2024\\\/05\\\/igualtat-de-genere.png\",\"articleSection\":[\"Actualidad\",\"Blog\",\"Igualdad de g\u00e9nero y diversidad\"],\"inLanguage\":\"es\"},{\"@type\":\"WebPage\",\"@id\":\"https:\\\/\\\/suport.fundesplai.org\\\/es\\\/blog-es\\\/igualdad-genero-diversidad\\\/cuales-son-las-obligaciones-normativas-en-materia-de-igualdad-de-genero-que-debes-tener-presente\\\/\",\"url\":\"https:\\\/\\\/suport.fundesplai.org\\\/es\\\/blog-es\\\/igualdad-genero-diversidad\\\/cuales-son-las-obligaciones-normativas-en-materia-de-igualdad-de-genero-que-debes-tener-presente\\\/\",\"name\":\"\u00bfCu\u00e1les son las obligaciones normativas en materia de igualdad de g\u00e9nero que debes tener presente? - Suport Tercer Sector - Fundesplai\",\"isPartOf\":{\"@id\":\"https:\\\/\\\/suport.fundesplai.org\\\/es\\\/#website\"},\"primaryImageOfPage\":{\"@id\":\"https:\\\/\\\/suport.fundesplai.org\\\/es\\\/blog-es\\\/igualdad-genero-diversidad\\\/cuales-son-las-obligaciones-normativas-en-materia-de-igualdad-de-genero-que-debes-tener-presente\\\/#primaryimage\"},\"image\":{\"@id\":\"https:\\\/\\\/suport.fundesplai.org\\\/es\\\/blog-es\\\/igualdad-genero-diversidad\\\/cuales-son-las-obligaciones-normativas-en-materia-de-igualdad-de-genero-que-debes-tener-presente\\\/#primaryimage\"},\"thumbnailUrl\":\"https:\\\/\\\/suport.fundesplai.org\\\/wp-content\\\/uploads\\\/2024\\\/05\\\/igualtat-de-genere.png\",\"datePublished\":\"2024-05-16T12:02:18+00:00\",\"dateModified\":\"2024-05-16T12:02:26+00:00\",\"description\":\"En este contenido te explicaremos las principales obligaciones que debes tener presente en materia de igualdad y diversidad.\",\"breadcrumb\":{\"@id\":\"https:\\\/\\\/suport.fundesplai.org\\\/es\\\/blog-es\\\/igualdad-genero-diversidad\\\/cuales-son-las-obligaciones-normativas-en-materia-de-igualdad-de-genero-que-debes-tener-presente\\\/#breadcrumb\"},\"inLanguage\":\"es\",\"potentialAction\":[{\"@type\":\"ReadAction\",\"target\":[\"https:\\\/\\\/suport.fundesplai.org\\\/es\\\/blog-es\\\/igualdad-genero-diversidad\\\/cuales-son-las-obligaciones-normativas-en-materia-de-igualdad-de-genero-que-debes-tener-presente\\\/\"]}]},{\"@type\":\"ImageObject\",\"inLanguage\":\"es\",\"@id\":\"https:\\\/\\\/suport.fundesplai.org\\\/es\\\/blog-es\\\/igualdad-genero-diversidad\\\/cuales-son-las-obligaciones-normativas-en-materia-de-igualdad-de-genero-que-debes-tener-presente\\\/#primaryimage\",\"url\":\"https:\\\/\\\/suport.fundesplai.org\\\/wp-content\\\/uploads\\\/2024\\\/05\\\/igualtat-de-genere.png\",\"contentUrl\":\"https:\\\/\\\/suport.fundesplai.org\\\/wp-content\\\/uploads\\\/2024\\\/05\\\/igualtat-de-genere.png\",\"width\":1888,\"height\":900},{\"@type\":\"BreadcrumbList\",\"@id\":\"https:\\\/\\\/suport.fundesplai.org\\\/es\\\/blog-es\\\/igualdad-genero-diversidad\\\/cuales-son-las-obligaciones-normativas-en-materia-de-igualdad-de-genero-que-debes-tener-presente\\\/#breadcrumb\",\"itemListElement\":[{\"@type\":\"ListItem\",\"position\":1,\"name\":\"Inici\",\"item\":\"https:\\\/\\\/suport.fundesplai.org\\\/es\\\/\"},{\"@type\":\"ListItem\",\"position\":2,\"name\":\"Blog\",\"item\":\"https:\\\/\\\/suport.fundesplai.org\\\/es\\\/blog-es\\\/\"},{\"@type\":\"ListItem\",\"position\":3,\"name\":\"Igualdad de g\u00e9nero y diversidad\",\"item\":\"https:\\\/\\\/suport.fundesplai.org\\\/es\\\/blog-es\\\/igualdad-genero-diversidad\\\/\"},{\"@type\":\"ListItem\",\"position\":4,\"name\":\"\u00bfCu\u00e1les son las obligaciones normativas en materia de igualdad de g\u00e9nero que debes tener presente?\"}]},{\"@type\":\"WebSite\",\"@id\":\"https:\\\/\\\/suport.fundesplai.org\\\/es\\\/#website\",\"url\":\"https:\\\/\\\/suport.fundesplai.org\\\/es\\\/\",\"name\":\"Suport Tercer Sector - Fundesplai\",\"description\":\"Gesti\u00f3n de asociaciones y fundaciones\",\"publisher\":{\"@id\":\"https:\\\/\\\/suport.fundesplai.org\\\/es\\\/#organization\"},\"potentialAction\":[{\"@type\":\"SearchAction\",\"target\":{\"@type\":\"EntryPoint\",\"urlTemplate\":\"https:\\\/\\\/suport.fundesplai.org\\\/es\\\/?s={search_term_string}\"},\"query-input\":{\"@type\":\"PropertyValueSpecification\",\"valueRequired\":true,\"valueName\":\"search_term_string\"}}],\"inLanguage\":\"es\"},{\"@type\":\"Organization\",\"@id\":\"https:\\\/\\\/suport.fundesplai.org\\\/es\\\/#organization\",\"name\":\"Suport Tercer Sector de Fundesplai per entitats i associacions\",\"url\":\"https:\\\/\\\/suport.fundesplai.org\\\/es\\\/\",\"logo\":{\"@type\":\"ImageObject\",\"inLanguage\":\"es\",\"@id\":\"https:\\\/\\\/suport.fundesplai.org\\\/es\\\/#\\\/schema\\\/logo\\\/image\\\/\",\"url\":\"https:\\\/\\\/suport.fundesplai.org\\\/wp-content\\\/uploads\\\/2019\\\/08\\\/lgo-suport-tercer-sector-fe-2.png\",\"contentUrl\":\"https:\\\/\\\/suport.fundesplai.org\\\/wp-content\\\/uploads\\\/2019\\\/08\\\/lgo-suport-tercer-sector-fe-2.png\",\"width\":300,\"height\":141,\"caption\":\"Suport Tercer Sector de Fundesplai per entitats i associacions\"},\"image\":{\"@id\":\"https:\\\/\\\/suport.fundesplai.org\\\/es\\\/#\\\/schema\\\/logo\\\/image\\\/\"},\"sameAs\":[\"https:\\\/\\\/www.facebook.com\\\/Fundesplai\\\/\",\"https:\\\/\\\/x.com\\\/suport_org\",\"https:\\\/\\\/www.instagram.com\\\/fundesplai\\\/\",\"https:\\\/\\\/www.linkedin.com\\\/company\\\/fundesplai\",\"https:\\\/\\\/www.youtube.com\\\/channel\\\/UCGaevIfQeecUHeWq1m-WLYw\",\"https:\\\/\\\/ca.wikipedia.org\\\/wiki\\\/Fundaci\u00f3_Catalana_de_l'Esplai\"]},{\"@type\":\"Person\",\"@id\":\"https:\\\/\\\/suport.fundesplai.org\\\/es\\\/#\\\/schema\\\/person\\\/d67e880480b45b41df0ab5d2c3670fba\",\"name\":\"Maria Eugenia Ifer Puntigliano\",\"image\":{\"@type\":\"ImageObject\",\"inLanguage\":\"es\",\"@id\":\"https:\\\/\\\/secure.gravatar.com\\\/avatar\\\/d6f452030d1e5d988a270d205fbc06489eac700fb463d9abd26f76d07f8fa0d8?s=96&d=monsterid&r=g\",\"url\":\"https:\\\/\\\/secure.gravatar.com\\\/avatar\\\/d6f452030d1e5d988a270d205fbc06489eac700fb463d9abd26f76d07f8fa0d8?s=96&d=monsterid&r=g\",\"contentUrl\":\"https:\\\/\\\/secure.gravatar.com\\\/avatar\\\/d6f452030d1e5d988a270d205fbc06489eac700fb463d9abd26f76d07f8fa0d8?s=96&d=monsterid&r=g\",\"caption\":\"Maria Eugenia Ifer Puntigliano\"},\"url\":\"https:\\\/\\\/suport.fundesplai.org\\\/es\\\/author\\\/meifer\\\/\"}]}<\/script>\n<!-- \/ Yoast SEO plugin. -->","yoast_head_json":{"title":"\u00bfCu\u00e1les son las obligaciones normativas en materia de igualdad de g\u00e9nero que debes tener presente? - Suport Tercer Sector - Fundesplai","description":"En este contenido te explicaremos las principales obligaciones que debes tener presente en materia de igualdad y diversidad.","robots":{"index":"index","follow":"follow","max-snippet":"max-snippet:-1","max-image-preview":"max-image-preview:large","max-video-preview":"max-video-preview:-1"},"canonical":"https:\/\/suport.fundesplai.org\/es\/blog-es\/igualdad-genero-diversidad\/cuales-son-las-obligaciones-normativas-en-materia-de-igualdad-de-genero-que-debes-tener-presente\/","og_locale":"es_ES","og_type":"article","og_title":"\u00bfCu\u00e1les son las obligaciones normativas en materia de igualdad de g\u00e9nero que debes tener presente? - Suport Tercer Sector - Fundesplai","og_description":"En este contenido te explicaremos las principales obligaciones que debes tener presente en materia de igualdad y diversidad.","og_url":"https:\/\/suport.fundesplai.org\/es\/blog-es\/igualdad-genero-diversidad\/cuales-son-las-obligaciones-normativas-en-materia-de-igualdad-de-genero-que-debes-tener-presente\/","og_site_name":"Suport Tercer Sector - Fundesplai","article_publisher":"https:\/\/www.facebook.com\/Fundesplai\/","article_published_time":"2024-05-16T12:02:18+00:00","article_modified_time":"2024-05-16T12:02:26+00:00","og_image":[{"width":1888,"height":900,"url":"https:\/\/suport.fundesplai.org\/wp-content\/uploads\/2024\/05\/igualtat-de-genere.png","type":"image\/png"}],"author":"Maria Eugenia Ifer Puntigliano","twitter_card":"summary_large_image","twitter_creator":"@suport_org","twitter_site":"@suport_org","twitter_misc":{"Escrito por":"Maria Eugenia Ifer Puntigliano","Tiempo de lectura":"3 minutos"},"schema":{"@context":"https:\/\/schema.org","@graph":[{"@type":"Article","@id":"https:\/\/suport.fundesplai.org\/es\/blog-es\/igualdad-genero-diversidad\/cuales-son-las-obligaciones-normativas-en-materia-de-igualdad-de-genero-que-debes-tener-presente\/#article","isPartOf":{"@id":"https:\/\/suport.fundesplai.org\/es\/blog-es\/igualdad-genero-diversidad\/cuales-son-las-obligaciones-normativas-en-materia-de-igualdad-de-genero-que-debes-tener-presente\/"},"author":{"name":"Maria Eugenia Ifer Puntigliano","@id":"https:\/\/suport.fundesplai.org\/es\/#\/schema\/person\/d67e880480b45b41df0ab5d2c3670fba"},"headline":"\u00bfCu\u00e1les son las obligaciones normativas en materia de igualdad de g\u00e9nero que debes tener presente?","datePublished":"2024-05-16T12:02:18+00:00","dateModified":"2024-05-16T12:02:26+00:00","mainEntityOfPage":{"@id":"https:\/\/suport.fundesplai.org\/es\/blog-es\/igualdad-genero-diversidad\/cuales-son-las-obligaciones-normativas-en-materia-de-igualdad-de-genero-que-debes-tener-presente\/"},"wordCount":863,"publisher":{"@id":"https:\/\/suport.fundesplai.org\/es\/#organization"},"image":{"@id":"https:\/\/suport.fundesplai.org\/es\/blog-es\/igualdad-genero-diversidad\/cuales-son-las-obligaciones-normativas-en-materia-de-igualdad-de-genero-que-debes-tener-presente\/#primaryimage"},"thumbnailUrl":"https:\/\/suport.fundesplai.org\/wp-content\/uploads\/2024\/05\/igualtat-de-genere.png","articleSection":["Actualidad","Blog","Igualdad de g\u00e9nero y diversidad"],"inLanguage":"es"},{"@type":"WebPage","@id":"https:\/\/suport.fundesplai.org\/es\/blog-es\/igualdad-genero-diversidad\/cuales-son-las-obligaciones-normativas-en-materia-de-igualdad-de-genero-que-debes-tener-presente\/","url":"https:\/\/suport.fundesplai.org\/es\/blog-es\/igualdad-genero-diversidad\/cuales-son-las-obligaciones-normativas-en-materia-de-igualdad-de-genero-que-debes-tener-presente\/","name":"\u00bfCu\u00e1les son las obligaciones normativas en materia de igualdad de g\u00e9nero que debes tener presente? - Suport Tercer Sector - Fundesplai","isPartOf":{"@id":"https:\/\/suport.fundesplai.org\/es\/#website"},"primaryImageOfPage":{"@id":"https:\/\/suport.fundesplai.org\/es\/blog-es\/igualdad-genero-diversidad\/cuales-son-las-obligaciones-normativas-en-materia-de-igualdad-de-genero-que-debes-tener-presente\/#primaryimage"},"image":{"@id":"https:\/\/suport.fundesplai.org\/es\/blog-es\/igualdad-genero-diversidad\/cuales-son-las-obligaciones-normativas-en-materia-de-igualdad-de-genero-que-debes-tener-presente\/#primaryimage"},"thumbnailUrl":"https:\/\/suport.fundesplai.org\/wp-content\/uploads\/2024\/05\/igualtat-de-genere.png","datePublished":"2024-05-16T12:02:18+00:00","dateModified":"2024-05-16T12:02:26+00:00","description":"En este contenido te explicaremos las principales obligaciones que debes tener presente en materia de igualdad y diversidad.","breadcrumb":{"@id":"https:\/\/suport.fundesplai.org\/es\/blog-es\/igualdad-genero-diversidad\/cuales-son-las-obligaciones-normativas-en-materia-de-igualdad-de-genero-que-debes-tener-presente\/#breadcrumb"},"inLanguage":"es","potentialAction":[{"@type":"ReadAction","target":["https:\/\/suport.fundesplai.org\/es\/blog-es\/igualdad-genero-diversidad\/cuales-son-las-obligaciones-normativas-en-materia-de-igualdad-de-genero-que-debes-tener-presente\/"]}]},{"@type":"ImageObject","inLanguage":"es","@id":"https:\/\/suport.fundesplai.org\/es\/blog-es\/igualdad-genero-diversidad\/cuales-son-las-obligaciones-normativas-en-materia-de-igualdad-de-genero-que-debes-tener-presente\/#primaryimage","url":"https:\/\/suport.fundesplai.org\/wp-content\/uploads\/2024\/05\/igualtat-de-genere.png","contentUrl":"https:\/\/suport.fundesplai.org\/wp-content\/uploads\/2024\/05\/igualtat-de-genere.png","width":1888,"height":900},{"@type":"BreadcrumbList","@id":"https:\/\/suport.fundesplai.org\/es\/blog-es\/igualdad-genero-diversidad\/cuales-son-las-obligaciones-normativas-en-materia-de-igualdad-de-genero-que-debes-tener-presente\/#breadcrumb","itemListElement":[{"@type":"ListItem","position":1,"name":"Inici","item":"https:\/\/suport.fundesplai.org\/es\/"},{"@type":"ListItem","position":2,"name":"Blog","item":"https:\/\/suport.fundesplai.org\/es\/blog-es\/"},{"@type":"ListItem","position":3,"name":"Igualdad de g\u00e9nero y diversidad","item":"https:\/\/suport.fundesplai.org\/es\/blog-es\/igualdad-genero-diversidad\/"},{"@type":"ListItem","position":4,"name":"\u00bfCu\u00e1les son las obligaciones normativas en materia de igualdad de g\u00e9nero que debes tener presente?"}]},{"@type":"WebSite","@id":"https:\/\/suport.fundesplai.org\/es\/#website","url":"https:\/\/suport.fundesplai.org\/es\/","name":"Suport Tercer Sector - Fundesplai","description":"Gesti\u00f3n de asociaciones y fundaciones","publisher":{"@id":"https:\/\/suport.fundesplai.org\/es\/#organization"},"potentialAction":[{"@type":"SearchAction","target":{"@type":"EntryPoint","urlTemplate":"https:\/\/suport.fundesplai.org\/es\/?s={search_term_string}"},"query-input":{"@type":"PropertyValueSpecification","valueRequired":true,"valueName":"search_term_string"}}],"inLanguage":"es"},{"@type":"Organization","@id":"https:\/\/suport.fundesplai.org\/es\/#organization","name":"Suport Tercer Sector de Fundesplai per entitats i associacions","url":"https:\/\/suport.fundesplai.org\/es\/","logo":{"@type":"ImageObject","inLanguage":"es","@id":"https:\/\/suport.fundesplai.org\/es\/#\/schema\/logo\/image\/","url":"https:\/\/suport.fundesplai.org\/wp-content\/uploads\/2019\/08\/lgo-suport-tercer-sector-fe-2.png","contentUrl":"https:\/\/suport.fundesplai.org\/wp-content\/uploads\/2019\/08\/lgo-suport-tercer-sector-fe-2.png","width":300,"height":141,"caption":"Suport Tercer Sector de Fundesplai per entitats i associacions"},"image":{"@id":"https:\/\/suport.fundesplai.org\/es\/#\/schema\/logo\/image\/"},"sameAs":["https:\/\/www.facebook.com\/Fundesplai\/","https:\/\/x.com\/suport_org","https:\/\/www.instagram.com\/fundesplai\/","https:\/\/www.linkedin.com\/company\/fundesplai","https:\/\/www.youtube.com\/channel\/UCGaevIfQeecUHeWq1m-WLYw","https:\/\/ca.wikipedia.org\/wiki\/Fundaci\u00f3_Catalana_de_l'Esplai"]},{"@type":"Person","@id":"https:\/\/suport.fundesplai.org\/es\/#\/schema\/person\/d67e880480b45b41df0ab5d2c3670fba","name":"Maria Eugenia Ifer Puntigliano","image":{"@type":"ImageObject","inLanguage":"es","@id":"https:\/\/secure.gravatar.com\/avatar\/d6f452030d1e5d988a270d205fbc06489eac700fb463d9abd26f76d07f8fa0d8?s=96&d=monsterid&r=g","url":"https:\/\/secure.gravatar.com\/avatar\/d6f452030d1e5d988a270d205fbc06489eac700fb463d9abd26f76d07f8fa0d8?s=96&d=monsterid&r=g","contentUrl":"https:\/\/secure.gravatar.com\/avatar\/d6f452030d1e5d988a270d205fbc06489eac700fb463d9abd26f76d07f8fa0d8?s=96&d=monsterid&r=g","caption":"Maria Eugenia Ifer Puntigliano"},"url":"https:\/\/suport.fundesplai.org\/es\/author\/meifer\/"}]}},"_links":{"self":[{"href":"https:\/\/suport.fundesplai.org\/es\/wp-json\/wp\/v2\/posts\/26963","targetHints":{"allow":["GET"]}}],"collection":[{"href":"https:\/\/suport.fundesplai.org\/es\/wp-json\/wp\/v2\/posts"}],"about":[{"href":"https:\/\/suport.fundesplai.org\/es\/wp-json\/wp\/v2\/types\/post"}],"author":[{"embeddable":true,"href":"https:\/\/suport.fundesplai.org\/es\/wp-json\/wp\/v2\/users\/377"}],"replies":[{"embeddable":true,"href":"https:\/\/suport.fundesplai.org\/es\/wp-json\/wp\/v2\/comments?post=26963"}],"version-history":[{"count":6,"href":"https:\/\/suport.fundesplai.org\/es\/wp-json\/wp\/v2\/posts\/26963\/revisions"}],"predecessor-version":[{"id":26996,"href":"https:\/\/suport.fundesplai.org\/es\/wp-json\/wp\/v2\/posts\/26963\/revisions\/26996"}],"wp:featuredmedia":[{"embeddable":true,"href":"https:\/\/suport.fundesplai.org\/es\/wp-json\/wp\/v2\/media\/26888"}],"wp:attachment":[{"href":"https:\/\/suport.fundesplai.org\/es\/wp-json\/wp\/v2\/media?parent=26963"}],"wp:term":[{"taxonomy":"category","embeddable":true,"href":"https:\/\/suport.fundesplai.org\/es\/wp-json\/wp\/v2\/categories?post=26963"},{"taxonomy":"post_tag","embeddable":true,"href":"https:\/\/suport.fundesplai.org\/es\/wp-json\/wp\/v2\/tags?post=26963"}],"curies":[{"name":"wp","href":"https:\/\/api.w.org\/{rel}","templated":true}]}}