{"id":26976,"date":"2024-05-07T14:02:40","date_gmt":"2024-05-07T12:02:40","guid":{"rendered":"https:\/\/suport.fundesplai.org\/blog-es\/actualidad\/inauguramos-la-oficina-tecnica-para-la-equidad-de-genero-y-la-diversidad-sexual\/"},"modified":"2024-05-15T14:28:28","modified_gmt":"2024-05-15T12:28:28","slug":"inauguramos-la-oficina-tecnica-para-la-equidad-de-genero-y-la-diversidad-sexual","status":"publish","type":"post","link":"https:\/\/suport.fundesplai.org\/es\/blog-es\/igualdad-genero-diversidad\/inauguramos-la-oficina-tecnica-para-la-equidad-de-genero-y-la-diversidad-sexual\/","title":{"rendered":"Inauguramos la Oficina t\u00e9cnica para la equidad de g\u00e9nero y la diversidad sexual"},"content":{"rendered":"<p>[et_pb_section fb_built=\u00bb1&#8243; admin_label=\u00bbsection\u00bb _builder_version=\u00bb4.16&#8243; global_colors_info=\u00bb{}\u00bb][et_pb_row admin_label=\u00bbrow\u00bb _builder_version=\u00bb4.16&#8243; background_size=\u00bbinitial\u00bb background_position=\u00bbtop_left\u00bb background_repeat=\u00bbrepeat\u00bb global_colors_info=\u00bb{}\u00bb][et_pb_column type=\u00bb4_4&#8243; _builder_version=\u00bb4.16&#8243; custom_padding=\u00bb|||\u00bb global_colors_info=\u00bb{}\u00bb custom_padding__hover=\u00bb|||\u00bb][et_pb_text admin_label=\u00bbText\u00bb _builder_version=\u00bb4.24.3&#8243; _module_preset=\u00bbdefault\u00bb hover_enabled=\u00bb0&#8243; global_colors_info=\u00bb{}\u00bb sticky_enabled=\u00bb0&#8243;]<\/p>\n<p>\u00bfFormas parte de una asociaci\u00f3n, fundaci\u00f3n, club deportivo, esparcimiento o cualquier otra entidad del tercer sector y te interesa saber m\u00e1s sobre igualdad de g\u00e9nero y diversidad sexual? \u00a1Esta oficina t\u00e9cnica es lo que necesitas! Nuestro equipo de expertas en la materia te asesorar\u00e1 y acompa\u00f1ar\u00e1 en todo lo que necesites.<\/p>\n<p>Soporte Tercer Sector ponemos en marcha la primera <a href=\"https:\/\/suport.fundesplai.org\/es\/servicios\/oficina-tecnica-para-la-equidad-de-genero-y-la-diversidad-sexual\/\"><strong>Oficina t\u00e9cnica de Catalu\u00f1a para la equidad de g\u00e9nero y la diversidad sexual en las entidades del tercer sector<\/strong><\/a>, con el apoyo del <a href=\"https:\/\/igualtat.gencat.cat\/ca\/inici\" target=\"_blank\" rel=\"noopener\">Departament d\u2019Igualtat i Feminisme de la Generalitat de Catalunya<\/a>.<\/p>\n<p>El objetivo de esta oficina t\u00e9cnica es <strong>ofrecer herramientas y recursos<\/strong>, de forma totalmente <strong>gratuita<\/strong>, para conseguir unas entidades sin \u00e1nimo de lucro m\u00e1s igualitarias y diversas.<\/p>\n<p>[\/et_pb_text][et_pb_button button_url=\u00bbhttps:\/\/suport.fundesplai.org\/es\/servicios\/oficina-tecnica-para-la-equidad-de-genero-y-la-diversidad-sexual\/#serveis-oficina\u00bb button_text=\u00bb\u00bfQu\u00e9 te ofrecemos?\u00bb button_alignment=\u00bbleft\u00bb _builder_version=\u00bb4.24.3&#8243; _module_preset=\u00bbdefault\u00bb custom_margin=\u00bb30px||||false|false\u00bb global_colors_info=\u00bb{}\u00bb][\/et_pb_button][et_pb_text _builder_version=\u00bb4.24.3&#8243; _module_preset=\u00bbdefault\u00bb custom_margin=\u00bb30px||||false|false\u00bb hover_enabled=\u00bb0&#8243; global_colors_info=\u00bb{}\u00bb sticky_enabled=\u00bb0&#8243;]<\/p>\n<p>Adem\u00e1s, para presentar la <strong>Oficina t\u00e9cnica para la equidad de g\u00e9nero y la diversidad sexual<\/strong> y todos los servicios, el <strong>28 de mayo a las 9.30 h<\/strong> realizaremos una <strong><a href=\"https:\/\/suport.fundesplai.org\/es\/blog-es\/actualidad\/quieres-asesoramiento-gratuito-en-materia-de-igualdad-de-genero-y-diversidad-inscribete-a-la-jornada-virtual-de-presentacion-de-la-oficina-tecnica\/\">jornada virtual<\/a>.<\/strong><\/p>\n<p>Si eres una entidad no lucrativa, tengas o no obligaci\u00f3n normativa, te puedes beneficiar de todos nuestros <strong>servicios de forma totalmente gratuita<\/strong>. Ponemos a tu disposici\u00f3n un <strong>servicio de asesoramiento<\/strong> telef\u00f3nico y\/o online. Si tienes dudas o quieres informarte sobre cualquier aspecto normativo o de pol\u00edticas de igualdad, s\u00f3lo tienes que enviarnos el <a href=\"https:\/\/suport.fundesplai.org\/es\/servicios\/oficina-tecnica-para-la-equidad-de-genero-y-la-diversidad-sexual\/?preview=true#Formulari-oficina\">siguiente formulario<\/a> con tu consulta y te la responderemos lo antes posible.<\/p>\n<p>Tambi\u00e9n te <strong>acompa\u00f1amos<\/strong> en procesos como la elaboraci\u00f3n de planes de igualdad de g\u00e9nero, protocolos para el abordaje del acoso sexual o por raz\u00f3n de g\u00e9nero y por la igualdad de las personas LGTBIQA+. Puedes inscribirte a este servicio a trav\u00e9s del <a href=\"https:\/\/suport.fundesplai.org\/acompanyament-en-materia-digualtat-de-genere-i-diversitat-sexual\/\">formulario<\/a>. S\u00f3lo 6 entidades podr\u00e1n participar, \u00a1as\u00ed que no esperes m\u00e1s!<\/p>\n<p>Adem\u00e1s, a lo largo de 2024 desde la Oficina t\u00e9cnica para la equidad de g\u00e9nero y la diversidad sexual tambi\u00e9n ofreceremos <strong>formaciones<\/strong> online:<\/p>\n<ul>\n<li><strong>29 de mayo<\/strong>: La perspectiva de g\u00e9nero en los proyectos y actividades de las entidades<\/li>\n<li><strong>6 de junio<\/strong>: Desconexi\u00f3n digital<\/li>\n<li><strong>13 de junio<\/strong>: Diversidad sexual<\/li>\n<\/ul>\n<p>Por \u00faltimo, encontrar\u00e1s diversos <a href=\"\/servicios\/oficina-tecnica-equidad-diversidad\/#recursos-oficina\">recursos gratuitos<\/a> como infograf\u00edas, gu\u00edas o v\u00eddeos y otros <a href=\"\/servicios\/oficina-tecnica-equidad-diversidad\/#actualidad-oficina\">art\u00edculos de actualidad<\/a> para ampliar tus conocimientos en materia de igualdad de g\u00e9nero y diversidad.<\/p>\n<p>[\/et_pb_text][et_pb_button button_url=\u00bbhttps:\/\/suport.fundesplai.org\/apuntat-a-les-formacions-sobre-igualtat-de-genere-i-diversitat-sexual\/\u00bb button_text=\u00bbInscr\u00edbete\u00bb _builder_version=\u00bb4.24.3&#8243; _module_preset=\u00bbdefault\u00bb global_colors_info=\u00bb{}\u00bb][\/et_pb_button][et_pb_divider show_divider=\u00bboff\u00bb _builder_version=\u00bb4.24.3&#8243; _module_preset=\u00bbdefault\u00bb global_colors_info=\u00bb{}\u00bb][\/et_pb_divider][\/et_pb_column][\/et_pb_row][et_pb_row column_structure=\u00bb3_5,2_5&#8243; _builder_version=\u00bb4.24.3&#8243; _module_preset=\u00bbdefault\u00bb global_colors_info=\u00bb{}\u00bb][et_pb_column type=\u00bb3_5&#8243; _builder_version=\u00bb4.24.3&#8243; _module_preset=\u00bbdefault\u00bb global_colors_info=\u00bb{}\u00bb][et_pb_text _builder_version=\u00bb4.24.3&#8243; _module_preset=\u00bbdefault\u00bb global_colors_info=\u00bb{}\u00bb]<\/p>\n<p>Con el apoyo del Departamento de Igualdad y Feminismos:<\/p>\n<p>[\/et_pb_text][\/et_pb_column][et_pb_column type=\u00bb2_5&#8243; _builder_version=\u00bb4.24.3&#8243; _module_preset=\u00bbdefault\u00bb global_colors_info=\u00bb{}\u00bb][et_pb_image src=\u00bbhttps:\/\/suport.fundesplai.org\/wp-content\/uploads\/2024\/04\/igualtat_h3.jpg\u00bb title_text=\u00bbigualdad_h3&#8243; _builder_version=\u00bb4.24.3&#8243; _module_preset=\u00bbdefault\u00bb global_colors_info=\u00bb{}\u00bb][\/et_pb_image][\/et_pb_column][\/et_pb_row][\/et_pb_section]<\/p>\n","protected":false},"excerpt":{"rendered":"<p>La Oficina t\u00e9cnica para la equidad de g\u00e9nero y la diversidad sexual ofrece recursos gratuitos para entidades del tercer sector.<\/p>\n","protected":false},"author":360,"featured_media":26221,"comment_status":"closed","ping_status":"closed","sticky":false,"template":"","format":"standard","meta":{"_et_pb_use_builder":"on","_et_pb_old_content":"","_et_gb_content_width":"","footnotes":""},"categories":[1,341,891],"tags":[],"class_list":["post-26976","post","type-post","status-publish","format-standard","has-post-thumbnail","hentry","category-actualidad","category-blog-es","category-igualdad-genero-diversidad"],"yoast_head":"<!-- This site is optimized with the Yoast SEO plugin v27.4 - https:\/\/yoast.com\/product\/yoast-seo-wordpress\/ -->\n<title>Inauguramos la Oficina t\u00e9cnica para la equidad de g\u00e9nero y la diversidad sexual<\/title>\n<meta name=\"description\" content=\"La Oficina t\u00e9cnica para la equidad de g\u00e9nero y la diversidad sexual ofrece recursos gratuitos para entidades del tercer sector.\" \/>\n<meta name=\"robots\" content=\"index, follow, max-snippet:-1, max-image-preview:large, max-video-preview:-1\" \/>\n<link rel=\"canonical\" href=\"https:\/\/suport.fundesplai.org\/es\/blog-es\/igualdad-genero-diversidad\/inauguramos-la-oficina-tecnica-para-la-equidad-de-genero-y-la-diversidad-sexual\/\" \/>\n<meta property=\"og:locale\" content=\"es_ES\" \/>\n<meta property=\"og:type\" content=\"article\" \/>\n<meta property=\"og:title\" content=\"Inauguramos la Oficina t\u00e9cnica para la equidad de g\u00e9nero y la diversidad sexual\" \/>\n<meta property=\"og:description\" content=\"La Oficina t\u00e9cnica para la equidad de g\u00e9nero y la diversidad sexual ofrece recursos gratuitos para entidades del tercer sector.\" \/>\n<meta property=\"og:url\" content=\"https:\/\/suport.fundesplai.org\/es\/blog-es\/igualdad-genero-diversidad\/inauguramos-la-oficina-tecnica-para-la-equidad-de-genero-y-la-diversidad-sexual\/\" \/>\n<meta property=\"og:site_name\" content=\"Suport Tercer Sector - Fundesplai\" \/>\n<meta property=\"article:publisher\" content=\"https:\/\/www.facebook.com\/Fundesplai\/\" \/>\n<meta property=\"article:published_time\" content=\"2024-05-07T12:02:40+00:00\" \/>\n<meta property=\"article:modified_time\" content=\"2024-05-15T12:28:28+00:00\" \/>\n<meta property=\"og:image\" content=\"https:\/\/suport.fundesplai.org\/wp-content\/uploads\/2024\/04\/Oficina-tecnica-igualtat-diversitat-1200x572.png\" \/>\n\t<meta property=\"og:image:width\" content=\"1200\" \/>\n\t<meta property=\"og:image:height\" content=\"572\" \/>\n\t<meta property=\"og:image:type\" content=\"image\/png\" \/>\n<meta name=\"author\" content=\"spulido\" \/>\n<meta name=\"twitter:card\" content=\"summary_large_image\" \/>\n<meta name=\"twitter:creator\" content=\"@suport_org\" \/>\n<meta name=\"twitter:site\" content=\"@suport_org\" \/>\n<meta name=\"twitter:label1\" content=\"Escrito por\" \/>\n\t<meta name=\"twitter:data1\" content=\"spulido\" \/>\n\t<meta name=\"twitter:label2\" content=\"Tiempo de lectura\" \/>\n\t<meta name=\"twitter:data2\" content=\"3 minutos\" \/>\n<script type=\"application\/ld+json\" class=\"yoast-schema-graph\">{\"@context\":\"https:\\\/\\\/schema.org\",\"@graph\":[{\"@type\":\"Article\",\"@id\":\"https:\\\/\\\/suport.fundesplai.org\\\/es\\\/blog-es\\\/igualdad-genero-diversidad\\\/inauguramos-la-oficina-tecnica-para-la-equidad-de-genero-y-la-diversidad-sexual\\\/#article\",\"isPartOf\":{\"@id\":\"https:\\\/\\\/suport.fundesplai.org\\\/es\\\/blog-es\\\/igualdad-genero-diversidad\\\/inauguramos-la-oficina-tecnica-para-la-equidad-de-genero-y-la-diversidad-sexual\\\/\"},\"author\":{\"name\":\"spulido\",\"@id\":\"https:\\\/\\\/suport.fundesplai.org\\\/es\\\/#\\\/schema\\\/person\\\/fdf6420f515befcbe14be21cbe303807\"},\"headline\":\"Inauguramos la Oficina t\u00e9cnica para la equidad de g\u00e9nero y la diversidad sexual\",\"datePublished\":\"2024-05-07T12:02:40+00:00\",\"dateModified\":\"2024-05-15T12:28:28+00:00\",\"mainEntityOfPage\":{\"@id\":\"https:\\\/\\\/suport.fundesplai.org\\\/es\\\/blog-es\\\/igualdad-genero-diversidad\\\/inauguramos-la-oficina-tecnica-para-la-equidad-de-genero-y-la-diversidad-sexual\\\/\"},\"wordCount\":671,\"publisher\":{\"@id\":\"https:\\\/\\\/suport.fundesplai.org\\\/es\\\/#organization\"},\"image\":{\"@id\":\"https:\\\/\\\/suport.fundesplai.org\\\/es\\\/blog-es\\\/igualdad-genero-diversidad\\\/inauguramos-la-oficina-tecnica-para-la-equidad-de-genero-y-la-diversidad-sexual\\\/#primaryimage\"},\"thumbnailUrl\":\"https:\\\/\\\/suport.fundesplai.org\\\/wp-content\\\/uploads\\\/2024\\\/04\\\/Oficina-tecnica-igualtat-diversitat.png\",\"articleSection\":[\"Actualidad\",\"Blog\",\"Igualdad de g\u00e9nero y diversidad\"],\"inLanguage\":\"es\"},{\"@type\":\"WebPage\",\"@id\":\"https:\\\/\\\/suport.fundesplai.org\\\/es\\\/blog-es\\\/igualdad-genero-diversidad\\\/inauguramos-la-oficina-tecnica-para-la-equidad-de-genero-y-la-diversidad-sexual\\\/\",\"url\":\"https:\\\/\\\/suport.fundesplai.org\\\/es\\\/blog-es\\\/igualdad-genero-diversidad\\\/inauguramos-la-oficina-tecnica-para-la-equidad-de-genero-y-la-diversidad-sexual\\\/\",\"name\":\"Inauguramos la Oficina t\u00e9cnica para la equidad de g\u00e9nero y la diversidad sexual\",\"isPartOf\":{\"@id\":\"https:\\\/\\\/suport.fundesplai.org\\\/es\\\/#website\"},\"primaryImageOfPage\":{\"@id\":\"https:\\\/\\\/suport.fundesplai.org\\\/es\\\/blog-es\\\/igualdad-genero-diversidad\\\/inauguramos-la-oficina-tecnica-para-la-equidad-de-genero-y-la-diversidad-sexual\\\/#primaryimage\"},\"image\":{\"@id\":\"https:\\\/\\\/suport.fundesplai.org\\\/es\\\/blog-es\\\/igualdad-genero-diversidad\\\/inauguramos-la-oficina-tecnica-para-la-equidad-de-genero-y-la-diversidad-sexual\\\/#primaryimage\"},\"thumbnailUrl\":\"https:\\\/\\\/suport.fundesplai.org\\\/wp-content\\\/uploads\\\/2024\\\/04\\\/Oficina-tecnica-igualtat-diversitat.png\",\"datePublished\":\"2024-05-07T12:02:40+00:00\",\"dateModified\":\"2024-05-15T12:28:28+00:00\",\"description\":\"La Oficina t\u00e9cnica para la equidad de g\u00e9nero y la diversidad sexual ofrece recursos gratuitos para entidades del tercer sector.\",\"breadcrumb\":{\"@id\":\"https:\\\/\\\/suport.fundesplai.org\\\/es\\\/blog-es\\\/igualdad-genero-diversidad\\\/inauguramos-la-oficina-tecnica-para-la-equidad-de-genero-y-la-diversidad-sexual\\\/#breadcrumb\"},\"inLanguage\":\"es\",\"potentialAction\":[{\"@type\":\"ReadAction\",\"target\":[\"https:\\\/\\\/suport.fundesplai.org\\\/es\\\/blog-es\\\/igualdad-genero-diversidad\\\/inauguramos-la-oficina-tecnica-para-la-equidad-de-genero-y-la-diversidad-sexual\\\/\"]}]},{\"@type\":\"ImageObject\",\"inLanguage\":\"es\",\"@id\":\"https:\\\/\\\/suport.fundesplai.org\\\/es\\\/blog-es\\\/igualdad-genero-diversidad\\\/inauguramos-la-oficina-tecnica-para-la-equidad-de-genero-y-la-diversidad-sexual\\\/#primaryimage\",\"url\":\"https:\\\/\\\/suport.fundesplai.org\\\/wp-content\\\/uploads\\\/2024\\\/04\\\/Oficina-tecnica-igualtat-diversitat.png\",\"contentUrl\":\"https:\\\/\\\/suport.fundesplai.org\\\/wp-content\\\/uploads\\\/2024\\\/04\\\/Oficina-tecnica-igualtat-diversitat.png\",\"width\":1888,\"height\":900,\"caption\":\"Oficina t\u00e8cnica d'igualtat de g\u00e8nere i diversitat sexual per a entitats no lucratives.\"},{\"@type\":\"BreadcrumbList\",\"@id\":\"https:\\\/\\\/suport.fundesplai.org\\\/es\\\/blog-es\\\/igualdad-genero-diversidad\\\/inauguramos-la-oficina-tecnica-para-la-equidad-de-genero-y-la-diversidad-sexual\\\/#breadcrumb\",\"itemListElement\":[{\"@type\":\"ListItem\",\"position\":1,\"name\":\"Inici\",\"item\":\"https:\\\/\\\/suport.fundesplai.org\\\/es\\\/\"},{\"@type\":\"ListItem\",\"position\":2,\"name\":\"Blog\",\"item\":\"https:\\\/\\\/suport.fundesplai.org\\\/es\\\/blog-es\\\/\"},{\"@type\":\"ListItem\",\"position\":3,\"name\":\"Igualdad de g\u00e9nero y diversidad\",\"item\":\"https:\\\/\\\/suport.fundesplai.org\\\/es\\\/blog-es\\\/igualdad-genero-diversidad\\\/\"},{\"@type\":\"ListItem\",\"position\":4,\"name\":\"Inauguramos la Oficina t\u00e9cnica para la equidad de g\u00e9nero y la diversidad sexual\"}]},{\"@type\":\"WebSite\",\"@id\":\"https:\\\/\\\/suport.fundesplai.org\\\/es\\\/#website\",\"url\":\"https:\\\/\\\/suport.fundesplai.org\\\/es\\\/\",\"name\":\"Suport Tercer Sector - Fundesplai\",\"description\":\"Gesti\u00f3n de asociaciones y fundaciones\",\"publisher\":{\"@id\":\"https:\\\/\\\/suport.fundesplai.org\\\/es\\\/#organization\"},\"potentialAction\":[{\"@type\":\"SearchAction\",\"target\":{\"@type\":\"EntryPoint\",\"urlTemplate\":\"https:\\\/\\\/suport.fundesplai.org\\\/es\\\/?s={search_term_string}\"},\"query-input\":{\"@type\":\"PropertyValueSpecification\",\"valueRequired\":true,\"valueName\":\"search_term_string\"}}],\"inLanguage\":\"es\"},{\"@type\":\"Organization\",\"@id\":\"https:\\\/\\\/suport.fundesplai.org\\\/es\\\/#organization\",\"name\":\"Suport Tercer Sector de Fundesplai per entitats i associacions\",\"url\":\"https:\\\/\\\/suport.fundesplai.org\\\/es\\\/\",\"logo\":{\"@type\":\"ImageObject\",\"inLanguage\":\"es\",\"@id\":\"https:\\\/\\\/suport.fundesplai.org\\\/es\\\/#\\\/schema\\\/logo\\\/image\\\/\",\"url\":\"https:\\\/\\\/suport.fundesplai.org\\\/wp-content\\\/uploads\\\/2019\\\/08\\\/lgo-suport-tercer-sector-fe-2.png\",\"contentUrl\":\"https:\\\/\\\/suport.fundesplai.org\\\/wp-content\\\/uploads\\\/2019\\\/08\\\/lgo-suport-tercer-sector-fe-2.png\",\"width\":300,\"height\":141,\"caption\":\"Suport Tercer Sector de Fundesplai per entitats i associacions\"},\"image\":{\"@id\":\"https:\\\/\\\/suport.fundesplai.org\\\/es\\\/#\\\/schema\\\/logo\\\/image\\\/\"},\"sameAs\":[\"https:\\\/\\\/www.facebook.com\\\/Fundesplai\\\/\",\"https:\\\/\\\/x.com\\\/suport_org\",\"https:\\\/\\\/www.instagram.com\\\/fundesplai\\\/\",\"https:\\\/\\\/www.linkedin.com\\\/company\\\/fundesplai\",\"https:\\\/\\\/www.youtube.com\\\/channel\\\/UCGaevIfQeecUHeWq1m-WLYw\",\"https:\\\/\\\/ca.wikipedia.org\\\/wiki\\\/Fundaci\u00f3_Catalana_de_l'Esplai\"]},{\"@type\":\"Person\",\"@id\":\"https:\\\/\\\/suport.fundesplai.org\\\/es\\\/#\\\/schema\\\/person\\\/fdf6420f515befcbe14be21cbe303807\",\"name\":\"spulido\",\"image\":{\"@type\":\"ImageObject\",\"inLanguage\":\"es\",\"@id\":\"https:\\\/\\\/secure.gravatar.com\\\/avatar\\\/efd3238af867ca2ea7ff51cd3989f365e8f2a9e617574ce9b528f93010322b3d?s=96&d=monsterid&r=g\",\"url\":\"https:\\\/\\\/secure.gravatar.com\\\/avatar\\\/efd3238af867ca2ea7ff51cd3989f365e8f2a9e617574ce9b528f93010322b3d?s=96&d=monsterid&r=g\",\"contentUrl\":\"https:\\\/\\\/secure.gravatar.com\\\/avatar\\\/efd3238af867ca2ea7ff51cd3989f365e8f2a9e617574ce9b528f93010322b3d?s=96&d=monsterid&r=g\",\"caption\":\"spulido\"},\"url\":\"https:\\\/\\\/suport.fundesplai.org\\\/es\\\/author\\\/spulido\\\/\"}]}<\/script>\n<!-- \/ Yoast SEO plugin. -->","yoast_head_json":{"title":"Inauguramos la Oficina t\u00e9cnica para la equidad de g\u00e9nero y la diversidad sexual","description":"La Oficina t\u00e9cnica para la equidad de g\u00e9nero y la diversidad sexual ofrece recursos gratuitos para entidades del tercer sector.","robots":{"index":"index","follow":"follow","max-snippet":"max-snippet:-1","max-image-preview":"max-image-preview:large","max-video-preview":"max-video-preview:-1"},"canonical":"https:\/\/suport.fundesplai.org\/es\/blog-es\/igualdad-genero-diversidad\/inauguramos-la-oficina-tecnica-para-la-equidad-de-genero-y-la-diversidad-sexual\/","og_locale":"es_ES","og_type":"article","og_title":"Inauguramos la Oficina t\u00e9cnica para la equidad de g\u00e9nero y la diversidad sexual","og_description":"La Oficina t\u00e9cnica para la equidad de g\u00e9nero y la diversidad sexual ofrece recursos gratuitos para entidades del tercer sector.","og_url":"https:\/\/suport.fundesplai.org\/es\/blog-es\/igualdad-genero-diversidad\/inauguramos-la-oficina-tecnica-para-la-equidad-de-genero-y-la-diversidad-sexual\/","og_site_name":"Suport Tercer Sector - Fundesplai","article_publisher":"https:\/\/www.facebook.com\/Fundesplai\/","article_published_time":"2024-05-07T12:02:40+00:00","article_modified_time":"2024-05-15T12:28:28+00:00","og_image":[{"width":1200,"height":572,"url":"https:\/\/suport.fundesplai.org\/wp-content\/uploads\/2024\/04\/Oficina-tecnica-igualtat-diversitat-1200x572.png","type":"image\/png"}],"author":"spulido","twitter_card":"summary_large_image","twitter_creator":"@suport_org","twitter_site":"@suport_org","twitter_misc":{"Escrito por":"spulido","Tiempo de lectura":"3 minutos"},"schema":{"@context":"https:\/\/schema.org","@graph":[{"@type":"Article","@id":"https:\/\/suport.fundesplai.org\/es\/blog-es\/igualdad-genero-diversidad\/inauguramos-la-oficina-tecnica-para-la-equidad-de-genero-y-la-diversidad-sexual\/#article","isPartOf":{"@id":"https:\/\/suport.fundesplai.org\/es\/blog-es\/igualdad-genero-diversidad\/inauguramos-la-oficina-tecnica-para-la-equidad-de-genero-y-la-diversidad-sexual\/"},"author":{"name":"spulido","@id":"https:\/\/suport.fundesplai.org\/es\/#\/schema\/person\/fdf6420f515befcbe14be21cbe303807"},"headline":"Inauguramos la Oficina t\u00e9cnica para la equidad de g\u00e9nero y la diversidad sexual","datePublished":"2024-05-07T12:02:40+00:00","dateModified":"2024-05-15T12:28:28+00:00","mainEntityOfPage":{"@id":"https:\/\/suport.fundesplai.org\/es\/blog-es\/igualdad-genero-diversidad\/inauguramos-la-oficina-tecnica-para-la-equidad-de-genero-y-la-diversidad-sexual\/"},"wordCount":671,"publisher":{"@id":"https:\/\/suport.fundesplai.org\/es\/#organization"},"image":{"@id":"https:\/\/suport.fundesplai.org\/es\/blog-es\/igualdad-genero-diversidad\/inauguramos-la-oficina-tecnica-para-la-equidad-de-genero-y-la-diversidad-sexual\/#primaryimage"},"thumbnailUrl":"https:\/\/suport.fundesplai.org\/wp-content\/uploads\/2024\/04\/Oficina-tecnica-igualtat-diversitat.png","articleSection":["Actualidad","Blog","Igualdad de g\u00e9nero y diversidad"],"inLanguage":"es"},{"@type":"WebPage","@id":"https:\/\/suport.fundesplai.org\/es\/blog-es\/igualdad-genero-diversidad\/inauguramos-la-oficina-tecnica-para-la-equidad-de-genero-y-la-diversidad-sexual\/","url":"https:\/\/suport.fundesplai.org\/es\/blog-es\/igualdad-genero-diversidad\/inauguramos-la-oficina-tecnica-para-la-equidad-de-genero-y-la-diversidad-sexual\/","name":"Inauguramos la Oficina t\u00e9cnica para la equidad de g\u00e9nero y la diversidad sexual","isPartOf":{"@id":"https:\/\/suport.fundesplai.org\/es\/#website"},"primaryImageOfPage":{"@id":"https:\/\/suport.fundesplai.org\/es\/blog-es\/igualdad-genero-diversidad\/inauguramos-la-oficina-tecnica-para-la-equidad-de-genero-y-la-diversidad-sexual\/#primaryimage"},"image":{"@id":"https:\/\/suport.fundesplai.org\/es\/blog-es\/igualdad-genero-diversidad\/inauguramos-la-oficina-tecnica-para-la-equidad-de-genero-y-la-diversidad-sexual\/#primaryimage"},"thumbnailUrl":"https:\/\/suport.fundesplai.org\/wp-content\/uploads\/2024\/04\/Oficina-tecnica-igualtat-diversitat.png","datePublished":"2024-05-07T12:02:40+00:00","dateModified":"2024-05-15T12:28:28+00:00","description":"La Oficina t\u00e9cnica para la equidad de g\u00e9nero y la diversidad sexual ofrece recursos gratuitos para entidades del tercer sector.","breadcrumb":{"@id":"https:\/\/suport.fundesplai.org\/es\/blog-es\/igualdad-genero-diversidad\/inauguramos-la-oficina-tecnica-para-la-equidad-de-genero-y-la-diversidad-sexual\/#breadcrumb"},"inLanguage":"es","potentialAction":[{"@type":"ReadAction","target":["https:\/\/suport.fundesplai.org\/es\/blog-es\/igualdad-genero-diversidad\/inauguramos-la-oficina-tecnica-para-la-equidad-de-genero-y-la-diversidad-sexual\/"]}]},{"@type":"ImageObject","inLanguage":"es","@id":"https:\/\/suport.fundesplai.org\/es\/blog-es\/igualdad-genero-diversidad\/inauguramos-la-oficina-tecnica-para-la-equidad-de-genero-y-la-diversidad-sexual\/#primaryimage","url":"https:\/\/suport.fundesplai.org\/wp-content\/uploads\/2024\/04\/Oficina-tecnica-igualtat-diversitat.png","contentUrl":"https:\/\/suport.fundesplai.org\/wp-content\/uploads\/2024\/04\/Oficina-tecnica-igualtat-diversitat.png","width":1888,"height":900,"caption":"Oficina t\u00e8cnica d'igualtat de g\u00e8nere i diversitat sexual per a entitats no lucratives."},{"@type":"BreadcrumbList","@id":"https:\/\/suport.fundesplai.org\/es\/blog-es\/igualdad-genero-diversidad\/inauguramos-la-oficina-tecnica-para-la-equidad-de-genero-y-la-diversidad-sexual\/#breadcrumb","itemListElement":[{"@type":"ListItem","position":1,"name":"Inici","item":"https:\/\/suport.fundesplai.org\/es\/"},{"@type":"ListItem","position":2,"name":"Blog","item":"https:\/\/suport.fundesplai.org\/es\/blog-es\/"},{"@type":"ListItem","position":3,"name":"Igualdad de g\u00e9nero y diversidad","item":"https:\/\/suport.fundesplai.org\/es\/blog-es\/igualdad-genero-diversidad\/"},{"@type":"ListItem","position":4,"name":"Inauguramos la Oficina t\u00e9cnica para la equidad de g\u00e9nero y la diversidad sexual"}]},{"@type":"WebSite","@id":"https:\/\/suport.fundesplai.org\/es\/#website","url":"https:\/\/suport.fundesplai.org\/es\/","name":"Suport Tercer Sector - Fundesplai","description":"Gesti\u00f3n de asociaciones y fundaciones","publisher":{"@id":"https:\/\/suport.fundesplai.org\/es\/#organization"},"potentialAction":[{"@type":"SearchAction","target":{"@type":"EntryPoint","urlTemplate":"https:\/\/suport.fundesplai.org\/es\/?s={search_term_string}"},"query-input":{"@type":"PropertyValueSpecification","valueRequired":true,"valueName":"search_term_string"}}],"inLanguage":"es"},{"@type":"Organization","@id":"https:\/\/suport.fundesplai.org\/es\/#organization","name":"Suport Tercer Sector de Fundesplai per entitats i associacions","url":"https:\/\/suport.fundesplai.org\/es\/","logo":{"@type":"ImageObject","inLanguage":"es","@id":"https:\/\/suport.fundesplai.org\/es\/#\/schema\/logo\/image\/","url":"https:\/\/suport.fundesplai.org\/wp-content\/uploads\/2019\/08\/lgo-suport-tercer-sector-fe-2.png","contentUrl":"https:\/\/suport.fundesplai.org\/wp-content\/uploads\/2019\/08\/lgo-suport-tercer-sector-fe-2.png","width":300,"height":141,"caption":"Suport Tercer Sector de Fundesplai per entitats i associacions"},"image":{"@id":"https:\/\/suport.fundesplai.org\/es\/#\/schema\/logo\/image\/"},"sameAs":["https:\/\/www.facebook.com\/Fundesplai\/","https:\/\/x.com\/suport_org","https:\/\/www.instagram.com\/fundesplai\/","https:\/\/www.linkedin.com\/company\/fundesplai","https:\/\/www.youtube.com\/channel\/UCGaevIfQeecUHeWq1m-WLYw","https:\/\/ca.wikipedia.org\/wiki\/Fundaci\u00f3_Catalana_de_l'Esplai"]},{"@type":"Person","@id":"https:\/\/suport.fundesplai.org\/es\/#\/schema\/person\/fdf6420f515befcbe14be21cbe303807","name":"spulido","image":{"@type":"ImageObject","inLanguage":"es","@id":"https:\/\/secure.gravatar.com\/avatar\/efd3238af867ca2ea7ff51cd3989f365e8f2a9e617574ce9b528f93010322b3d?s=96&d=monsterid&r=g","url":"https:\/\/secure.gravatar.com\/avatar\/efd3238af867ca2ea7ff51cd3989f365e8f2a9e617574ce9b528f93010322b3d?s=96&d=monsterid&r=g","contentUrl":"https:\/\/secure.gravatar.com\/avatar\/efd3238af867ca2ea7ff51cd3989f365e8f2a9e617574ce9b528f93010322b3d?s=96&d=monsterid&r=g","caption":"spulido"},"url":"https:\/\/suport.fundesplai.org\/es\/author\/spulido\/"}]}},"_links":{"self":[{"href":"https:\/\/suport.fundesplai.org\/es\/wp-json\/wp\/v2\/posts\/26976","targetHints":{"allow":["GET"]}}],"collection":[{"href":"https:\/\/suport.fundesplai.org\/es\/wp-json\/wp\/v2\/posts"}],"about":[{"href":"https:\/\/suport.fundesplai.org\/es\/wp-json\/wp\/v2\/types\/post"}],"author":[{"embeddable":true,"href":"https:\/\/suport.fundesplai.org\/es\/wp-json\/wp\/v2\/users\/360"}],"replies":[{"embeddable":true,"href":"https:\/\/suport.fundesplai.org\/es\/wp-json\/wp\/v2\/comments?post=26976"}],"version-history":[{"count":3,"href":"https:\/\/suport.fundesplai.org\/es\/wp-json\/wp\/v2\/posts\/26976\/revisions"}],"predecessor-version":[{"id":27000,"href":"https:\/\/suport.fundesplai.org\/es\/wp-json\/wp\/v2\/posts\/26976\/revisions\/27000"}],"wp:featuredmedia":[{"embeddable":true,"href":"https:\/\/suport.fundesplai.org\/es\/wp-json\/wp\/v2\/media\/26221"}],"wp:attachment":[{"href":"https:\/\/suport.fundesplai.org\/es\/wp-json\/wp\/v2\/media?parent=26976"}],"wp:term":[{"taxonomy":"category","embeddable":true,"href":"https:\/\/suport.fundesplai.org\/es\/wp-json\/wp\/v2\/categories?post=26976"},{"taxonomy":"post_tag","embeddable":true,"href":"https:\/\/suport.fundesplai.org\/es\/wp-json\/wp\/v2\/tags?post=26976"}],"curies":[{"name":"wp","href":"https:\/\/api.w.org\/{rel}","templated":true}]}}