{"id":27004,"date":"2024-05-09T14:45:51","date_gmt":"2024-05-09T12:45:51","guid":{"rendered":"https:\/\/suport.fundesplai.org\/blog-es\/actualidad\/en-el-tercer-sector-mas-iguales-formaciones-para-la-equidad-de-las-personas\/"},"modified":"2024-05-15T14:50:28","modified_gmt":"2024-05-15T12:50:28","slug":"en-el-tercer-sector-mas-iguales-formaciones-para-la-equidad-de-las-personas","status":"publish","type":"post","link":"https:\/\/suport.fundesplai.org\/es\/blog-es\/actualidad\/en-el-tercer-sector-mas-iguales-formaciones-para-la-equidad-de-las-personas\/","title":{"rendered":"&#8216;En el tercer sector, m\u00e1s iguales&#8217;: formaciones para la equidad de las personas"},"content":{"rendered":"<p>[et_pb_section fb_built=\u00bb1&#8243; _builder_version=\u00bb4.21.0&#8243; _module_preset=\u00bbdefault\u00bb global_colors_info=\u00bb{}\u00bb][et_pb_row _builder_version=\u00bb4.21.0&#8243; _module_preset=\u00bbdefault\u00bb global_colors_info=\u00bb{}\u00bb][et_pb_column type=\u00bb4_4&#8243; _builder_version=\u00bb4.21.0&#8243; _module_preset=\u00bbdefault\u00bb global_colors_info=\u00bb{}\u00bb][et_pb_text _builder_version=\u00bb4.24.3&#8243; _module_preset=\u00bbdefault\u00bb hover_enabled=\u00bb0&#8243; global_colors_info=\u00bb{}\u00bb sticky_enabled=\u00bb0&#8243;]<\/p>\n<p>Desde el <strong>\u00e1rea de igualdad y diversidad<\/strong> de Suport Tercer Sector ponemos en marcha, con Sara Jim\u00e9nez al frente, un ciclo de sesiones formativas en materia de <strong>pol\u00edticas de igualdad<\/strong> para ayudar a las entidades del tercer sector a redactar los siguientes documentos:<\/p>\n<ul>\n<li>Plan de igualdad<\/li>\n<li>Protocolo para hacer frente al acoso sexual y\/o por raz\u00f3n de sexo<\/li>\n<li>Manual de lenguaje inclusivo<\/li>\n<li>Auditor\u00eda retributiva<\/li>\n<\/ul>\n<p>El proyecto &#8216; <strong>En el tercer sector, m\u00e1s iguales<\/strong> &#8216;, cofinanciado por el <a href=\"https:\/\/igualtat.gencat.cat\/ca\/inici\" target=\"_blank\" rel=\"noopener\">Departament d&#8217;Igualtat i Feminisme<\/a>, tiene como objetivo instaurar pol\u00edticas de igualdad para garantizar los derechos de las personas en el \u00e1mbito laboral.<\/p>\n<p>Las asociaciones de esplais ASDIVI, Disprat-Lleure, Esplai Espurnes, Esplai Guadalhorce, Casa Infantil La Mina, Esplai La Tortuga, Centre d\u2019Esplai Infantil i Juvenil Mowgli y el Esplai Ping\u00fc\u00ed participan de forma voluntaria y gratuita en las formaciones, dado que tienen plantillas inferiores a cincuenta personas trabajadoras y, por tanto, no tienen la obligaci\u00f3n legal de tener ning\u00fan plan de igualdad.<\/p>\n<p>Se han realizado cuatro encuentros grupales online de dos horas cada uno, en los que los esplais han recibido <strong>formaci\u00f3n en materia de igualdad y sensibilizaci\u00f3n<\/strong> sobre la importancia de hacer <strong>pol\u00edticas paritarias<\/strong>. Algunos de los mitos que se han intentado desmontar en los esplais han sido los siguientes:<\/p>\n<ul>\n<li>No son necesarias pol\u00edticas de igualdad en las entidades porque trabajan pocas personas.<\/li>\n<li>No son necesarias pol\u00edticas de igualdad en el tercer sector porque trabajan m\u00e1s mujeres que hombres.<\/li>\n<li>Ya nos gustar\u00eda contratar a mujeres, pero no se presentan a las ofertas.<\/li>\n<li>Hoy en d\u00eda, ya no se producen desigualdades de g\u00e9nero porque la sociedad ha cambiado.<\/li>\n<\/ul>\n<p>Tambi\u00e9n se han explicado las obligaciones que tienen las entidades seg\u00fan la normativa, el contenido que debe tener cada uno de los documentos que se trabajan en el proyecto y el procedimiento a seguir para redactarlos conjuntamente con las personas de las entidades.<\/p>\n<p>El proyecto contin\u00faa con una serie de reuniones con las entidades en las que se avanzar\u00e1 en la <strong>redacci\u00f3n del plan de igualdad<\/strong> a trav\u00e9s de medidas igualitarias, manuales de lenguaje inclusivo y la implementaci\u00f3n del protocolo de acoso sexual y\/o por raz\u00f3n de sexo.<\/p>\n<p>[\/et_pb_text][et_pb_divider show_divider=\u00bboff\u00bb _builder_version=\u00bb4.24.3&#8243; _module_preset=\u00bbdefault\u00bb global_colors_info=\u00bb{}\u00bb][\/et_pb_divider][\/et_pb_column][\/et_pb_row][et_pb_row column_structure=\u00bb3_5,2_5&#8243; _builder_version=\u00bb4.24.3&#8243; _module_preset=\u00bbdefault\u00bb global_colors_info=\u00bb{}\u00bb][et_pb_column type=\u00bb3_5&#8243; _builder_version=\u00bb4.24.3&#8243; _module_preset=\u00bbdefault\u00bb global_colors_info=\u00bb{}\u00bb][et_pb_text _builder_version=\u00bb4.24.3&#8243; _module_preset=\u00bbdefault\u00bb global_colors_info=\u00bb{}\u00bb]<\/p>\n<p>Con el apoyo del Departamento de Igualdad y Feminismos:<\/p>\n<p>[\/et_pb_text][\/et_pb_column][et_pb_column type=\u00bb2_5&#8243; _builder_version=\u00bb4.24.3&#8243; _module_preset=\u00bbdefault\u00bb global_colors_info=\u00bb{}\u00bb][et_pb_image src=\u00bbhttps:\/\/suport.fundesplai.org\/wp-content\/uploads\/2024\/04\/igualtat_h3.jpg\u00bb title_text=\u00bbigualdad_h3&#8243; _builder_version=\u00bb4.24.3&#8243; _module_preset=\u00bbdefault\u00bb global_colors_info=\u00bb{}\u00bb][\/et_pb_image][\/et_pb_column][\/et_pb_row][\/et_pb_section]<\/p>\n","protected":false},"excerpt":{"rendered":"<p>Las pol\u00edticas de igualdad son necesarias para que las entidades puedan garantizar los derechos de las personas trabajadoras.<\/p>\n","protected":false},"author":406,"featured_media":26145,"comment_status":"closed","ping_status":"closed","sticky":false,"template":"","format":"standard","meta":{"_et_pb_use_builder":"on","_et_pb_old_content":"","_et_gb_content_width":"","footnotes":""},"categories":[1,341,891],"tags":[],"class_list":["post-27004","post","type-post","status-publish","format-standard","has-post-thumbnail","hentry","category-actualidad","category-blog-es","category-igualdad-genero-diversidad"],"yoast_head":"<!-- This site is optimized with the Yoast SEO plugin v27.4 - https:\/\/yoast.com\/product\/yoast-seo-wordpress\/ -->\n<title>&#039;En el tercer sector, m\u00e1s iguales&#039;: formaciones para la equidad de las personas<\/title>\n<meta name=\"description\" content=\"Las pol\u00edticas de igualdad son necesarias para que las entidades puedan garantizar los derechos de las personas trabajadoras.\" \/>\n<meta name=\"robots\" content=\"index, follow, max-snippet:-1, max-image-preview:large, max-video-preview:-1\" \/>\n<link rel=\"canonical\" href=\"https:\/\/suport.fundesplai.org\/es\/blog-es\/actualidad\/en-el-tercer-sector-mas-iguales-formaciones-para-la-equidad-de-las-personas\/\" \/>\n<meta property=\"og:locale\" content=\"es_ES\" \/>\n<meta property=\"og:type\" content=\"article\" \/>\n<meta property=\"og:title\" content=\"&#039;En el tercer sector, m\u00e1s iguales&#039;: formaciones para la equidad de las personas\" \/>\n<meta property=\"og:description\" content=\"Las pol\u00edticas de igualdad son necesarias para que las entidades puedan garantizar los derechos de las personas trabajadoras.\" \/>\n<meta property=\"og:url\" content=\"https:\/\/suport.fundesplai.org\/es\/blog-es\/actualidad\/en-el-tercer-sector-mas-iguales-formaciones-para-la-equidad-de-las-personas\/\" \/>\n<meta property=\"og:site_name\" content=\"Suport Tercer Sector - Fundesplai\" \/>\n<meta property=\"article:publisher\" content=\"https:\/\/www.facebook.com\/Fundesplai\/\" \/>\n<meta property=\"article:published_time\" content=\"2024-05-09T12:45:51+00:00\" \/>\n<meta property=\"article:modified_time\" content=\"2024-05-15T12:50:28+00:00\" \/>\n<meta property=\"og:image\" content=\"https:\/\/suport.fundesplai.org\/wp-content\/uploads\/2024\/04\/formacions-politiques-igualtat-1-1200x572.png\" \/>\n\t<meta property=\"og:image:width\" content=\"1200\" \/>\n\t<meta property=\"og:image:height\" content=\"572\" \/>\n\t<meta property=\"og:image:type\" content=\"image\/png\" \/>\n<meta name=\"author\" content=\"jordy.cerarols\" \/>\n<meta name=\"twitter:card\" content=\"summary_large_image\" \/>\n<meta name=\"twitter:creator\" content=\"@suport_org\" \/>\n<meta name=\"twitter:site\" content=\"@suport_org\" \/>\n<meta name=\"twitter:label1\" content=\"Escrito por\" \/>\n\t<meta name=\"twitter:data1\" content=\"jordy.cerarols\" \/>\n\t<meta name=\"twitter:label2\" content=\"Tiempo de lectura\" \/>\n\t<meta name=\"twitter:data2\" content=\"3 minutos\" \/>\n<script type=\"application\/ld+json\" class=\"yoast-schema-graph\">{\"@context\":\"https:\\\/\\\/schema.org\",\"@graph\":[{\"@type\":\"Article\",\"@id\":\"https:\\\/\\\/suport.fundesplai.org\\\/es\\\/blog-es\\\/actualidad\\\/en-el-tercer-sector-mas-iguales-formaciones-para-la-equidad-de-las-personas\\\/#article\",\"isPartOf\":{\"@id\":\"https:\\\/\\\/suport.fundesplai.org\\\/es\\\/blog-es\\\/actualidad\\\/en-el-tercer-sector-mas-iguales-formaciones-para-la-equidad-de-las-personas\\\/\"},\"author\":{\"name\":\"jordy.cerarols\",\"@id\":\"https:\\\/\\\/suport.fundesplai.org\\\/es\\\/#\\\/schema\\\/person\\\/687b24b4a9f4b24d8ac5b02b97a89737\"},\"headline\":\"&#8216;En el tercer sector, m\u00e1s iguales&#8217;: formaciones para la equidad de las personas\",\"datePublished\":\"2024-05-09T12:45:51+00:00\",\"dateModified\":\"2024-05-15T12:50:28+00:00\",\"mainEntityOfPage\":{\"@id\":\"https:\\\/\\\/suport.fundesplai.org\\\/es\\\/blog-es\\\/actualidad\\\/en-el-tercer-sector-mas-iguales-formaciones-para-la-equidad-de-las-personas\\\/\"},\"wordCount\":569,\"publisher\":{\"@id\":\"https:\\\/\\\/suport.fundesplai.org\\\/es\\\/#organization\"},\"image\":{\"@id\":\"https:\\\/\\\/suport.fundesplai.org\\\/es\\\/blog-es\\\/actualidad\\\/en-el-tercer-sector-mas-iguales-formaciones-para-la-equidad-de-las-personas\\\/#primaryimage\"},\"thumbnailUrl\":\"https:\\\/\\\/suport.fundesplai.org\\\/wp-content\\\/uploads\\\/2024\\\/04\\\/formacions-politiques-igualtat-1.png\",\"articleSection\":[\"Actualidad\",\"Blog\",\"Igualdad de g\u00e9nero y diversidad\"],\"inLanguage\":\"es\"},{\"@type\":\"WebPage\",\"@id\":\"https:\\\/\\\/suport.fundesplai.org\\\/es\\\/blog-es\\\/actualidad\\\/en-el-tercer-sector-mas-iguales-formaciones-para-la-equidad-de-las-personas\\\/\",\"url\":\"https:\\\/\\\/suport.fundesplai.org\\\/es\\\/blog-es\\\/actualidad\\\/en-el-tercer-sector-mas-iguales-formaciones-para-la-equidad-de-las-personas\\\/\",\"name\":\"'En el tercer sector, m\u00e1s iguales': formaciones para la equidad de las personas\",\"isPartOf\":{\"@id\":\"https:\\\/\\\/suport.fundesplai.org\\\/es\\\/#website\"},\"primaryImageOfPage\":{\"@id\":\"https:\\\/\\\/suport.fundesplai.org\\\/es\\\/blog-es\\\/actualidad\\\/en-el-tercer-sector-mas-iguales-formaciones-para-la-equidad-de-las-personas\\\/#primaryimage\"},\"image\":{\"@id\":\"https:\\\/\\\/suport.fundesplai.org\\\/es\\\/blog-es\\\/actualidad\\\/en-el-tercer-sector-mas-iguales-formaciones-para-la-equidad-de-las-personas\\\/#primaryimage\"},\"thumbnailUrl\":\"https:\\\/\\\/suport.fundesplai.org\\\/wp-content\\\/uploads\\\/2024\\\/04\\\/formacions-politiques-igualtat-1.png\",\"datePublished\":\"2024-05-09T12:45:51+00:00\",\"dateModified\":\"2024-05-15T12:50:28+00:00\",\"description\":\"Las pol\u00edticas de igualdad son necesarias para que las entidades puedan garantizar los derechos de las personas trabajadoras.\",\"breadcrumb\":{\"@id\":\"https:\\\/\\\/suport.fundesplai.org\\\/es\\\/blog-es\\\/actualidad\\\/en-el-tercer-sector-mas-iguales-formaciones-para-la-equidad-de-las-personas\\\/#breadcrumb\"},\"inLanguage\":\"es\",\"potentialAction\":[{\"@type\":\"ReadAction\",\"target\":[\"https:\\\/\\\/suport.fundesplai.org\\\/es\\\/blog-es\\\/actualidad\\\/en-el-tercer-sector-mas-iguales-formaciones-para-la-equidad-de-las-personas\\\/\"]}]},{\"@type\":\"ImageObject\",\"inLanguage\":\"es\",\"@id\":\"https:\\\/\\\/suport.fundesplai.org\\\/es\\\/blog-es\\\/actualidad\\\/en-el-tercer-sector-mas-iguales-formaciones-para-la-equidad-de-las-personas\\\/#primaryimage\",\"url\":\"https:\\\/\\\/suport.fundesplai.org\\\/wp-content\\\/uploads\\\/2024\\\/04\\\/formacions-politiques-igualtat-1.png\",\"contentUrl\":\"https:\\\/\\\/suport.fundesplai.org\\\/wp-content\\\/uploads\\\/2024\\\/04\\\/formacions-politiques-igualtat-1.png\",\"width\":1888,\"height\":900,\"caption\":\"Formacions pol\u00edtiques d'igualtat\"},{\"@type\":\"BreadcrumbList\",\"@id\":\"https:\\\/\\\/suport.fundesplai.org\\\/es\\\/blog-es\\\/actualidad\\\/en-el-tercer-sector-mas-iguales-formaciones-para-la-equidad-de-las-personas\\\/#breadcrumb\",\"itemListElement\":[{\"@type\":\"ListItem\",\"position\":1,\"name\":\"Inici\",\"item\":\"https:\\\/\\\/suport.fundesplai.org\\\/es\\\/\"},{\"@type\":\"ListItem\",\"position\":2,\"name\":\"Blog\",\"item\":\"https:\\\/\\\/suport.fundesplai.org\\\/es\\\/blog-es\\\/\"},{\"@type\":\"ListItem\",\"position\":3,\"name\":\"Actualidad\",\"item\":\"https:\\\/\\\/suport.fundesplai.org\\\/es\\\/blog-es\\\/actualidad\\\/\"},{\"@type\":\"ListItem\",\"position\":4,\"name\":\"&#8216;En el tercer sector, m\u00e1s iguales&#8217;: formaciones para la equidad de las personas\"}]},{\"@type\":\"WebSite\",\"@id\":\"https:\\\/\\\/suport.fundesplai.org\\\/es\\\/#website\",\"url\":\"https:\\\/\\\/suport.fundesplai.org\\\/es\\\/\",\"name\":\"Suport Tercer Sector - Fundesplai\",\"description\":\"Gesti\u00f3n de asociaciones y fundaciones\",\"publisher\":{\"@id\":\"https:\\\/\\\/suport.fundesplai.org\\\/es\\\/#organization\"},\"potentialAction\":[{\"@type\":\"SearchAction\",\"target\":{\"@type\":\"EntryPoint\",\"urlTemplate\":\"https:\\\/\\\/suport.fundesplai.org\\\/es\\\/?s={search_term_string}\"},\"query-input\":{\"@type\":\"PropertyValueSpecification\",\"valueRequired\":true,\"valueName\":\"search_term_string\"}}],\"inLanguage\":\"es\"},{\"@type\":\"Organization\",\"@id\":\"https:\\\/\\\/suport.fundesplai.org\\\/es\\\/#organization\",\"name\":\"Suport Tercer Sector de Fundesplai per entitats i associacions\",\"url\":\"https:\\\/\\\/suport.fundesplai.org\\\/es\\\/\",\"logo\":{\"@type\":\"ImageObject\",\"inLanguage\":\"es\",\"@id\":\"https:\\\/\\\/suport.fundesplai.org\\\/es\\\/#\\\/schema\\\/logo\\\/image\\\/\",\"url\":\"https:\\\/\\\/suport.fundesplai.org\\\/wp-content\\\/uploads\\\/2019\\\/08\\\/lgo-suport-tercer-sector-fe-2.png\",\"contentUrl\":\"https:\\\/\\\/suport.fundesplai.org\\\/wp-content\\\/uploads\\\/2019\\\/08\\\/lgo-suport-tercer-sector-fe-2.png\",\"width\":300,\"height\":141,\"caption\":\"Suport Tercer Sector de Fundesplai per entitats i associacions\"},\"image\":{\"@id\":\"https:\\\/\\\/suport.fundesplai.org\\\/es\\\/#\\\/schema\\\/logo\\\/image\\\/\"},\"sameAs\":[\"https:\\\/\\\/www.facebook.com\\\/Fundesplai\\\/\",\"https:\\\/\\\/x.com\\\/suport_org\",\"https:\\\/\\\/www.instagram.com\\\/fundesplai\\\/\",\"https:\\\/\\\/www.linkedin.com\\\/company\\\/fundesplai\",\"https:\\\/\\\/www.youtube.com\\\/channel\\\/UCGaevIfQeecUHeWq1m-WLYw\",\"https:\\\/\\\/ca.wikipedia.org\\\/wiki\\\/Fundaci\u00f3_Catalana_de_l'Esplai\"]},{\"@type\":\"Person\",\"@id\":\"https:\\\/\\\/suport.fundesplai.org\\\/es\\\/#\\\/schema\\\/person\\\/687b24b4a9f4b24d8ac5b02b97a89737\",\"name\":\"jordy.cerarols\",\"image\":{\"@type\":\"ImageObject\",\"inLanguage\":\"es\",\"@id\":\"https:\\\/\\\/secure.gravatar.com\\\/avatar\\\/e322c43800a4e08d3df7e881ac7e2b6a228fb49932c2f1507631b924e7da509a?s=96&d=monsterid&r=g\",\"url\":\"https:\\\/\\\/secure.gravatar.com\\\/avatar\\\/e322c43800a4e08d3df7e881ac7e2b6a228fb49932c2f1507631b924e7da509a?s=96&d=monsterid&r=g\",\"contentUrl\":\"https:\\\/\\\/secure.gravatar.com\\\/avatar\\\/e322c43800a4e08d3df7e881ac7e2b6a228fb49932c2f1507631b924e7da509a?s=96&d=monsterid&r=g\",\"caption\":\"jordy.cerarols\"},\"url\":\"https:\\\/\\\/suport.fundesplai.org\\\/es\\\/author\\\/jordy-cerarols\\\/\"}]}<\/script>\n<!-- \/ Yoast SEO plugin. -->","yoast_head_json":{"title":"'En el tercer sector, m\u00e1s iguales': formaciones para la equidad de las personas","description":"Las pol\u00edticas de igualdad son necesarias para que las entidades puedan garantizar los derechos de las personas trabajadoras.","robots":{"index":"index","follow":"follow","max-snippet":"max-snippet:-1","max-image-preview":"max-image-preview:large","max-video-preview":"max-video-preview:-1"},"canonical":"https:\/\/suport.fundesplai.org\/es\/blog-es\/actualidad\/en-el-tercer-sector-mas-iguales-formaciones-para-la-equidad-de-las-personas\/","og_locale":"es_ES","og_type":"article","og_title":"'En el tercer sector, m\u00e1s iguales': formaciones para la equidad de las personas","og_description":"Las pol\u00edticas de igualdad son necesarias para que las entidades puedan garantizar los derechos de las personas trabajadoras.","og_url":"https:\/\/suport.fundesplai.org\/es\/blog-es\/actualidad\/en-el-tercer-sector-mas-iguales-formaciones-para-la-equidad-de-las-personas\/","og_site_name":"Suport Tercer Sector - Fundesplai","article_publisher":"https:\/\/www.facebook.com\/Fundesplai\/","article_published_time":"2024-05-09T12:45:51+00:00","article_modified_time":"2024-05-15T12:50:28+00:00","og_image":[{"width":1200,"height":572,"url":"https:\/\/suport.fundesplai.org\/wp-content\/uploads\/2024\/04\/formacions-politiques-igualtat-1-1200x572.png","type":"image\/png"}],"author":"jordy.cerarols","twitter_card":"summary_large_image","twitter_creator":"@suport_org","twitter_site":"@suport_org","twitter_misc":{"Escrito por":"jordy.cerarols","Tiempo de lectura":"3 minutos"},"schema":{"@context":"https:\/\/schema.org","@graph":[{"@type":"Article","@id":"https:\/\/suport.fundesplai.org\/es\/blog-es\/actualidad\/en-el-tercer-sector-mas-iguales-formaciones-para-la-equidad-de-las-personas\/#article","isPartOf":{"@id":"https:\/\/suport.fundesplai.org\/es\/blog-es\/actualidad\/en-el-tercer-sector-mas-iguales-formaciones-para-la-equidad-de-las-personas\/"},"author":{"name":"jordy.cerarols","@id":"https:\/\/suport.fundesplai.org\/es\/#\/schema\/person\/687b24b4a9f4b24d8ac5b02b97a89737"},"headline":"&#8216;En el tercer sector, m\u00e1s iguales&#8217;: formaciones para la equidad de las personas","datePublished":"2024-05-09T12:45:51+00:00","dateModified":"2024-05-15T12:50:28+00:00","mainEntityOfPage":{"@id":"https:\/\/suport.fundesplai.org\/es\/blog-es\/actualidad\/en-el-tercer-sector-mas-iguales-formaciones-para-la-equidad-de-las-personas\/"},"wordCount":569,"publisher":{"@id":"https:\/\/suport.fundesplai.org\/es\/#organization"},"image":{"@id":"https:\/\/suport.fundesplai.org\/es\/blog-es\/actualidad\/en-el-tercer-sector-mas-iguales-formaciones-para-la-equidad-de-las-personas\/#primaryimage"},"thumbnailUrl":"https:\/\/suport.fundesplai.org\/wp-content\/uploads\/2024\/04\/formacions-politiques-igualtat-1.png","articleSection":["Actualidad","Blog","Igualdad de g\u00e9nero y diversidad"],"inLanguage":"es"},{"@type":"WebPage","@id":"https:\/\/suport.fundesplai.org\/es\/blog-es\/actualidad\/en-el-tercer-sector-mas-iguales-formaciones-para-la-equidad-de-las-personas\/","url":"https:\/\/suport.fundesplai.org\/es\/blog-es\/actualidad\/en-el-tercer-sector-mas-iguales-formaciones-para-la-equidad-de-las-personas\/","name":"'En el tercer sector, m\u00e1s iguales': formaciones para la equidad de las personas","isPartOf":{"@id":"https:\/\/suport.fundesplai.org\/es\/#website"},"primaryImageOfPage":{"@id":"https:\/\/suport.fundesplai.org\/es\/blog-es\/actualidad\/en-el-tercer-sector-mas-iguales-formaciones-para-la-equidad-de-las-personas\/#primaryimage"},"image":{"@id":"https:\/\/suport.fundesplai.org\/es\/blog-es\/actualidad\/en-el-tercer-sector-mas-iguales-formaciones-para-la-equidad-de-las-personas\/#primaryimage"},"thumbnailUrl":"https:\/\/suport.fundesplai.org\/wp-content\/uploads\/2024\/04\/formacions-politiques-igualtat-1.png","datePublished":"2024-05-09T12:45:51+00:00","dateModified":"2024-05-15T12:50:28+00:00","description":"Las pol\u00edticas de igualdad son necesarias para que las entidades puedan garantizar los derechos de las personas trabajadoras.","breadcrumb":{"@id":"https:\/\/suport.fundesplai.org\/es\/blog-es\/actualidad\/en-el-tercer-sector-mas-iguales-formaciones-para-la-equidad-de-las-personas\/#breadcrumb"},"inLanguage":"es","potentialAction":[{"@type":"ReadAction","target":["https:\/\/suport.fundesplai.org\/es\/blog-es\/actualidad\/en-el-tercer-sector-mas-iguales-formaciones-para-la-equidad-de-las-personas\/"]}]},{"@type":"ImageObject","inLanguage":"es","@id":"https:\/\/suport.fundesplai.org\/es\/blog-es\/actualidad\/en-el-tercer-sector-mas-iguales-formaciones-para-la-equidad-de-las-personas\/#primaryimage","url":"https:\/\/suport.fundesplai.org\/wp-content\/uploads\/2024\/04\/formacions-politiques-igualtat-1.png","contentUrl":"https:\/\/suport.fundesplai.org\/wp-content\/uploads\/2024\/04\/formacions-politiques-igualtat-1.png","width":1888,"height":900,"caption":"Formacions pol\u00edtiques d'igualtat"},{"@type":"BreadcrumbList","@id":"https:\/\/suport.fundesplai.org\/es\/blog-es\/actualidad\/en-el-tercer-sector-mas-iguales-formaciones-para-la-equidad-de-las-personas\/#breadcrumb","itemListElement":[{"@type":"ListItem","position":1,"name":"Inici","item":"https:\/\/suport.fundesplai.org\/es\/"},{"@type":"ListItem","position":2,"name":"Blog","item":"https:\/\/suport.fundesplai.org\/es\/blog-es\/"},{"@type":"ListItem","position":3,"name":"Actualidad","item":"https:\/\/suport.fundesplai.org\/es\/blog-es\/actualidad\/"},{"@type":"ListItem","position":4,"name":"&#8216;En el tercer sector, m\u00e1s iguales&#8217;: formaciones para la equidad de las personas"}]},{"@type":"WebSite","@id":"https:\/\/suport.fundesplai.org\/es\/#website","url":"https:\/\/suport.fundesplai.org\/es\/","name":"Suport Tercer Sector - Fundesplai","description":"Gesti\u00f3n de asociaciones y fundaciones","publisher":{"@id":"https:\/\/suport.fundesplai.org\/es\/#organization"},"potentialAction":[{"@type":"SearchAction","target":{"@type":"EntryPoint","urlTemplate":"https:\/\/suport.fundesplai.org\/es\/?s={search_term_string}"},"query-input":{"@type":"PropertyValueSpecification","valueRequired":true,"valueName":"search_term_string"}}],"inLanguage":"es"},{"@type":"Organization","@id":"https:\/\/suport.fundesplai.org\/es\/#organization","name":"Suport Tercer Sector de Fundesplai per entitats i associacions","url":"https:\/\/suport.fundesplai.org\/es\/","logo":{"@type":"ImageObject","inLanguage":"es","@id":"https:\/\/suport.fundesplai.org\/es\/#\/schema\/logo\/image\/","url":"https:\/\/suport.fundesplai.org\/wp-content\/uploads\/2019\/08\/lgo-suport-tercer-sector-fe-2.png","contentUrl":"https:\/\/suport.fundesplai.org\/wp-content\/uploads\/2019\/08\/lgo-suport-tercer-sector-fe-2.png","width":300,"height":141,"caption":"Suport Tercer Sector de Fundesplai per entitats i associacions"},"image":{"@id":"https:\/\/suport.fundesplai.org\/es\/#\/schema\/logo\/image\/"},"sameAs":["https:\/\/www.facebook.com\/Fundesplai\/","https:\/\/x.com\/suport_org","https:\/\/www.instagram.com\/fundesplai\/","https:\/\/www.linkedin.com\/company\/fundesplai","https:\/\/www.youtube.com\/channel\/UCGaevIfQeecUHeWq1m-WLYw","https:\/\/ca.wikipedia.org\/wiki\/Fundaci\u00f3_Catalana_de_l'Esplai"]},{"@type":"Person","@id":"https:\/\/suport.fundesplai.org\/es\/#\/schema\/person\/687b24b4a9f4b24d8ac5b02b97a89737","name":"jordy.cerarols","image":{"@type":"ImageObject","inLanguage":"es","@id":"https:\/\/secure.gravatar.com\/avatar\/e322c43800a4e08d3df7e881ac7e2b6a228fb49932c2f1507631b924e7da509a?s=96&d=monsterid&r=g","url":"https:\/\/secure.gravatar.com\/avatar\/e322c43800a4e08d3df7e881ac7e2b6a228fb49932c2f1507631b924e7da509a?s=96&d=monsterid&r=g","contentUrl":"https:\/\/secure.gravatar.com\/avatar\/e322c43800a4e08d3df7e881ac7e2b6a228fb49932c2f1507631b924e7da509a?s=96&d=monsterid&r=g","caption":"jordy.cerarols"},"url":"https:\/\/suport.fundesplai.org\/es\/author\/jordy-cerarols\/"}]}},"_links":{"self":[{"href":"https:\/\/suport.fundesplai.org\/es\/wp-json\/wp\/v2\/posts\/27004","targetHints":{"allow":["GET"]}}],"collection":[{"href":"https:\/\/suport.fundesplai.org\/es\/wp-json\/wp\/v2\/posts"}],"about":[{"href":"https:\/\/suport.fundesplai.org\/es\/wp-json\/wp\/v2\/types\/post"}],"author":[{"embeddable":true,"href":"https:\/\/suport.fundesplai.org\/es\/wp-json\/wp\/v2\/users\/406"}],"replies":[{"embeddable":true,"href":"https:\/\/suport.fundesplai.org\/es\/wp-json\/wp\/v2\/comments?post=27004"}],"version-history":[{"count":3,"href":"https:\/\/suport.fundesplai.org\/es\/wp-json\/wp\/v2\/posts\/27004\/revisions"}],"predecessor-version":[{"id":27008,"href":"https:\/\/suport.fundesplai.org\/es\/wp-json\/wp\/v2\/posts\/27004\/revisions\/27008"}],"wp:featuredmedia":[{"embeddable":true,"href":"https:\/\/suport.fundesplai.org\/es\/wp-json\/wp\/v2\/media\/26145"}],"wp:attachment":[{"href":"https:\/\/suport.fundesplai.org\/es\/wp-json\/wp\/v2\/media?parent=27004"}],"wp:term":[{"taxonomy":"category","embeddable":true,"href":"https:\/\/suport.fundesplai.org\/es\/wp-json\/wp\/v2\/categories?post=27004"},{"taxonomy":"post_tag","embeddable":true,"href":"https:\/\/suport.fundesplai.org\/es\/wp-json\/wp\/v2\/tags?post=27004"}],"curies":[{"name":"wp","href":"https:\/\/api.w.org\/{rel}","templated":true}]}}