{"id":27261,"date":"2024-05-21T16:07:08","date_gmt":"2024-05-21T14:07:08","guid":{"rendered":"https:\/\/suport.fundesplai.org\/blog-es\/actualidad\/que-es-el-domicilio-social-de-una-entidad\/"},"modified":"2024-05-28T16:31:00","modified_gmt":"2024-05-28T14:31:00","slug":"que-es-el-domicilio-social-de-una-entidad","status":"publish","type":"post","link":"https:\/\/suport.fundesplai.org\/es\/blog-es\/economico\/que-es-el-domicilio-social-de-una-entidad\/","title":{"rendered":"\u00bfQu\u00e9 es el domicilio social de una entidad?"},"content":{"rendered":"<p>[et_pb_section fb_built=\u00bb1&#8243; _builder_version=\u00bb4.16&#8243; global_colors_info=\u00bb{}\u00bb][et_pb_row _builder_version=\u00bb4.16&#8243; background_size=\u00bbinitial\u00bb background_position=\u00bbtop_left\u00bb background_repeat=\u00bbrepeat\u00bb global_colors_info=\u00bb{}\u00bb][et_pb_column type=\u00bb4_4&#8243; _builder_version=\u00bb4.16&#8243; custom_padding=\u00bb|||\u00bb global_colors_info=\u00bb{}\u00bb custom_padding__hover=\u00bb|||\u00bb][et_pb_text _builder_version=\u00bb4.24.3&#8243; background_size=\u00bbinitial\u00bb background_position=\u00bbtop_left\u00bb background_repeat=\u00bbrepeat\u00bb custom_margin=\u00bb30px||||false|false\u00bb hover_enabled=\u00bb0&#8243; global_colors_info=\u00bb{}\u00bb sticky_enabled=\u00bb0&#8243;]<\/p>\n<p>Muchas organizaciones <strong>cambian de sede<\/strong> a lo largo del tiempo o tienen m\u00e1s de una donde desarrollan sus <strong>actividades<\/strong>. Esta diversidad, en muchas ocasiones, <strong>genera dudas<\/strong> y debe entenderse para poder comunicar correctamente la situaci\u00f3n a la <strong>Administraci\u00f3n p\u00fablica<\/strong> correspondiente. Si necesitas ayuda o tienes dudas nuestro <a href=\"https:\/\/suport.fundesplai.org\/es\/servicios\/economico\/\" target=\"_blank\" rel=\"noopener\">equipo econ\u00f3mico<\/a> te puede ayudar.<\/p>\n<p>[\/et_pb_text][et_pb_button button_url=\u00bbhttps:\/\/suport.fundesplai.org\/es\/servicios\/economico\/\u00bb url_new_window=\u00bbon\u00bb button_text=\u00bb\u00a1Pide presupuesto!\u00bb button_alignment=\u00bbcenter\u00bb _builder_version=\u00bb4.24.3&#8243; _module_preset=\u00bbdefault\u00bb custom_padding=\u00bb||||false|false\u00bb global_colors_info=\u00bb{}\u00bb][\/et_pb_button][et_pb_text _builder_version=\u00bb4.24.3&#8243; background_size=\u00bbinitial\u00bb background_position=\u00bbtop_left\u00bb background_repeat=\u00bbrepeat\u00bb custom_margin=\u00bb30px||||false|false\u00bb hover_enabled=\u00bb0&#8243; global_colors_info=\u00bb{}\u00bb sticky_enabled=\u00bb0&#8243;]<\/p>\n<h3>El domicilio social<\/h3>\n<div style=\"min-height: 487px;\">\n<p>El domicilio social de una entidad es donde radica la <strong>administraci\u00f3n<\/strong> y <strong>direcci\u00f3n<\/strong> de la organizaci\u00f3n y tambi\u00e9n el <strong>principal centro de actividades<\/strong>. Debe figurar en los <a href=\"https:\/\/xarxanet.org\/juridic\/recursos\/claus-redactar-els-estatuts-duna-associacio\">estatutos de la entidad<\/a>. Lo habitual es que, en el momento de su constituci\u00f3n, se indique el <strong>domicilio particular<\/strong> de una de las personas socias fundadoras de la organizaci\u00f3n. Normalmente, coincide con el <strong>domicilio fiscal<\/strong>. S\u00f3lo en aquellas situaciones en las que no se realicen actividades sociales, ambos domicilios ser\u00e1n diferentes.<\/p>\n<p>Cuando se <a href=\"https:\/\/xarxanet.org\/economic\/recursos\/com-demanar-el-nif-per-primer-cop\">solicite por primera vez el NIF<\/a> de la entidad a la <a href=\"https:\/\/sede.agenciatributaria.gob.es\/Sede\/ca_es\/inicio.html\">Agencia Tributaria<\/a>, el domicilio social ser\u00e1 el que figure en la <strong>tarjeta identificativa<\/strong> que emite el organismo. <strong>Para poder cambiarlo<\/strong>, ya sea porque la organizaci\u00f3n ha pasado a disponer de un local, o porque disponiendo ya de uno, se traslada a otro, lo primero que hay que hacer es <a href=\"http:\/\/www.xarxanet.org\/juridic\/recursos\/la-reforma-dels-estatuts-duna-associacio#3\">modificarlo en los estatutos<\/a> de la organizaci\u00f3n. Cuando la modificaci\u00f3n est\u00e9 inscrita en el registro, deber\u00e1 <strong>comunicarse<\/strong> a la Agencia Tributaria para obtener una <strong>nueva tarjeta de NIF<\/strong> con los datos correctos.<\/p>\n<p>La notificaci\u00f3n a Hacienda se realizar\u00e1 mediante la presentaci\u00f3n de una <strong>declaraci\u00f3n censal<\/strong> o <a href=\"https:\/\/suport.fundesplai.org\/es\/blog-es\/actualidad\/modelo-036-que-hay-que-saber-y-cuando-se-presenta\/\" target=\"_blank\" rel=\"noopener\" data-cke-saved-href=\"https:\/\/xarxanet.org\/economic\/recursos\/quan-sha-de-presentar-el-model-036\">modelo 036<\/a>, donde se marcar\u00e1 la opci\u00f3n de &#8216;cambio de domicilio social&#8217;, en la casilla 123, rellenando el apartado correspondiente a la p\u00e1gina 2B. Debe presentarse en un <strong>plazo m\u00e1ximo de un mes<\/strong> a partir de recibir la resoluci\u00f3n de la inscripci\u00f3n registral de la modificaci\u00f3n de los estatutos, de la documentaci\u00f3n acreditativa de esta inscripci\u00f3n en el registro. Lo m\u00e1s habitual, el <a href=\"http:\/\/justicia.gencat.cat\/ca\/ambits\/dret_i_entitats_juridiques\/associacions\/\" target=\"_blank\" rel=\"noopener\" data-cke-saved-href=\"http:\/\/justicia.gencat.cat\/ca\/ambits\/dret_i_entitats_juridiques\/associacions\/\">Registro de Asociaciones<\/a>.<\/p>\n<h3>El domicilio a efectos de notificaciones<\/h3>\n<p>En caso de que el <strong>cambio de domicilio sea provisional<\/strong>, o bien cuando no es posible realizar con celeridad el tr\u00e1mite de modificaci\u00f3n de estatutos necesario para cambiar el domicilio social, existe la posibilidad de modificar el domicilio a efectos de notificaciones de la Agencia Tributaria. La modificaci\u00f3n se realizar\u00e1 mediante la <strong>presentaci\u00f3n de una declaraci\u00f3n censal<\/strong> o modelo 036, marcando la casilla 124 y rellenando el apartado correspondiente a la p\u00e1gina 2B. Pero para realizar el tr\u00e1mite <strong>no ser\u00e1 necesario<\/strong> aportar ning\u00fan tipo de <strong>documentaci\u00f3n adicional<\/strong>.<\/p>\n<p>Cuando se indica un domicilio a efectos de notificaciones distinto del <strong>domicilio social o fiscal<\/strong>, todas las cartas procedentes de la Administraci\u00f3n tributaria, llegar\u00e1n a ese domicilio.<\/p>\n<p>Esta comunicaci\u00f3n es cada vez menos habitual, ya que actualmente las entidades reciben todas las <a href=\"https:\/\/xarxanet.org\/economic\/recursos\/gestionar-les-notificacions-telematiques\" target=\"_blank\" rel=\"noopener\">notificaciones directamente en el buz\u00f3n electr\u00f3nico de la Agencia Tributaria<\/a>.<\/p>\n<h3>Locales afectos a las actividades<\/h3>\n<\/div>\n<p>Los <strong>locales afectos<\/strong> a <strong>la actividad<\/strong> son todos los que, sin ser el domicilio social ni fiscal de la entidad, se utilicen para llevar a cabo el <strong>desarrollo<\/strong> de sus <strong>actividades<\/strong>.<\/p>\n<p>Por ejemplo, si una organizaci\u00f3n dispone de <strong>varios locales<\/strong> donde <strong>realiza<\/strong> de forma <strong>estable<\/strong> y <strong>continuada<\/strong> talleres o tiene alguna tienda, almac\u00e9n o delegaciones todos estos ser\u00e1n locales afectos a las actividades. <strong>No deben figurar en estatutos<\/strong> ni en el NIF de la entidad, pero es importante comunicarlo a la Agencia Tributaria para que en caso de que la organizaci\u00f3n realice en ellos alguna de las actividades que no est\u00e1n exentas de tributaci\u00f3n en el <a href=\"http:\/\/www.xarxanet.org\/economic\/recursos\/limpost-de-societats-en-les-entitats-no-lucratives\" target=\"_blank\" rel=\"noopener\">Impuesto sobre Sociedades<\/a>, podr\u00e1 deducir los gastos que le originen los citados locales.<\/p>\n<p>La <strong>comunicaci\u00f3n<\/strong> de los locales a la Agencia Tributaria, que est\u00e1 directamente relacionada con las altas, bajas y modificaciones del <a href=\"http:\/\/www.xarxanet.org\/economic\/recursos\/limpost-sobre-activitats-economiques-iae\" target=\"_blank\" rel=\"noopener\">Impuesto sobre Actividades econ\u00f3micas (IAE)<\/a>, debe realizarse mediante la presentaci\u00f3n de una <strong>declaraci\u00f3n censal o modelo 036<\/strong>, marcando la casilla 127, p\u00e1gina 4 del modelo.<\/p>\n<p>Fuente: redactado por el equipo de Suport Tercer Sector en <a href=\"https:\/\/xarxanet.org\/economic\/recursos\/distingir-els-diferents-tipus-de-domicili\" target=\"_blank\" rel=\"noopener\">Xarxanet.<\/a><\/p>\n<p>&nbsp;<\/p>\n<p>[\/et_pb_text][et_pb_divider _builder_version=\u00bb4.21.0&#8243; _module_preset=\u00bbdefault\u00bb custom_margin=\u00bb30px||||false|false\u00bb global_colors_info=\u00bb{}\u00bb][\/et_pb_divider][et_pb_text _builder_version=\u00bb4.24.3&#8243; _module_preset=\u00bbdefault\u00bb custom_margin=\u00bb30px||||false|false\u00bb global_colors_info=\u00bb{}\u00bb]<\/p>\n<h3>OTROS CONTENIDOS:<\/h3>\n<ul>\n<li><a href=\"https:\/\/suport.fundesplai.org\/blog\/actualitat-blog\/podcast-entitats-al-dia-gestio-entitats\/\" target=\"_blank\" rel=\"noopener\">Escucha el podcast &#8216;Entidades al d\u00eda&#8217; para mejorar la gesti\u00f3n de tu organizaci\u00f3n<\/a><\/li>\n<li><a href=\"https:\/\/suport.fundesplai.org\/es\/blog-es\/actualidad\/x-solidaria-casilla-106-de-la-declaracion-de-la-renta\/\">X solidaria: casilla 106 de la declaraci\u00f3n de la renta<\/a><\/li>\n<li><a href=\"https:\/\/suport.fundesplai.org\/es\/blog-es\/actualidad\/manual-de-contratacion-de-personas-becarias\/\" target=\"_blank\" rel=\"noopener\">Manual de contrataci\u00f3n de personas becarias<\/a><\/li>\n<li><a href=\"https:\/\/suport.fundesplai.org\/es\/blog-es\/actualidad\/canvia-registre-delegades-prevencio-riscos-laborals\/\" target=\"_blank\" rel=\"noopener\">Cambia el registro de delegadas y delegados de prevenci\u00f3n de riesgos laborales<\/a><\/li>\n<\/ul>\n<p>[\/et_pb_text][\/et_pb_column][\/et_pb_row][\/et_pb_section]<\/p>\n","protected":false},"excerpt":{"rendered":"<p>El domicilio social de una entidad es donde radica la administraci\u00f3n y direcci\u00f3n de la organizaci\u00f3n, as\u00ed como el principal centro de actividades. <\/p>\n","protected":false},"author":377,"featured_media":27078,"comment_status":"closed","ping_status":"closed","sticky":false,"template":"","format":"standard","meta":{"_et_pb_use_builder":"on","_et_pb_old_content":"","_et_gb_content_width":"","footnotes":""},"categories":[1,341,285],"tags":[],"class_list":["post-27261","post","type-post","status-publish","format-standard","has-post-thumbnail","hentry","category-actualidad","category-blog-es","category-economico"],"yoast_head":"<!-- This site is optimized with the Yoast SEO plugin v27.4 - https:\/\/yoast.com\/product\/yoast-seo-wordpress\/ -->\n<title>\u00bfQu\u00e9 es el domicilio social de una entidad? - Suport Tercer Sector - Fundesplai<\/title>\n<meta name=\"description\" content=\"El domicilio social de una entidad es donde radica la administraci\u00f3n y direcci\u00f3n de la organizaci\u00f3n, as\u00ed como el principal centro de actividades.\" \/>\n<meta name=\"robots\" content=\"index, follow, max-snippet:-1, max-image-preview:large, max-video-preview:-1\" \/>\n<link rel=\"canonical\" href=\"https:\/\/suport.fundesplai.org\/es\/blog-es\/economico\/que-es-el-domicilio-social-de-una-entidad\/\" \/>\n<meta property=\"og:locale\" content=\"es_ES\" \/>\n<meta property=\"og:type\" content=\"article\" \/>\n<meta property=\"og:title\" content=\"\u00bfQu\u00e9 es el domicilio social de una entidad? - Suport Tercer Sector - Fundesplai\" \/>\n<meta property=\"og:description\" content=\"El domicilio social de una entidad es donde radica la administraci\u00f3n y direcci\u00f3n de la organizaci\u00f3n, as\u00ed como el principal centro de actividades.\" \/>\n<meta property=\"og:url\" content=\"https:\/\/suport.fundesplai.org\/es\/blog-es\/economico\/que-es-el-domicilio-social-de-una-entidad\/\" \/>\n<meta property=\"og:site_name\" content=\"Suport Tercer Sector - Fundesplai\" \/>\n<meta property=\"article:publisher\" content=\"https:\/\/www.facebook.com\/Fundesplai\/\" \/>\n<meta property=\"article:published_time\" content=\"2024-05-21T14:07:08+00:00\" \/>\n<meta property=\"article:modified_time\" content=\"2024-05-28T14:31:00+00:00\" \/>\n<meta property=\"og:image\" content=\"https:\/\/suport.fundesplai.org\/wp-content\/uploads\/2024\/05\/1.png\" \/>\n\t<meta property=\"og:image:width\" content=\"540\" \/>\n\t<meta property=\"og:image:height\" content=\"316\" \/>\n\t<meta property=\"og:image:type\" content=\"image\/png\" \/>\n<meta name=\"author\" content=\"Maria Eugenia Ifer Puntigliano\" \/>\n<meta name=\"twitter:card\" content=\"summary_large_image\" \/>\n<meta name=\"twitter:creator\" content=\"@suport_org\" \/>\n<meta name=\"twitter:site\" content=\"@suport_org\" \/>\n<meta name=\"twitter:label1\" content=\"Escrito por\" \/>\n\t<meta name=\"twitter:data1\" content=\"Maria Eugenia Ifer Puntigliano\" \/>\n\t<meta name=\"twitter:label2\" content=\"Tiempo de lectura\" \/>\n\t<meta name=\"twitter:data2\" content=\"4 minutos\" \/>\n<script type=\"application\/ld+json\" class=\"yoast-schema-graph\">{\"@context\":\"https:\\\/\\\/schema.org\",\"@graph\":[{\"@type\":\"Article\",\"@id\":\"https:\\\/\\\/suport.fundesplai.org\\\/es\\\/blog-es\\\/economico\\\/que-es-el-domicilio-social-de-una-entidad\\\/#article\",\"isPartOf\":{\"@id\":\"https:\\\/\\\/suport.fundesplai.org\\\/es\\\/blog-es\\\/economico\\\/que-es-el-domicilio-social-de-una-entidad\\\/\"},\"author\":{\"name\":\"Maria Eugenia Ifer Puntigliano\",\"@id\":\"https:\\\/\\\/suport.fundesplai.org\\\/es\\\/#\\\/schema\\\/person\\\/d67e880480b45b41df0ab5d2c3670fba\"},\"headline\":\"\u00bfQu\u00e9 es el domicilio social de una entidad?\",\"datePublished\":\"2024-05-21T14:07:08+00:00\",\"dateModified\":\"2024-05-28T14:31:00+00:00\",\"mainEntityOfPage\":{\"@id\":\"https:\\\/\\\/suport.fundesplai.org\\\/es\\\/blog-es\\\/economico\\\/que-es-el-domicilio-social-de-una-entidad\\\/\"},\"wordCount\":922,\"publisher\":{\"@id\":\"https:\\\/\\\/suport.fundesplai.org\\\/es\\\/#organization\"},\"image\":{\"@id\":\"https:\\\/\\\/suport.fundesplai.org\\\/es\\\/blog-es\\\/economico\\\/que-es-el-domicilio-social-de-una-entidad\\\/#primaryimage\"},\"thumbnailUrl\":\"https:\\\/\\\/suport.fundesplai.org\\\/wp-content\\\/uploads\\\/2024\\\/05\\\/1.png\",\"articleSection\":[\"Actualidad\",\"Blog\",\"Econ\u00f3mico\"],\"inLanguage\":\"es\"},{\"@type\":\"WebPage\",\"@id\":\"https:\\\/\\\/suport.fundesplai.org\\\/es\\\/blog-es\\\/economico\\\/que-es-el-domicilio-social-de-una-entidad\\\/\",\"url\":\"https:\\\/\\\/suport.fundesplai.org\\\/es\\\/blog-es\\\/economico\\\/que-es-el-domicilio-social-de-una-entidad\\\/\",\"name\":\"\u00bfQu\u00e9 es el domicilio social de una entidad? - Suport Tercer Sector - Fundesplai\",\"isPartOf\":{\"@id\":\"https:\\\/\\\/suport.fundesplai.org\\\/es\\\/#website\"},\"primaryImageOfPage\":{\"@id\":\"https:\\\/\\\/suport.fundesplai.org\\\/es\\\/blog-es\\\/economico\\\/que-es-el-domicilio-social-de-una-entidad\\\/#primaryimage\"},\"image\":{\"@id\":\"https:\\\/\\\/suport.fundesplai.org\\\/es\\\/blog-es\\\/economico\\\/que-es-el-domicilio-social-de-una-entidad\\\/#primaryimage\"},\"thumbnailUrl\":\"https:\\\/\\\/suport.fundesplai.org\\\/wp-content\\\/uploads\\\/2024\\\/05\\\/1.png\",\"datePublished\":\"2024-05-21T14:07:08+00:00\",\"dateModified\":\"2024-05-28T14:31:00+00:00\",\"description\":\"El domicilio social de una entidad es donde radica la administraci\u00f3n y direcci\u00f3n de la organizaci\u00f3n, as\u00ed como el principal centro de actividades.\",\"breadcrumb\":{\"@id\":\"https:\\\/\\\/suport.fundesplai.org\\\/es\\\/blog-es\\\/economico\\\/que-es-el-domicilio-social-de-una-entidad\\\/#breadcrumb\"},\"inLanguage\":\"es\",\"potentialAction\":[{\"@type\":\"ReadAction\",\"target\":[\"https:\\\/\\\/suport.fundesplai.org\\\/es\\\/blog-es\\\/economico\\\/que-es-el-domicilio-social-de-una-entidad\\\/\"]}]},{\"@type\":\"ImageObject\",\"inLanguage\":\"es\",\"@id\":\"https:\\\/\\\/suport.fundesplai.org\\\/es\\\/blog-es\\\/economico\\\/que-es-el-domicilio-social-de-una-entidad\\\/#primaryimage\",\"url\":\"https:\\\/\\\/suport.fundesplai.org\\\/wp-content\\\/uploads\\\/2024\\\/05\\\/1.png\",\"contentUrl\":\"https:\\\/\\\/suport.fundesplai.org\\\/wp-content\\\/uploads\\\/2024\\\/05\\\/1.png\",\"width\":540,\"height\":316},{\"@type\":\"BreadcrumbList\",\"@id\":\"https:\\\/\\\/suport.fundesplai.org\\\/es\\\/blog-es\\\/economico\\\/que-es-el-domicilio-social-de-una-entidad\\\/#breadcrumb\",\"itemListElement\":[{\"@type\":\"ListItem\",\"position\":1,\"name\":\"Inici\",\"item\":\"https:\\\/\\\/suport.fundesplai.org\\\/es\\\/\"},{\"@type\":\"ListItem\",\"position\":2,\"name\":\"Blog\",\"item\":\"https:\\\/\\\/suport.fundesplai.org\\\/es\\\/blog-es\\\/\"},{\"@type\":\"ListItem\",\"position\":3,\"name\":\"Econ\u00f3mico\",\"item\":\"https:\\\/\\\/suport.fundesplai.org\\\/es\\\/blog-es\\\/economico\\\/\"},{\"@type\":\"ListItem\",\"position\":4,\"name\":\"\u00bfQu\u00e9 es el domicilio social de una entidad?\"}]},{\"@type\":\"WebSite\",\"@id\":\"https:\\\/\\\/suport.fundesplai.org\\\/es\\\/#website\",\"url\":\"https:\\\/\\\/suport.fundesplai.org\\\/es\\\/\",\"name\":\"Suport Tercer Sector - Fundesplai\",\"description\":\"Gesti\u00f3n de asociaciones y fundaciones\",\"publisher\":{\"@id\":\"https:\\\/\\\/suport.fundesplai.org\\\/es\\\/#organization\"},\"potentialAction\":[{\"@type\":\"SearchAction\",\"target\":{\"@type\":\"EntryPoint\",\"urlTemplate\":\"https:\\\/\\\/suport.fundesplai.org\\\/es\\\/?s={search_term_string}\"},\"query-input\":{\"@type\":\"PropertyValueSpecification\",\"valueRequired\":true,\"valueName\":\"search_term_string\"}}],\"inLanguage\":\"es\"},{\"@type\":\"Organization\",\"@id\":\"https:\\\/\\\/suport.fundesplai.org\\\/es\\\/#organization\",\"name\":\"Suport Tercer Sector de Fundesplai per entitats i associacions\",\"url\":\"https:\\\/\\\/suport.fundesplai.org\\\/es\\\/\",\"logo\":{\"@type\":\"ImageObject\",\"inLanguage\":\"es\",\"@id\":\"https:\\\/\\\/suport.fundesplai.org\\\/es\\\/#\\\/schema\\\/logo\\\/image\\\/\",\"url\":\"https:\\\/\\\/suport.fundesplai.org\\\/wp-content\\\/uploads\\\/2019\\\/08\\\/lgo-suport-tercer-sector-fe-2.png\",\"contentUrl\":\"https:\\\/\\\/suport.fundesplai.org\\\/wp-content\\\/uploads\\\/2019\\\/08\\\/lgo-suport-tercer-sector-fe-2.png\",\"width\":300,\"height\":141,\"caption\":\"Suport Tercer Sector de Fundesplai per entitats i associacions\"},\"image\":{\"@id\":\"https:\\\/\\\/suport.fundesplai.org\\\/es\\\/#\\\/schema\\\/logo\\\/image\\\/\"},\"sameAs\":[\"https:\\\/\\\/www.facebook.com\\\/Fundesplai\\\/\",\"https:\\\/\\\/x.com\\\/suport_org\",\"https:\\\/\\\/www.instagram.com\\\/fundesplai\\\/\",\"https:\\\/\\\/www.linkedin.com\\\/company\\\/fundesplai\",\"https:\\\/\\\/www.youtube.com\\\/channel\\\/UCGaevIfQeecUHeWq1m-WLYw\",\"https:\\\/\\\/ca.wikipedia.org\\\/wiki\\\/Fundaci\u00f3_Catalana_de_l'Esplai\"]},{\"@type\":\"Person\",\"@id\":\"https:\\\/\\\/suport.fundesplai.org\\\/es\\\/#\\\/schema\\\/person\\\/d67e880480b45b41df0ab5d2c3670fba\",\"name\":\"Maria Eugenia Ifer Puntigliano\",\"image\":{\"@type\":\"ImageObject\",\"inLanguage\":\"es\",\"@id\":\"https:\\\/\\\/secure.gravatar.com\\\/avatar\\\/d6f452030d1e5d988a270d205fbc06489eac700fb463d9abd26f76d07f8fa0d8?s=96&d=monsterid&r=g\",\"url\":\"https:\\\/\\\/secure.gravatar.com\\\/avatar\\\/d6f452030d1e5d988a270d205fbc06489eac700fb463d9abd26f76d07f8fa0d8?s=96&d=monsterid&r=g\",\"contentUrl\":\"https:\\\/\\\/secure.gravatar.com\\\/avatar\\\/d6f452030d1e5d988a270d205fbc06489eac700fb463d9abd26f76d07f8fa0d8?s=96&d=monsterid&r=g\",\"caption\":\"Maria Eugenia Ifer Puntigliano\"},\"url\":\"https:\\\/\\\/suport.fundesplai.org\\\/es\\\/author\\\/meifer\\\/\"}]}<\/script>\n<!-- \/ Yoast SEO plugin. -->","yoast_head_json":{"title":"\u00bfQu\u00e9 es el domicilio social de una entidad? - Suport Tercer Sector - Fundesplai","description":"El domicilio social de una entidad es donde radica la administraci\u00f3n y direcci\u00f3n de la organizaci\u00f3n, as\u00ed como el principal centro de actividades.","robots":{"index":"index","follow":"follow","max-snippet":"max-snippet:-1","max-image-preview":"max-image-preview:large","max-video-preview":"max-video-preview:-1"},"canonical":"https:\/\/suport.fundesplai.org\/es\/blog-es\/economico\/que-es-el-domicilio-social-de-una-entidad\/","og_locale":"es_ES","og_type":"article","og_title":"\u00bfQu\u00e9 es el domicilio social de una entidad? - Suport Tercer Sector - Fundesplai","og_description":"El domicilio social de una entidad es donde radica la administraci\u00f3n y direcci\u00f3n de la organizaci\u00f3n, as\u00ed como el principal centro de actividades.","og_url":"https:\/\/suport.fundesplai.org\/es\/blog-es\/economico\/que-es-el-domicilio-social-de-una-entidad\/","og_site_name":"Suport Tercer Sector - Fundesplai","article_publisher":"https:\/\/www.facebook.com\/Fundesplai\/","article_published_time":"2024-05-21T14:07:08+00:00","article_modified_time":"2024-05-28T14:31:00+00:00","og_image":[{"width":540,"height":316,"url":"https:\/\/suport.fundesplai.org\/wp-content\/uploads\/2024\/05\/1.png","type":"image\/png"}],"author":"Maria Eugenia Ifer Puntigliano","twitter_card":"summary_large_image","twitter_creator":"@suport_org","twitter_site":"@suport_org","twitter_misc":{"Escrito por":"Maria Eugenia Ifer Puntigliano","Tiempo de lectura":"4 minutos"},"schema":{"@context":"https:\/\/schema.org","@graph":[{"@type":"Article","@id":"https:\/\/suport.fundesplai.org\/es\/blog-es\/economico\/que-es-el-domicilio-social-de-una-entidad\/#article","isPartOf":{"@id":"https:\/\/suport.fundesplai.org\/es\/blog-es\/economico\/que-es-el-domicilio-social-de-una-entidad\/"},"author":{"name":"Maria Eugenia Ifer Puntigliano","@id":"https:\/\/suport.fundesplai.org\/es\/#\/schema\/person\/d67e880480b45b41df0ab5d2c3670fba"},"headline":"\u00bfQu\u00e9 es el domicilio social de una entidad?","datePublished":"2024-05-21T14:07:08+00:00","dateModified":"2024-05-28T14:31:00+00:00","mainEntityOfPage":{"@id":"https:\/\/suport.fundesplai.org\/es\/blog-es\/economico\/que-es-el-domicilio-social-de-una-entidad\/"},"wordCount":922,"publisher":{"@id":"https:\/\/suport.fundesplai.org\/es\/#organization"},"image":{"@id":"https:\/\/suport.fundesplai.org\/es\/blog-es\/economico\/que-es-el-domicilio-social-de-una-entidad\/#primaryimage"},"thumbnailUrl":"https:\/\/suport.fundesplai.org\/wp-content\/uploads\/2024\/05\/1.png","articleSection":["Actualidad","Blog","Econ\u00f3mico"],"inLanguage":"es"},{"@type":"WebPage","@id":"https:\/\/suport.fundesplai.org\/es\/blog-es\/economico\/que-es-el-domicilio-social-de-una-entidad\/","url":"https:\/\/suport.fundesplai.org\/es\/blog-es\/economico\/que-es-el-domicilio-social-de-una-entidad\/","name":"\u00bfQu\u00e9 es el domicilio social de una entidad? - Suport Tercer Sector - Fundesplai","isPartOf":{"@id":"https:\/\/suport.fundesplai.org\/es\/#website"},"primaryImageOfPage":{"@id":"https:\/\/suport.fundesplai.org\/es\/blog-es\/economico\/que-es-el-domicilio-social-de-una-entidad\/#primaryimage"},"image":{"@id":"https:\/\/suport.fundesplai.org\/es\/blog-es\/economico\/que-es-el-domicilio-social-de-una-entidad\/#primaryimage"},"thumbnailUrl":"https:\/\/suport.fundesplai.org\/wp-content\/uploads\/2024\/05\/1.png","datePublished":"2024-05-21T14:07:08+00:00","dateModified":"2024-05-28T14:31:00+00:00","description":"El domicilio social de una entidad es donde radica la administraci\u00f3n y direcci\u00f3n de la organizaci\u00f3n, as\u00ed como el principal centro de actividades.","breadcrumb":{"@id":"https:\/\/suport.fundesplai.org\/es\/blog-es\/economico\/que-es-el-domicilio-social-de-una-entidad\/#breadcrumb"},"inLanguage":"es","potentialAction":[{"@type":"ReadAction","target":["https:\/\/suport.fundesplai.org\/es\/blog-es\/economico\/que-es-el-domicilio-social-de-una-entidad\/"]}]},{"@type":"ImageObject","inLanguage":"es","@id":"https:\/\/suport.fundesplai.org\/es\/blog-es\/economico\/que-es-el-domicilio-social-de-una-entidad\/#primaryimage","url":"https:\/\/suport.fundesplai.org\/wp-content\/uploads\/2024\/05\/1.png","contentUrl":"https:\/\/suport.fundesplai.org\/wp-content\/uploads\/2024\/05\/1.png","width":540,"height":316},{"@type":"BreadcrumbList","@id":"https:\/\/suport.fundesplai.org\/es\/blog-es\/economico\/que-es-el-domicilio-social-de-una-entidad\/#breadcrumb","itemListElement":[{"@type":"ListItem","position":1,"name":"Inici","item":"https:\/\/suport.fundesplai.org\/es\/"},{"@type":"ListItem","position":2,"name":"Blog","item":"https:\/\/suport.fundesplai.org\/es\/blog-es\/"},{"@type":"ListItem","position":3,"name":"Econ\u00f3mico","item":"https:\/\/suport.fundesplai.org\/es\/blog-es\/economico\/"},{"@type":"ListItem","position":4,"name":"\u00bfQu\u00e9 es el domicilio social de una entidad?"}]},{"@type":"WebSite","@id":"https:\/\/suport.fundesplai.org\/es\/#website","url":"https:\/\/suport.fundesplai.org\/es\/","name":"Suport Tercer Sector - Fundesplai","description":"Gesti\u00f3n de asociaciones y fundaciones","publisher":{"@id":"https:\/\/suport.fundesplai.org\/es\/#organization"},"potentialAction":[{"@type":"SearchAction","target":{"@type":"EntryPoint","urlTemplate":"https:\/\/suport.fundesplai.org\/es\/?s={search_term_string}"},"query-input":{"@type":"PropertyValueSpecification","valueRequired":true,"valueName":"search_term_string"}}],"inLanguage":"es"},{"@type":"Organization","@id":"https:\/\/suport.fundesplai.org\/es\/#organization","name":"Suport Tercer Sector de Fundesplai per entitats i associacions","url":"https:\/\/suport.fundesplai.org\/es\/","logo":{"@type":"ImageObject","inLanguage":"es","@id":"https:\/\/suport.fundesplai.org\/es\/#\/schema\/logo\/image\/","url":"https:\/\/suport.fundesplai.org\/wp-content\/uploads\/2019\/08\/lgo-suport-tercer-sector-fe-2.png","contentUrl":"https:\/\/suport.fundesplai.org\/wp-content\/uploads\/2019\/08\/lgo-suport-tercer-sector-fe-2.png","width":300,"height":141,"caption":"Suport Tercer Sector de Fundesplai per entitats i associacions"},"image":{"@id":"https:\/\/suport.fundesplai.org\/es\/#\/schema\/logo\/image\/"},"sameAs":["https:\/\/www.facebook.com\/Fundesplai\/","https:\/\/x.com\/suport_org","https:\/\/www.instagram.com\/fundesplai\/","https:\/\/www.linkedin.com\/company\/fundesplai","https:\/\/www.youtube.com\/channel\/UCGaevIfQeecUHeWq1m-WLYw","https:\/\/ca.wikipedia.org\/wiki\/Fundaci\u00f3_Catalana_de_l'Esplai"]},{"@type":"Person","@id":"https:\/\/suport.fundesplai.org\/es\/#\/schema\/person\/d67e880480b45b41df0ab5d2c3670fba","name":"Maria Eugenia Ifer Puntigliano","image":{"@type":"ImageObject","inLanguage":"es","@id":"https:\/\/secure.gravatar.com\/avatar\/d6f452030d1e5d988a270d205fbc06489eac700fb463d9abd26f76d07f8fa0d8?s=96&d=monsterid&r=g","url":"https:\/\/secure.gravatar.com\/avatar\/d6f452030d1e5d988a270d205fbc06489eac700fb463d9abd26f76d07f8fa0d8?s=96&d=monsterid&r=g","contentUrl":"https:\/\/secure.gravatar.com\/avatar\/d6f452030d1e5d988a270d205fbc06489eac700fb463d9abd26f76d07f8fa0d8?s=96&d=monsterid&r=g","caption":"Maria Eugenia Ifer Puntigliano"},"url":"https:\/\/suport.fundesplai.org\/es\/author\/meifer\/"}]}},"_links":{"self":[{"href":"https:\/\/suport.fundesplai.org\/es\/wp-json\/wp\/v2\/posts\/27261","targetHints":{"allow":["GET"]}}],"collection":[{"href":"https:\/\/suport.fundesplai.org\/es\/wp-json\/wp\/v2\/posts"}],"about":[{"href":"https:\/\/suport.fundesplai.org\/es\/wp-json\/wp\/v2\/types\/post"}],"author":[{"embeddable":true,"href":"https:\/\/suport.fundesplai.org\/es\/wp-json\/wp\/v2\/users\/377"}],"replies":[{"embeddable":true,"href":"https:\/\/suport.fundesplai.org\/es\/wp-json\/wp\/v2\/comments?post=27261"}],"version-history":[{"count":3,"href":"https:\/\/suport.fundesplai.org\/es\/wp-json\/wp\/v2\/posts\/27261\/revisions"}],"predecessor-version":[{"id":27274,"href":"https:\/\/suport.fundesplai.org\/es\/wp-json\/wp\/v2\/posts\/27261\/revisions\/27274"}],"wp:featuredmedia":[{"embeddable":true,"href":"https:\/\/suport.fundesplai.org\/es\/wp-json\/wp\/v2\/media\/27078"}],"wp:attachment":[{"href":"https:\/\/suport.fundesplai.org\/es\/wp-json\/wp\/v2\/media?parent=27261"}],"wp:term":[{"taxonomy":"category","embeddable":true,"href":"https:\/\/suport.fundesplai.org\/es\/wp-json\/wp\/v2\/categories?post=27261"},{"taxonomy":"post_tag","embeddable":true,"href":"https:\/\/suport.fundesplai.org\/es\/wp-json\/wp\/v2\/tags?post=27261"}],"curies":[{"name":"wp","href":"https:\/\/api.w.org\/{rel}","templated":true}]}}