{"id":29471,"date":"2024-11-07T12:09:41","date_gmt":"2024-11-07T11:09:41","guid":{"rendered":"https:\/\/suport.fundesplai.org\/blog-es\/actualidad\/el-estigma-y-la-invisibilidad-obstaculos-para-la-inclusion-sociolaboral-de-las-personas-trans\/"},"modified":"2024-11-07T12:18:16","modified_gmt":"2024-11-07T11:18:16","slug":"el-estigma-y-la-invisibilidad-obstaculos-para-la-inclusion-sociolaboral-de-las-personas-trans","status":"publish","type":"post","link":"https:\/\/suport.fundesplai.org\/es\/blog-es\/recursos-igualdad\/el-estigma-y-la-invisibilidad-obstaculos-para-la-inclusion-sociolaboral-de-las-personas-trans\/","title":{"rendered":"El estigma y la invisibilidad, obst\u00e1culos para la inclusi\u00f3n sociolaboral de las personas trans"},"content":{"rendered":"<p>[et_pb_section fb_built=\u00bb1&#8243; _builder_version=\u00bb4.21.0&#8243; _module_preset=\u00bbdefault\u00bb global_colors_info=\u00bb{}\u00bb][et_pb_row _builder_version=\u00bb4.21.0&#8243; _module_preset=\u00bbdefault\u00bb global_colors_info=\u00bb{}\u00bb][et_pb_column type=\u00bb4_4&#8243; _builder_version=\u00bb4.21.0&#8243; _module_preset=\u00bbdefault\u00bb global_colors_info=\u00bb{}\u00bb][et_pb_text _builder_version=\u00bb4.27.0&#8243; _module_preset=\u00bbdefault\u00bb hover_enabled=\u00bb0&#8243; global_colors_info=\u00bb{}\u00bb sticky_enabled=\u00bb0&#8243;]<\/p>\n<p>Hablamos con <strong>Bikendi Ulibarri<\/strong> , integrador social y responsable del <strong>programa ESAL de Acci\u00f3n Social de Fundesplai<\/strong> , sobre la inclusi\u00f3n de las personas trans en el mundo laboral.<\/p>\n<p><a href=\"https:\/\/serveiocupacio.gencat.cat\/es\/entitats\/subvencions-foment-ocupacio\/Programa-Treball-i-Formacio-ESAL\/index.html\" target=\"_blank\" rel=\"noopener\">El proyecto ESAL<\/a> (Entidad Sin \u00c1nimo de Lucro) es una l\u00ednea de las subvenciones del <strong>Departamento de Trabajo y Formaci\u00f3n del Servicio de Ocupaci\u00f3n de Catalu\u00f1a<\/strong> para la mejora de la empleabilidad de personas en situaci\u00f3n de desempleo de larga duraci\u00f3n, mujeres cisg\u00e9nero en situaci\u00f3n de vulnerabilidad y personas trans.<\/p>\n<p>Las personas beneficiarias del programa ESAL <strong>trabajan durante doce meses<\/strong> en entidades, asociaciones, fundaciones o instituciones p\u00fablicas a las que se les haya otorgado la subvenci\u00f3n. Durante los doce meses de contrato, las personas participantes reciben un <strong>acompa\u00f1amiento<\/strong> por parte de una persona t\u00e9cnica encargada de desarrollar el proyecto y una formaci\u00f3n de m\u00e1s de 75 horas. Los tres elementos operan de forma sin\u00e9rgica en la <strong>mejora de la situaci\u00f3n de la persona<\/strong> , ya que el aprendizaje es integral: se adquieren las <strong>competencias t\u00e9cnicas<\/strong> del puesto de trabajo y las transversales a partir del <strong>acompa\u00f1amiento individual, grupal y la formaci\u00f3n<\/strong> . Asimismo, el acompa\u00f1amiento individual constituye un <strong>apoyo socioemocional<\/strong> durante el proceso de la persona.<\/p>\n<p>Una parte a destacar del programa es la duraci\u00f3n, ya que otros servicios y proyectos de inserci\u00f3n sociolaboral ofrecen procesos m\u00e1s cortos y, por tanto, abordan con menor profundidad la ra\u00edz de la problem\u00e1tica.<\/p>\n<h3><strong>\u00bfCu\u00e1les son las principales barreras que enfrentan las personas trans para entrar en el mundo laboral?<\/strong><\/h3>\n<p>Las <strong>barreras<\/strong> que enfrentamos las personas trans para entrar en el mundo laboral son diversas y <strong>suelen tener un v\u00ednculo entre ellas<\/strong> . Las discriminaciones no se producen de forma aislada, sino que suelen darse juntas. Yo recalcar\u00eda dos ejes principales de discriminaci\u00f3n: el <strong>estigma<\/strong> y la <strong>invisibilidad<\/strong> .<\/p>\n<h3><strong>\u00bfQu\u00e9 entendemos por el estigma?<\/strong><\/h3>\n<p>El estigma se refiere a las <strong>ideas preconcebidas<\/strong> que se tienen de las <strong>personas trans<\/strong> en la sociedad y que se agravan dentro del <strong>mundo laboral<\/strong> . Es una cruz que arrastramos, fruto del <strong>desconocimiento<\/strong> y la <strong>falta de comprensi\u00f3n<\/strong> . Podr\u00edamos hablar de la <strong>transmisoginia<\/strong> como fen\u00f3meno espec\u00edfico y de gran violencia.<\/p>\n<h3><strong>\u00bfQu\u00e9 es la transmisoginia?<\/strong><\/h3>\n<p>Es la <strong>discriminaci\u00f3n<\/strong> que sufren concretamente las <strong>mujeres trans<\/strong> y que describe la intersecci\u00f3n entre ser una mujer y una persona trans. Las mujeres trans hist\u00f3ricamente han arrastrado <strong>prejuicios muy fuertes<\/strong> , arraigados en nuestro imaginario, que las relega a una imagen de <strong>delincuencia<\/strong> , <strong>drogodependencia<\/strong> , <strong>trabajo sexual<\/strong> , <strong>far\u00e1ndula<\/strong> , etc. A esta imagen se le suma una <strong>visi\u00f3n mis\u00f3gina de las mujeres<\/strong> que las considera personas menos capaces de realizar determinadas cosas. Todo esto genera una actitud de sospecha y muy a menudo de desprecio por parte de las personas encargadas de hacer la <strong>selecci\u00f3n de personal<\/strong>.<\/p>\n<h3><strong>\u00bfCrees que existe un rechazo hacia las personas trans?<\/strong><\/h3>\n<p>Hay un <strong>rechazo hacia la diferencia<\/strong> en general. En el caso de las personas j\u00f3venes trans, por ejemplo, se dice que no sabemos decidirnos, que cualquiera puede definirse y sentirse como quiera y que esto no est\u00e1 bien. Se nos considera personas \u201ccaprichosas\u201d, poco capaces de mantener una estabilidad, ya que deconstruimos una idea tan f\u00e9rrea e inamovible como tradicionalmente ha sido la identidad de g\u00e9nero. Esto tambi\u00e9n tiene una afectaci\u00f3n a c\u00f3mo nos ve el mundo laboral, puesto que la \u201cpoca constancia\u201d no est\u00e1 bien valorada.<\/p>\n<h3><strong>Y, por otra parte, \u00bfqu\u00e9 implica la invisibilidad? <\/strong><\/h3>\n<p>La invisibilidad implica <strong>no saber reconocer la realidad que tienes delante<\/strong> y esto hace que no puedas crear un espacio que acoja esta realidad. Esto se visualiza f\u00e1cilmente si imaginamos a una persona trans en su puesto de trabajo y nos planteamos una serie de preguntas: \u00bfen su entorno laboral, tiene la posibilidad de utilizar el nombre sentido en vez del nombre registral? \u00bfTenemos instalaciones inclusivas, como por ejemplo, lavabos sin distinci\u00f3n de g\u00e9nero? \u00bfLas personas de nuestro entorno laboral conocen nuestra realidad? \u00bfSe hacen preguntas? \u00bfNos hacen las preguntas pertinentes? \u00bfNos preguntan cosas que transgreden nuestra intimidad y claramente pasan una l\u00ednea de respeto? \u00bfNos tratan con los pronombres y g\u00e9nero(s) gramatical(s) por los que hemos expresado preferencia?<\/p>\n<h3><strong>\u00bfQu\u00e9 conclusiones podemos sacar de las respuestas a estas preguntas? <\/strong><\/h3>\n<p>Las respuestas suelen dar una <strong>perspectiva pesimista de nuestra situaci\u00f3n<\/strong> . Si entramos a nombrar identidades de g\u00e9nero, claramente las personas no binarias salimos muy escaldadas de estas situaciones. <strong>Ocupamos el no-lugar<\/strong>: cuando la respuesta a todas estas preguntas es negativa, no dejamos de ocupar un lugar, pero este lugar no est\u00e1 contemplado por las estructuras cisheteropatriarcales.<\/p>\n<h3><strong>\u00bfQu\u00e9 medidas facilitar\u00edan la inclusi\u00f3n de las personas trans en el mundo laboral? <\/strong><\/h3>\n<p>En primer lugar, <strong>conocer, comprender y aceptar<\/strong> realidades distintas. Son necesarias muchas <strong>medidas de sensibilizaci\u00f3n<\/strong> , especialmente creadas e impartidas por personas trans que tengan recorrido en esta clase de formaciones y acompa\u00f1amientos. Es fundamental <strong>generar espacios seguros<\/strong> , que no sean hostiles para las personas trans, de los que no queramos irnos y que no tengan una afectaci\u00f3n negativa en nuestra salud mental.<\/p>\n<h3><strong>\u00bfC\u00f3mo podemos generar espacios seguros para las personas trans? <\/strong><\/h3>\n<p>De entrada, <strong>es necesario respetar el nombre sentido y el g\u00e9nero gramatical o pronombres<\/strong> por los que la persona tiene preferencia. Tambi\u00e9n hay que <strong>evitar hacer preguntas que transgredan la intimidad<\/strong> o el pasado de la persona, puesto que no conocemos su relaci\u00f3n con este pasado o con los procesos que como persona trans ha pasado. Adem\u00e1s, debemos <strong>trabajar la aceptaci\u00f3n para deconstruirnos<\/strong> y dejar de tener <strong>actitudes violentas<\/strong> y <strong>\u201cmicroviolentas\u201d<\/strong> . Por ejemplo, deconstruir la idea que se tiene de las mujeres trans en general, englob\u00e1ndolas a todas en una \u00fanica realidad, obviando el hecho de que cada una tiene su mochila vital propia.<\/p>\n<h3><strong>\u00bfQu\u00e9 medidas podr\u00edan llevarse a cabo desde la administraci\u00f3n p\u00fablica?<\/strong><\/h3>\n<p><strong>Subvenciones<\/strong> <strong>para la contrataci\u00f3n<\/strong> como medida de discriminaci\u00f3n positiva, <strong>cl\u00e1usulas de inclusi\u00f3n<\/strong> en licitaciones y concursos p\u00fablicos, <strong>sensibilizaci\u00f3n<\/strong> en todos los \u00e1mbitos de la administraci\u00f3n p\u00fablica, etc.<\/p>\n<p>&nbsp;<\/p>\n<p>[\/et_pb_text][et_pb_divider _builder_version=\u00bb4.24.3&#8243; _module_preset=\u00bbdefault\u00bb custom_margin=\u00bb30px||||false|false\u00bb global_colors_info=\u00bb{}\u00bb][\/et_pb_divider][et_pb_text admin_label=\u00bbText\u00bb _builder_version=\u00bb4.27.0&#8243; _module_preset=\u00bbdefault\u00bb custom_margin=\u00bb30px||||false|false\u00bb global_colors_info=\u00bb{}\u00bb]<\/p>\n<h3>Otros contenidos relacionados:<\/h3>\n<ul>\n<li style=\"list-style-type: none\">\n<ul>\n<li><a href=\"https:\/\/suport.fundesplai.org\/es\/blog-es\/actualidad\/octubre-trans-a-favor-del-amor\/\">Octubre trans: a favor del amor<\/a><\/li>\n<li><a href=\"https:\/\/suport.fundesplai.org\/es\/blog-es\/actualidad\/novedades-para-las-entidades-a-la-hora-de-garantizar-la-igualdad-y-no-discriminacion-de-las-personas-lgtbiqa\/\">Novedades para las entidades a la hora de garantizar la igualdad y no discriminaci\u00f3n de las personas LGTBIQA+<\/a><\/li>\n<li><a href=\"https:\/\/suport.fundesplai.org\/es\/blog-es\/actualidad\/que-consecuencias-tiene-el-acoso-en-el-ambito-laboral\/\">\u00bfQu\u00e9 consecuencias tiene el acoso en el \u00e1mbito laboral?<\/a><\/li>\n<li><a href=\"https:\/\/suport.fundesplai.org\/es\/blog-es\/actualidad\/registrar-el-pla-digualtat-sense-representacio-sindical\/\">\u00bfPodemos registrar nuestro plan de igualdad sin representaci\u00f3n sindical?<\/a><\/li>\n<\/ul>\n<\/li>\n<\/ul>\n<p>&nbsp;<\/p>\n<p>[\/et_pb_text][et_pb_divider _builder_version=\u00bb4.24.3&#8243; _module_preset=\u00bbdefault\u00bb custom_margin=\u00bb30px||||false|false\u00bb global_colors_info=\u00bb{}\u00bb][\/et_pb_divider][\/et_pb_column][\/et_pb_row][et_pb_row column_structure=\u00bb3_5,2_5&#8243; _builder_version=\u00bb4.24.3&#8243; _module_preset=\u00bbdefault\u00bb global_colors_info=\u00bb{}\u00bb][et_pb_column type=\u00bb3_5&#8243; _builder_version=\u00bb4.24.3&#8243; _module_preset=\u00bbdefault\u00bb global_colors_info=\u00bb{}\u00bb][et_pb_text _builder_version=\u00bb4.24.3&#8243; _module_preset=\u00bbdefault\u00bb global_colors_info=\u00bb{}\u00bb]<\/p>\n<p>Con el apoyo del Departament d&#8217;Igualtat i Feminismes:<\/p>\n<p>[\/et_pb_text][\/et_pb_column][et_pb_column type=\u00bb2_5&#8243; _builder_version=\u00bb4.24.3&#8243; _module_preset=\u00bbdefault\u00bb global_colors_info=\u00bb{}\u00bb][et_pb_image src=\u00bbhttps:\/\/suport.fundesplai.org\/wp-content\/uploads\/2024\/04\/igualtat_h3.jpg\u00bb title_text=\u00bbigualtat_h3&#8243; _builder_version=\u00bb4.24.3&#8243; _module_preset=\u00bbdefault\u00bb global_colors_info=\u00bb{}\u00bb][\/et_pb_image][\/et_pb_column][\/et_pb_row][\/et_pb_section]<\/p>\n","protected":false},"excerpt":{"rendered":"<p>Las barreras que enfrentan las personas trans para entrar en el mundo laboral son diversas y suelen tener un v\u00ednculo entre ellas.<\/p>\n","protected":false},"author":406,"featured_media":29330,"comment_status":"closed","ping_status":"closed","sticky":false,"template":"","format":"standard","meta":{"_et_pb_use_builder":"on","_et_pb_old_content":"","_et_gb_content_width":"","footnotes":""},"categories":[1,341,896],"tags":[],"class_list":["post-29471","post","type-post","status-publish","format-standard","has-post-thumbnail","hentry","category-actualidad","category-blog-es","category-recursos-igualdad"],"yoast_head":"<!-- This site is optimized with the Yoast SEO plugin v27.4 - https:\/\/yoast.com\/product\/yoast-seo-wordpress\/ -->\n<title>Los obst\u00e1culos para la inclusi\u00f3n sociolaboral de las personas trans<\/title>\n<meta name=\"description\" content=\"Las barreras que enfrentan las personas trans para entrar en el mundo laboral son diversas y suelen tener un v\u00ednculo entre ellas.\" \/>\n<meta name=\"robots\" content=\"index, follow, max-snippet:-1, max-image-preview:large, max-video-preview:-1\" \/>\n<link rel=\"canonical\" href=\"https:\/\/suport.fundesplai.org\/es\/blog-es\/recursos-igualdad\/el-estigma-y-la-invisibilidad-obstaculos-para-la-inclusion-sociolaboral-de-las-personas-trans\/\" \/>\n<meta property=\"og:locale\" content=\"es_ES\" \/>\n<meta property=\"og:type\" content=\"article\" \/>\n<meta property=\"og:title\" content=\"Los obst\u00e1culos para la inclusi\u00f3n sociolaboral de las personas trans\" \/>\n<meta property=\"og:description\" content=\"Las barreras que enfrentan las personas trans para entrar en el mundo laboral son diversas y suelen tener un v\u00ednculo entre ellas.\" \/>\n<meta property=\"og:url\" content=\"https:\/\/suport.fundesplai.org\/es\/blog-es\/recursos-igualdad\/el-estigma-y-la-invisibilidad-obstaculos-para-la-inclusion-sociolaboral-de-las-personas-trans\/\" \/>\n<meta property=\"og:site_name\" content=\"Suport Tercer Sector - Fundesplai\" \/>\n<meta property=\"article:publisher\" content=\"https:\/\/www.facebook.com\/Fundesplai\/\" \/>\n<meta property=\"article:published_time\" content=\"2024-11-07T11:09:41+00:00\" \/>\n<meta property=\"article:modified_time\" content=\"2024-11-07T11:18:16+00:00\" \/>\n<meta property=\"og:image\" content=\"https:\/\/suport.fundesplai.org\/wp-content\/uploads\/2024\/11\/Bikendi-Ulibarri-destacada-1200x572.png\" \/>\n\t<meta property=\"og:image:width\" content=\"1200\" \/>\n\t<meta property=\"og:image:height\" content=\"572\" \/>\n\t<meta property=\"og:image:type\" content=\"image\/png\" \/>\n<meta name=\"author\" content=\"jordy.cerarols\" \/>\n<meta name=\"twitter:card\" content=\"summary_large_image\" \/>\n<meta name=\"twitter:creator\" content=\"@suport_org\" \/>\n<meta name=\"twitter:site\" content=\"@suport_org\" \/>\n<meta name=\"twitter:label1\" content=\"Escrito por\" \/>\n\t<meta name=\"twitter:data1\" content=\"jordy.cerarols\" \/>\n\t<meta name=\"twitter:label2\" content=\"Tiempo de lectura\" \/>\n\t<meta name=\"twitter:data2\" content=\"6 minutos\" \/>\n<script type=\"application\/ld+json\" class=\"yoast-schema-graph\">{\"@context\":\"https:\\\/\\\/schema.org\",\"@graph\":[{\"@type\":\"Article\",\"@id\":\"https:\\\/\\\/suport.fundesplai.org\\\/es\\\/blog-es\\\/recursos-igualdad\\\/el-estigma-y-la-invisibilidad-obstaculos-para-la-inclusion-sociolaboral-de-las-personas-trans\\\/#article\",\"isPartOf\":{\"@id\":\"https:\\\/\\\/suport.fundesplai.org\\\/es\\\/blog-es\\\/recursos-igualdad\\\/el-estigma-y-la-invisibilidad-obstaculos-para-la-inclusion-sociolaboral-de-las-personas-trans\\\/\"},\"author\":{\"name\":\"jordy.cerarols\",\"@id\":\"https:\\\/\\\/suport.fundesplai.org\\\/es\\\/#\\\/schema\\\/person\\\/687b24b4a9f4b24d8ac5b02b97a89737\"},\"headline\":\"El estigma y la invisibilidad, obst\u00e1culos para la inclusi\u00f3n sociolaboral de las personas trans\",\"datePublished\":\"2024-11-07T11:09:41+00:00\",\"dateModified\":\"2024-11-07T11:18:16+00:00\",\"mainEntityOfPage\":{\"@id\":\"https:\\\/\\\/suport.fundesplai.org\\\/es\\\/blog-es\\\/recursos-igualdad\\\/el-estigma-y-la-invisibilidad-obstaculos-para-la-inclusion-sociolaboral-de-las-personas-trans\\\/\"},\"wordCount\":1321,\"publisher\":{\"@id\":\"https:\\\/\\\/suport.fundesplai.org\\\/es\\\/#organization\"},\"image\":{\"@id\":\"https:\\\/\\\/suport.fundesplai.org\\\/es\\\/blog-es\\\/recursos-igualdad\\\/el-estigma-y-la-invisibilidad-obstaculos-para-la-inclusion-sociolaboral-de-las-personas-trans\\\/#primaryimage\"},\"thumbnailUrl\":\"https:\\\/\\\/suport.fundesplai.org\\\/wp-content\\\/uploads\\\/2024\\\/11\\\/Bikendi-Ulibarri-destacada.png\",\"articleSection\":[\"Actualidad\",\"Blog\",\"Recursos igualdad y diversidad\"],\"inLanguage\":\"es\"},{\"@type\":\"WebPage\",\"@id\":\"https:\\\/\\\/suport.fundesplai.org\\\/es\\\/blog-es\\\/recursos-igualdad\\\/el-estigma-y-la-invisibilidad-obstaculos-para-la-inclusion-sociolaboral-de-las-personas-trans\\\/\",\"url\":\"https:\\\/\\\/suport.fundesplai.org\\\/es\\\/blog-es\\\/recursos-igualdad\\\/el-estigma-y-la-invisibilidad-obstaculos-para-la-inclusion-sociolaboral-de-las-personas-trans\\\/\",\"name\":\"Los obst\u00e1culos para la inclusi\u00f3n sociolaboral de las personas trans\",\"isPartOf\":{\"@id\":\"https:\\\/\\\/suport.fundesplai.org\\\/es\\\/#website\"},\"primaryImageOfPage\":{\"@id\":\"https:\\\/\\\/suport.fundesplai.org\\\/es\\\/blog-es\\\/recursos-igualdad\\\/el-estigma-y-la-invisibilidad-obstaculos-para-la-inclusion-sociolaboral-de-las-personas-trans\\\/#primaryimage\"},\"image\":{\"@id\":\"https:\\\/\\\/suport.fundesplai.org\\\/es\\\/blog-es\\\/recursos-igualdad\\\/el-estigma-y-la-invisibilidad-obstaculos-para-la-inclusion-sociolaboral-de-las-personas-trans\\\/#primaryimage\"},\"thumbnailUrl\":\"https:\\\/\\\/suport.fundesplai.org\\\/wp-content\\\/uploads\\\/2024\\\/11\\\/Bikendi-Ulibarri-destacada.png\",\"datePublished\":\"2024-11-07T11:09:41+00:00\",\"dateModified\":\"2024-11-07T11:18:16+00:00\",\"description\":\"Las barreras que enfrentan las personas trans para entrar en el mundo laboral son diversas y suelen tener un v\u00ednculo entre ellas.\",\"breadcrumb\":{\"@id\":\"https:\\\/\\\/suport.fundesplai.org\\\/es\\\/blog-es\\\/recursos-igualdad\\\/el-estigma-y-la-invisibilidad-obstaculos-para-la-inclusion-sociolaboral-de-las-personas-trans\\\/#breadcrumb\"},\"inLanguage\":\"es\",\"potentialAction\":[{\"@type\":\"ReadAction\",\"target\":[\"https:\\\/\\\/suport.fundesplai.org\\\/es\\\/blog-es\\\/recursos-igualdad\\\/el-estigma-y-la-invisibilidad-obstaculos-para-la-inclusion-sociolaboral-de-las-personas-trans\\\/\"]}]},{\"@type\":\"ImageObject\",\"inLanguage\":\"es\",\"@id\":\"https:\\\/\\\/suport.fundesplai.org\\\/es\\\/blog-es\\\/recursos-igualdad\\\/el-estigma-y-la-invisibilidad-obstaculos-para-la-inclusion-sociolaboral-de-las-personas-trans\\\/#primaryimage\",\"url\":\"https:\\\/\\\/suport.fundesplai.org\\\/wp-content\\\/uploads\\\/2024\\\/11\\\/Bikendi-Ulibarri-destacada.png\",\"contentUrl\":\"https:\\\/\\\/suport.fundesplai.org\\\/wp-content\\\/uploads\\\/2024\\\/11\\\/Bikendi-Ulibarri-destacada.png\",\"width\":1888,\"height\":900},{\"@type\":\"BreadcrumbList\",\"@id\":\"https:\\\/\\\/suport.fundesplai.org\\\/es\\\/blog-es\\\/recursos-igualdad\\\/el-estigma-y-la-invisibilidad-obstaculos-para-la-inclusion-sociolaboral-de-las-personas-trans\\\/#breadcrumb\",\"itemListElement\":[{\"@type\":\"ListItem\",\"position\":1,\"name\":\"Inici\",\"item\":\"https:\\\/\\\/suport.fundesplai.org\\\/es\\\/\"},{\"@type\":\"ListItem\",\"position\":2,\"name\":\"Blog\",\"item\":\"https:\\\/\\\/suport.fundesplai.org\\\/es\\\/blog-es\\\/\"},{\"@type\":\"ListItem\",\"position\":3,\"name\":\"Recursos igualdad y diversidad\",\"item\":\"https:\\\/\\\/suport.fundesplai.org\\\/es\\\/blog-es\\\/recursos-igualdad\\\/\"},{\"@type\":\"ListItem\",\"position\":4,\"name\":\"El estigma y la invisibilidad, obst\u00e1culos para la inclusi\u00f3n sociolaboral de las personas trans\"}]},{\"@type\":\"WebSite\",\"@id\":\"https:\\\/\\\/suport.fundesplai.org\\\/es\\\/#website\",\"url\":\"https:\\\/\\\/suport.fundesplai.org\\\/es\\\/\",\"name\":\"Suport Tercer Sector - Fundesplai\",\"description\":\"Gesti\u00f3n de asociaciones y fundaciones\",\"publisher\":{\"@id\":\"https:\\\/\\\/suport.fundesplai.org\\\/es\\\/#organization\"},\"potentialAction\":[{\"@type\":\"SearchAction\",\"target\":{\"@type\":\"EntryPoint\",\"urlTemplate\":\"https:\\\/\\\/suport.fundesplai.org\\\/es\\\/?s={search_term_string}\"},\"query-input\":{\"@type\":\"PropertyValueSpecification\",\"valueRequired\":true,\"valueName\":\"search_term_string\"}}],\"inLanguage\":\"es\"},{\"@type\":\"Organization\",\"@id\":\"https:\\\/\\\/suport.fundesplai.org\\\/es\\\/#organization\",\"name\":\"Suport Tercer Sector de Fundesplai per entitats i associacions\",\"url\":\"https:\\\/\\\/suport.fundesplai.org\\\/es\\\/\",\"logo\":{\"@type\":\"ImageObject\",\"inLanguage\":\"es\",\"@id\":\"https:\\\/\\\/suport.fundesplai.org\\\/es\\\/#\\\/schema\\\/logo\\\/image\\\/\",\"url\":\"https:\\\/\\\/suport.fundesplai.org\\\/wp-content\\\/uploads\\\/2019\\\/08\\\/lgo-suport-tercer-sector-fe-2.png\",\"contentUrl\":\"https:\\\/\\\/suport.fundesplai.org\\\/wp-content\\\/uploads\\\/2019\\\/08\\\/lgo-suport-tercer-sector-fe-2.png\",\"width\":300,\"height\":141,\"caption\":\"Suport Tercer Sector de Fundesplai per entitats i associacions\"},\"image\":{\"@id\":\"https:\\\/\\\/suport.fundesplai.org\\\/es\\\/#\\\/schema\\\/logo\\\/image\\\/\"},\"sameAs\":[\"https:\\\/\\\/www.facebook.com\\\/Fundesplai\\\/\",\"https:\\\/\\\/x.com\\\/suport_org\",\"https:\\\/\\\/www.instagram.com\\\/fundesplai\\\/\",\"https:\\\/\\\/www.linkedin.com\\\/company\\\/fundesplai\",\"https:\\\/\\\/www.youtube.com\\\/channel\\\/UCGaevIfQeecUHeWq1m-WLYw\",\"https:\\\/\\\/ca.wikipedia.org\\\/wiki\\\/Fundaci\u00f3_Catalana_de_l'Esplai\"]},{\"@type\":\"Person\",\"@id\":\"https:\\\/\\\/suport.fundesplai.org\\\/es\\\/#\\\/schema\\\/person\\\/687b24b4a9f4b24d8ac5b02b97a89737\",\"name\":\"jordy.cerarols\",\"image\":{\"@type\":\"ImageObject\",\"inLanguage\":\"es\",\"@id\":\"https:\\\/\\\/secure.gravatar.com\\\/avatar\\\/e322c43800a4e08d3df7e881ac7e2b6a228fb49932c2f1507631b924e7da509a?s=96&d=monsterid&r=g\",\"url\":\"https:\\\/\\\/secure.gravatar.com\\\/avatar\\\/e322c43800a4e08d3df7e881ac7e2b6a228fb49932c2f1507631b924e7da509a?s=96&d=monsterid&r=g\",\"contentUrl\":\"https:\\\/\\\/secure.gravatar.com\\\/avatar\\\/e322c43800a4e08d3df7e881ac7e2b6a228fb49932c2f1507631b924e7da509a?s=96&d=monsterid&r=g\",\"caption\":\"jordy.cerarols\"},\"url\":\"https:\\\/\\\/suport.fundesplai.org\\\/es\\\/author\\\/jordy-cerarols\\\/\"}]}<\/script>\n<!-- \/ Yoast SEO plugin. -->","yoast_head_json":{"title":"Los obst\u00e1culos para la inclusi\u00f3n sociolaboral de las personas trans","description":"Las barreras que enfrentan las personas trans para entrar en el mundo laboral son diversas y suelen tener un v\u00ednculo entre ellas.","robots":{"index":"index","follow":"follow","max-snippet":"max-snippet:-1","max-image-preview":"max-image-preview:large","max-video-preview":"max-video-preview:-1"},"canonical":"https:\/\/suport.fundesplai.org\/es\/blog-es\/recursos-igualdad\/el-estigma-y-la-invisibilidad-obstaculos-para-la-inclusion-sociolaboral-de-las-personas-trans\/","og_locale":"es_ES","og_type":"article","og_title":"Los obst\u00e1culos para la inclusi\u00f3n sociolaboral de las personas trans","og_description":"Las barreras que enfrentan las personas trans para entrar en el mundo laboral son diversas y suelen tener un v\u00ednculo entre ellas.","og_url":"https:\/\/suport.fundesplai.org\/es\/blog-es\/recursos-igualdad\/el-estigma-y-la-invisibilidad-obstaculos-para-la-inclusion-sociolaboral-de-las-personas-trans\/","og_site_name":"Suport Tercer Sector - Fundesplai","article_publisher":"https:\/\/www.facebook.com\/Fundesplai\/","article_published_time":"2024-11-07T11:09:41+00:00","article_modified_time":"2024-11-07T11:18:16+00:00","og_image":[{"width":1200,"height":572,"url":"https:\/\/suport.fundesplai.org\/wp-content\/uploads\/2024\/11\/Bikendi-Ulibarri-destacada-1200x572.png","type":"image\/png"}],"author":"jordy.cerarols","twitter_card":"summary_large_image","twitter_creator":"@suport_org","twitter_site":"@suport_org","twitter_misc":{"Escrito por":"jordy.cerarols","Tiempo de lectura":"6 minutos"},"schema":{"@context":"https:\/\/schema.org","@graph":[{"@type":"Article","@id":"https:\/\/suport.fundesplai.org\/es\/blog-es\/recursos-igualdad\/el-estigma-y-la-invisibilidad-obstaculos-para-la-inclusion-sociolaboral-de-las-personas-trans\/#article","isPartOf":{"@id":"https:\/\/suport.fundesplai.org\/es\/blog-es\/recursos-igualdad\/el-estigma-y-la-invisibilidad-obstaculos-para-la-inclusion-sociolaboral-de-las-personas-trans\/"},"author":{"name":"jordy.cerarols","@id":"https:\/\/suport.fundesplai.org\/es\/#\/schema\/person\/687b24b4a9f4b24d8ac5b02b97a89737"},"headline":"El estigma y la invisibilidad, obst\u00e1culos para la inclusi\u00f3n sociolaboral de las personas trans","datePublished":"2024-11-07T11:09:41+00:00","dateModified":"2024-11-07T11:18:16+00:00","mainEntityOfPage":{"@id":"https:\/\/suport.fundesplai.org\/es\/blog-es\/recursos-igualdad\/el-estigma-y-la-invisibilidad-obstaculos-para-la-inclusion-sociolaboral-de-las-personas-trans\/"},"wordCount":1321,"publisher":{"@id":"https:\/\/suport.fundesplai.org\/es\/#organization"},"image":{"@id":"https:\/\/suport.fundesplai.org\/es\/blog-es\/recursos-igualdad\/el-estigma-y-la-invisibilidad-obstaculos-para-la-inclusion-sociolaboral-de-las-personas-trans\/#primaryimage"},"thumbnailUrl":"https:\/\/suport.fundesplai.org\/wp-content\/uploads\/2024\/11\/Bikendi-Ulibarri-destacada.png","articleSection":["Actualidad","Blog","Recursos igualdad y diversidad"],"inLanguage":"es"},{"@type":"WebPage","@id":"https:\/\/suport.fundesplai.org\/es\/blog-es\/recursos-igualdad\/el-estigma-y-la-invisibilidad-obstaculos-para-la-inclusion-sociolaboral-de-las-personas-trans\/","url":"https:\/\/suport.fundesplai.org\/es\/blog-es\/recursos-igualdad\/el-estigma-y-la-invisibilidad-obstaculos-para-la-inclusion-sociolaboral-de-las-personas-trans\/","name":"Los obst\u00e1culos para la inclusi\u00f3n sociolaboral de las personas trans","isPartOf":{"@id":"https:\/\/suport.fundesplai.org\/es\/#website"},"primaryImageOfPage":{"@id":"https:\/\/suport.fundesplai.org\/es\/blog-es\/recursos-igualdad\/el-estigma-y-la-invisibilidad-obstaculos-para-la-inclusion-sociolaboral-de-las-personas-trans\/#primaryimage"},"image":{"@id":"https:\/\/suport.fundesplai.org\/es\/blog-es\/recursos-igualdad\/el-estigma-y-la-invisibilidad-obstaculos-para-la-inclusion-sociolaboral-de-las-personas-trans\/#primaryimage"},"thumbnailUrl":"https:\/\/suport.fundesplai.org\/wp-content\/uploads\/2024\/11\/Bikendi-Ulibarri-destacada.png","datePublished":"2024-11-07T11:09:41+00:00","dateModified":"2024-11-07T11:18:16+00:00","description":"Las barreras que enfrentan las personas trans para entrar en el mundo laboral son diversas y suelen tener un v\u00ednculo entre ellas.","breadcrumb":{"@id":"https:\/\/suport.fundesplai.org\/es\/blog-es\/recursos-igualdad\/el-estigma-y-la-invisibilidad-obstaculos-para-la-inclusion-sociolaboral-de-las-personas-trans\/#breadcrumb"},"inLanguage":"es","potentialAction":[{"@type":"ReadAction","target":["https:\/\/suport.fundesplai.org\/es\/blog-es\/recursos-igualdad\/el-estigma-y-la-invisibilidad-obstaculos-para-la-inclusion-sociolaboral-de-las-personas-trans\/"]}]},{"@type":"ImageObject","inLanguage":"es","@id":"https:\/\/suport.fundesplai.org\/es\/blog-es\/recursos-igualdad\/el-estigma-y-la-invisibilidad-obstaculos-para-la-inclusion-sociolaboral-de-las-personas-trans\/#primaryimage","url":"https:\/\/suport.fundesplai.org\/wp-content\/uploads\/2024\/11\/Bikendi-Ulibarri-destacada.png","contentUrl":"https:\/\/suport.fundesplai.org\/wp-content\/uploads\/2024\/11\/Bikendi-Ulibarri-destacada.png","width":1888,"height":900},{"@type":"BreadcrumbList","@id":"https:\/\/suport.fundesplai.org\/es\/blog-es\/recursos-igualdad\/el-estigma-y-la-invisibilidad-obstaculos-para-la-inclusion-sociolaboral-de-las-personas-trans\/#breadcrumb","itemListElement":[{"@type":"ListItem","position":1,"name":"Inici","item":"https:\/\/suport.fundesplai.org\/es\/"},{"@type":"ListItem","position":2,"name":"Blog","item":"https:\/\/suport.fundesplai.org\/es\/blog-es\/"},{"@type":"ListItem","position":3,"name":"Recursos igualdad y diversidad","item":"https:\/\/suport.fundesplai.org\/es\/blog-es\/recursos-igualdad\/"},{"@type":"ListItem","position":4,"name":"El estigma y la invisibilidad, obst\u00e1culos para la inclusi\u00f3n sociolaboral de las personas trans"}]},{"@type":"WebSite","@id":"https:\/\/suport.fundesplai.org\/es\/#website","url":"https:\/\/suport.fundesplai.org\/es\/","name":"Suport Tercer Sector - Fundesplai","description":"Gesti\u00f3n de asociaciones y fundaciones","publisher":{"@id":"https:\/\/suport.fundesplai.org\/es\/#organization"},"potentialAction":[{"@type":"SearchAction","target":{"@type":"EntryPoint","urlTemplate":"https:\/\/suport.fundesplai.org\/es\/?s={search_term_string}"},"query-input":{"@type":"PropertyValueSpecification","valueRequired":true,"valueName":"search_term_string"}}],"inLanguage":"es"},{"@type":"Organization","@id":"https:\/\/suport.fundesplai.org\/es\/#organization","name":"Suport Tercer Sector de Fundesplai per entitats i associacions","url":"https:\/\/suport.fundesplai.org\/es\/","logo":{"@type":"ImageObject","inLanguage":"es","@id":"https:\/\/suport.fundesplai.org\/es\/#\/schema\/logo\/image\/","url":"https:\/\/suport.fundesplai.org\/wp-content\/uploads\/2019\/08\/lgo-suport-tercer-sector-fe-2.png","contentUrl":"https:\/\/suport.fundesplai.org\/wp-content\/uploads\/2019\/08\/lgo-suport-tercer-sector-fe-2.png","width":300,"height":141,"caption":"Suport Tercer Sector de Fundesplai per entitats i associacions"},"image":{"@id":"https:\/\/suport.fundesplai.org\/es\/#\/schema\/logo\/image\/"},"sameAs":["https:\/\/www.facebook.com\/Fundesplai\/","https:\/\/x.com\/suport_org","https:\/\/www.instagram.com\/fundesplai\/","https:\/\/www.linkedin.com\/company\/fundesplai","https:\/\/www.youtube.com\/channel\/UCGaevIfQeecUHeWq1m-WLYw","https:\/\/ca.wikipedia.org\/wiki\/Fundaci\u00f3_Catalana_de_l'Esplai"]},{"@type":"Person","@id":"https:\/\/suport.fundesplai.org\/es\/#\/schema\/person\/687b24b4a9f4b24d8ac5b02b97a89737","name":"jordy.cerarols","image":{"@type":"ImageObject","inLanguage":"es","@id":"https:\/\/secure.gravatar.com\/avatar\/e322c43800a4e08d3df7e881ac7e2b6a228fb49932c2f1507631b924e7da509a?s=96&d=monsterid&r=g","url":"https:\/\/secure.gravatar.com\/avatar\/e322c43800a4e08d3df7e881ac7e2b6a228fb49932c2f1507631b924e7da509a?s=96&d=monsterid&r=g","contentUrl":"https:\/\/secure.gravatar.com\/avatar\/e322c43800a4e08d3df7e881ac7e2b6a228fb49932c2f1507631b924e7da509a?s=96&d=monsterid&r=g","caption":"jordy.cerarols"},"url":"https:\/\/suport.fundesplai.org\/es\/author\/jordy-cerarols\/"}]}},"_links":{"self":[{"href":"https:\/\/suport.fundesplai.org\/es\/wp-json\/wp\/v2\/posts\/29471","targetHints":{"allow":["GET"]}}],"collection":[{"href":"https:\/\/suport.fundesplai.org\/es\/wp-json\/wp\/v2\/posts"}],"about":[{"href":"https:\/\/suport.fundesplai.org\/es\/wp-json\/wp\/v2\/types\/post"}],"author":[{"embeddable":true,"href":"https:\/\/suport.fundesplai.org\/es\/wp-json\/wp\/v2\/users\/406"}],"replies":[{"embeddable":true,"href":"https:\/\/suport.fundesplai.org\/es\/wp-json\/wp\/v2\/comments?post=29471"}],"version-history":[{"count":3,"href":"https:\/\/suport.fundesplai.org\/es\/wp-json\/wp\/v2\/posts\/29471\/revisions"}],"predecessor-version":[{"id":29474,"href":"https:\/\/suport.fundesplai.org\/es\/wp-json\/wp\/v2\/posts\/29471\/revisions\/29474"}],"wp:featuredmedia":[{"embeddable":true,"href":"https:\/\/suport.fundesplai.org\/es\/wp-json\/wp\/v2\/media\/29330"}],"wp:attachment":[{"href":"https:\/\/suport.fundesplai.org\/es\/wp-json\/wp\/v2\/media?parent=29471"}],"wp:term":[{"taxonomy":"category","embeddable":true,"href":"https:\/\/suport.fundesplai.org\/es\/wp-json\/wp\/v2\/categories?post=29471"},{"taxonomy":"post_tag","embeddable":true,"href":"https:\/\/suport.fundesplai.org\/es\/wp-json\/wp\/v2\/tags?post=29471"}],"curies":[{"name":"wp","href":"https:\/\/api.w.org\/{rel}","templated":true}]}}