{"id":30247,"date":"2024-12-18T15:56:37","date_gmt":"2024-12-18T14:56:37","guid":{"rendered":"https:\/\/suport.fundesplai.org\/blog-es\/actualidad\/calendario-fiscal-2025-todas-las-fechas-y-modelos-a-conocer\/"},"modified":"2025-01-13T16:15:47","modified_gmt":"2025-01-13T15:15:47","slug":"calendario-fiscal-2025-todas-las-fechas-y-modelos-a-conocer","status":"publish","type":"post","link":"https:\/\/suport.fundesplai.org\/es\/blog-es\/fiscal-es\/calendario-fiscal-2025-todas-las-fechas-y-modelos-a-conocer\/","title":{"rendered":"Calendario fiscal 2025: todas las fechas y modelos a conocer"},"content":{"rendered":"<p>[et_pb_section fb_built=\u00bb1&#8243; _builder_version=\u00bb4.16&#8243; global_colors_info=\u00bb{}\u00bb][et_pb_row _builder_version=\u00bb4.16&#8243; background_size=\u00bbinitial\u00bb background_position=\u00bbtop_left\u00bb background_repeat=\u00bbrepeat\u00bb global_colors_info=\u00bb{}\u00bb][et_pb_column type=\u00bb4_4&#8243; _builder_version=\u00bb4.16&#8243; custom_padding=\u00bb|||\u00bb global_colors_info=\u00bb{}\u00bb custom_padding__hover=\u00bb|||\u00bb][et_pb_text admin_label=\u00bbText\u00bb _builder_version=\u00bb4.27.0&#8243; background_size=\u00bbinitial\u00bb background_position=\u00bbtop_left\u00bb background_repeat=\u00bbrepeat\u00bb hover_enabled=\u00bb0&#8243; global_colors_info=\u00bb{}\u00bb sticky_enabled=\u00bb0&#8243;]<\/p>\n<p>El <strong>calendario fiscal<\/strong> es una herramienta imprescindible para las entidades, puesto que les permite organizarse y cumplir con sus <strong>obligaciones tributarias<\/strong> dentro de los plazos establecidos. Cada a\u00f1o, la <strong>Agencia Tributaria<\/strong> publica las fechas clave para la <strong>presentaci\u00f3n de declaraciones<\/strong> y <strong>modelos fiscales<\/strong>, que var\u00edan seg\u00fan la actividad y caracter\u00edsticas econ\u00f3micas de cada organizaci\u00f3n. En este art\u00edculo, se detallan las <strong>principales obligaciones fiscales<\/strong> para <strong>2025<\/strong>, incluyendo modelos trimestrales y anuales de IRPF, IVA y otras declaraciones informativas.<\/p>\n<p>Desde el <a href=\"https:\/\/suport.fundesplai.org\/es\/servicios\/economico\/\" target=\"_blank\" rel=\"noopener\">Servicio econ\u00f3mico<\/a> de <strong>Suport Tercer Sector<\/strong> te ayudamos a presentar las declaraciones fiscales de tu entidad. Ponte en <a href=\"https:\/\/suport.fundesplai.org\/es\/consultanos\/\" target=\"_blank\" rel=\"noopener\">contacto<\/a> con nosotros y te asesoraremos.<\/p>\n<p>[\/et_pb_text][et_pb_button button_url=\u00bbhttps:\/\/suport.fundesplai.org\/es\/servicios\/economico\/\u00bb url_new_window=\u00bbon\u00bb button_text=\u00bbCont\u00e1ctanos\u00bb button_alignment=\u00bbcenter\u00bb _builder_version=\u00bb4.27.0&#8243; _module_preset=\u00bbdefault\u00bb custom_margin=\u00bb30px||||false|false\u00bb global_colors_info=\u00bb{}\u00bb][\/et_pb_button][et_pb_text admin_label=\u00bbText\u00bb _builder_version=\u00bb4.27.0&#8243; _module_preset=\u00bbdefault\u00bb custom_margin=\u00bb30px||30px||false|false\u00bb hover_enabled=\u00bb0&#8243; global_colors_info=\u00bb{}\u00bb sticky_enabled=\u00bb0&#8243;]<\/p>\n<section data-history-node-id=\"140320\">\n<h3 id=\"node-140320\">Declaraciones trimestrales de retenciones del IRPF<\/h3>\n<div class=\"field-body field-type-text-with-summary field-label-hidden field-value\">\n<p>Los <strong>modelos de retenciones del IRPF<\/strong> deben presentarse trimestralmente.<\/p>\n<ul>\n<li>Del <strong>1 al 20 de enero<\/strong> debe presentarse la declaraci\u00f3n del \u00faltimo trimestre del a\u00f1o natural anterior. La <strong>domiciliaci\u00f3n<\/strong> deber\u00e1 realizarse antes del <strong>15 de enero<\/strong>.<\/li>\n<li>Dado que el 20 de abril es domingo y el 21 es Lunes de Pascua, que es festivo auton\u00f3mico, el plazo de presentaci\u00f3n en Catalumya es del <strong>1 al 22 de abril<\/strong>. Para realizar la <strong>domiciliaci\u00f3n<\/strong> el plazo es hasta el <strong>16 de abril<\/strong>.<\/li>\n<li>En julio ocurre lo mismo que en abril, el 20 es domingo. Por este motivo, el plazo de presentaci\u00f3n es del <strong>1 al 21 de julio<\/strong>. La <strong>domiciliaci\u00f3n<\/strong> ser\u00e1 como m\u00e1ximo hasta el <strong>16 de julio<\/strong>.<\/li>\n<li>Por \u00faltimo, la \u00faltima presentaci\u00f3n del a\u00f1o se har\u00e1 del <strong>1 al 20 de octubre<\/strong>. La <strong>domiciliaci\u00f3n<\/strong> deber\u00e1 realizarse antes del <strong>15 de octubre<\/strong>.<\/li>\n<\/ul>\n<p>A continuaci\u00f3n, se detallan los <strong>modelos<\/strong> que deben presentarse trimestralmente:<\/p>\n<ul>\n<li><a href=\"https:\/\/suport.fundesplai.org\/blog\/actualitat-blog\/model-111\/\" target=\"_blank\" rel=\"noopener\">Modelo 111<\/a>: declaraci\u00f3n trimestral de las retenciones en concepto del <strong>IRPF<\/strong>, cuando se han hecho pagos a personas f\u00edsicas.<\/li>\n<li><a href=\"https:\/\/suport.fundesplai.org\/es\/blog-es\/actualidad\/por-que-mi-entidad-tiene-que-presentar-el-modelo-115\/\" target=\"_blank\" rel=\"noopener\">Modelo 115<\/a>: declaraci\u00f3n trimestral sobre las retenciones e ingresos por rentas o rendimientos procedentes de <strong>arrendamientos o subarrendamiento de inmuebles urbanos<\/strong>, cuando la entidad tiene alg\u00fan local alquilado.<\/li>\n<li><a href=\"https:\/\/suport.fundesplai.org\/blog\/actualitat-blog\/model-123\/\" target=\"_blank\" rel=\"noopener\">Modelo 123<\/a>: declaraci\u00f3n trimestral para presentar las retenciones e ingresos a cuenta del <strong>IRPF<\/strong>, <strong>Impuesto sobre Sociedades<\/strong> y el impuesto sobre la renta de no residentes, cuando se han pagado intereses de pr\u00e9stamos no bancarios y de otros rendimientos de capital.<\/li>\n<li><a href=\"https:\/\/suport.fundesplai.org\/es\/blog-es\/actualidad\/todo-lo-que-hay-que-saber-sobre-el-modelo-216\/\" target=\"_blank\" rel=\"noopener\">Modelo 216<\/a>: declaraci\u00f3n trimestral de las <strong>retenciones de pagos<\/strong> a personas f\u00edsicas, empresas o entidades consideradas <strong>no residentes en Espa\u00f1a<\/strong> a efectos fiscales, cuando se han abonado retribuciones a personas f\u00edsicas o jur\u00eddicas, no residentes, que hayan realizado trabajos para la entidad dentro de territorio espa\u00f1ol.<\/li>\n<\/ul>\n<\/div>\n<div class=\"node_view\">\u00a0<\/div>\n<\/section>\n<section data-history-node-id=\"140321\">\n<h3 id=\"node-140321\">Declaraciones anuales de IRPF<\/h3>\n<div class=\"field-body field-type-text-with-summary field-label-hidden field-value\">\n<p>Entre el 1 y el 31 de enero deben presentarse los <strong>res\u00famenes anuales<\/strong>, es decir, las <strong>declaraciones informativas<\/strong> que recogen los datos agregados de las declaraciones trimestrales de retenciones realizadas durante el a\u00f1o inmediatamente anterior.<\/p>\n<ul>\n<li><a href=\"https:\/\/xarxanet.org\/economic\/recursos\/mode-190\">Modelo 190<\/a>: resumen anual de las retenciones de <strong>rendimientos de trabajo o de actividades profesionales<\/strong>, entre otros que se han producido a lo largo del a\u00f1o. La presentaci\u00f3n de este modelo debe realizarse, en caso de que la entidad haya presentado alg\u00fan <strong>modelo 111<\/strong> durante el ejercicio.<\/li>\n<li><a href=\"https:\/\/sede.agenciatributaria.gob.es\/Sede\/ca_es\/procedimientoini\/GI00.shtml\" target=\"_blank\" rel=\"noopener\">Modelo 180<\/a>: resumen anual de las retenciones e ingresos de los <strong>arrendamientos de inmuebles urbanos<\/strong>. En tal caso, siempre que se haya presentado alg\u00fan modelo 115 durante el ejercicio.<\/li>\n<li><a href=\"https:\/\/sede.agenciatributaria.gob.es\/Sede\/ca_es\/procedimientoini\/GI12.shtml\" target=\"_blank\" rel=\"noopener\">Modelo 193<\/a>: resumen anual de las retenciones e ingresos <strong>de los rendimientos sobre el capital mobiliario.<\/strong> Es necesario haber presentado alg\u00fan modelo 123 en el ejercicio.<\/li>\n<li><a href=\"https:\/\/sede.agenciatributaria.gob.es\/Sede\/ca_es\/procedimientoini\/GI22.shtml\" target=\"_blank\" rel=\"noopener\">Modelo 296<\/a>: resumen anual de las retenciones por el impuesto sobre la renta de personas, entidades consideradas como <strong>no residentes en el Estado espa\u00f1ol<\/strong> en lo que se refiere a la fiscalidad. Este documento, por tanto, es necesario cuando se haya presentado alg\u00fan <strong>modelo 216<\/strong> en el ejercicio.<\/li>\n<\/ul>\n<p>Asimismo, tambi\u00e9n es necesario tener en cuenta <strong>otros modelos informativos<\/strong> que se presentan anualmente, aunque no son res\u00famenes de modelos ya presentados:<\/p>\n<ul>\n<li><a href=\"https:\/\/xarxanet.org\/economic\/recursos\/model-182\" target=\"_blank\" rel=\"noopener\">Modelo 182<\/a>: declaraci\u00f3n informativa <strong>de los donativos, donaciones<\/strong> y <strong>aportaciones recibidas<\/strong>, que dan derecho a una deducci\u00f3n. Este modelo debe presentarse entre el 1 y el 31 de enero, por parte de las fundaciones y las asociaciones declaradas de utilidad p\u00fablica y de otras entidades que est\u00e9n en el r\u00e9gimen fiscal de la Ley 49\/2002.<\/li>\n<li><a href=\"https:\/\/suport.fundesplai.org\/es\/blog-es\/actualidad\/suport-tercer-sector-te-ayuda-a-presentar-el-modelo-347\/\" target=\"_blank\" rel=\"noopener\">Modelo 347<\/a>: declaraci\u00f3n informativa sobre las <a href=\"https:\/\/sede.agenciatributaria.gob.es\/Sede\/ca_es\/procedimientoini\/G414.shtml\" target=\"_blank\" rel=\"noopener\">operaciones<\/a> (<strong>compras, ventas o subvenciones cobradas<\/strong>) con terceras personas, entidades, empresas o Administraciones p\u00fablicas superiores a 3.005,06 euros (IVA incluido) durante el a\u00f1o natural al que corresponda la declaraci\u00f3n. Este modelo debe presentarse entre el <strong>1 y el 28 de febrero<\/strong>.<\/li>\n<\/ul>\n<\/div>\n<div class=\"node_view\">\u00a0<\/div>\n<\/section>\n<section data-history-node-id=\"140322\">\n<h3 id=\"node-140322\">Declaraciones de IVA<\/h3>\n<div class=\"field-body field-type-text-with-summary field-label-hidden field-value\">\n<p>En cuanto al <strong>Impuesto sobre el Valor A\u00f1adido<\/strong> (IVA), las organizaciones tendr\u00e1n que presentar los siguientes modelos:<\/p>\n<ul>\n<li><a href=\"https:\/\/suport.fundesplai.org\/es\/blog-es\/actualidad\/modelo-303-todo-lo-que-hay-que-saber\/\" target=\"_blank\" rel=\"noopener\">Modelo 303<\/a>: declaraci\u00f3n trimestral de autoliquidaci\u00f3n de IVA.<\/li>\n<li><a href=\"https:\/\/suport.fundesplai.org\/blog\/actualitat-blog\/model-349\/\" target=\"_blank\" rel=\"noopener\">Modelo 349<\/a>: declaraci\u00f3n informativa de las operaciones (compra o venta) de bienes o servicios llevados a cabo entre empresas o entidades sujetas al IVA, inscritas en el Registro de Operadores Intracomunitarios de Hacienda (ROI).<\/li>\n<li><a href=\"https:\/\/suport.fundesplai.org\/es\/blog-es\/actualidad\/para-que-sirve-el-modelo-390\/\" target=\"_blank\" rel=\"noopener\">Modelo 390<\/a>: resumen anual de todas las autoliquidaciones presentadas durante el ejercicio. Tienen que presentarlo las entidades que hayan tramitado alg\u00fan modelo 303. Debe presentarse entre el 1 y el 30 de enero.<\/li>\n<\/ul>\n<p>En cuanto a los <strong>plazos de presentaci\u00f3n<\/strong>, se debe considerar lo siguiente:<\/p>\n<ul>\n<li>La primera presentaci\u00f3n del a\u00f1o, que corresponde al cuarto trimestre del a\u00f1o anterior, entre el <strong>1 y el 30 de enero<\/strong>.<\/li>\n<li>Dado que el 20 de abril es domingo y el 21 es Lunes de Pascua y festivo auton\u00f3mico, el plazo de presentaci\u00f3n en Catalu\u00f1a es del <strong>1 al 22 de abril<\/strong>. Para realizar la <strong>domiciliaci\u00f3n<\/strong> el plazo es hasta el <strong>16 de abril<\/strong>.<\/li>\n<li>En julio ocurre lo mismo que en abril, el 20 es domingo. Por este motivo, el plazo de presentaci\u00f3n es del <strong>1 al 21 de julio<\/strong>. La <strong>domiciliaci\u00f3n<\/strong> ser\u00e1 antes del <strong>16 de julio<\/strong>.<\/li>\n<li>Por \u00faltimo, la \u00faltima presentaci\u00f3n del a\u00f1o se har\u00e1 del <strong>1 al 20 de octubre<\/strong>. La <strong>domiciliaci\u00f3n<\/strong> deber\u00e1 realizarse antes del <strong>15 de octubre<\/strong>.<\/li>\n<\/ul>\n<\/div>\n<\/section>\n<p>Fuente: redactado por el equipo de <strong>Suport Tercer Sector<\/strong> para <a href=\"https:\/\/xarxanet.org\/economic\/recursos\/calendari-fiscal-2025-totes-les-dates-i-models-que-shan-de-coneixer\" target=\"_blank\" rel=\"noopener\">Xarxanet.<\/a><\/p>\n<p>[\/et_pb_text][et_pb_divider admin_label=\u00bbDivider\u00bb _builder_version=\u00bb4.24.3&#8243; _module_preset=\u00bbdefault\u00bb global_colors_info=\u00bb{}\u00bb][\/et_pb_divider][et_pb_text _builder_version=\u00bb4.27.0&#8243; _module_preset=\u00bbdefault\u00bb global_colors_info=\u00bb{}\u00bb]<\/p>\n<h3>Otros contenidos relacionados:<\/h3>\n<ul>\n<li><a href=\"https:\/\/suport.fundesplai.org\/es\/blog-es\/actualidad\/que-es-el-reglamento-verifactu\/\" target=\"_blank\" rel=\"noopener\">\u00bfQu\u00e9 es el Reglamento Veri*factu?<\/a><\/li>\n<li><a href=\"https:\/\/suport.fundesplai.org\/es\/blog-es\/actualidad\/que-es-el-domicilio-social-de-una-entidad\/\">\u00bfQu\u00e9 es el domicilio social de una entidad?<\/a><\/li>\n<li><a href=\"https:\/\/suport.fundesplai.org\/es\/blog-es\/actualidad\/como-pedir-el-nif-de-la-entidad-por-primera-vez\/\">C\u00f3mo pedir el NIF de la entidad por primera vez<\/a><\/li>\n<\/ul>\n<p>[\/et_pb_text][\/et_pb_column][\/et_pb_row][\/et_pb_section]<\/p>\n","protected":false},"excerpt":{"rendered":"<p>El calendario fiscal es una herramienta imprescindible para las entidades, puesto que les permite organizarse y cumplir con sus obligaciones tributarias dentro de los plazos establecidos.  <\/p>\n","protected":false},"author":377,"featured_media":30042,"comment_status":"closed","ping_status":"closed","sticky":false,"template":"","format":"standard","meta":{"_et_pb_use_builder":"on","_et_pb_old_content":"","_et_gb_content_width":"","footnotes":""},"categories":[1,341,285,295],"tags":[],"class_list":["post-30247","post","type-post","status-publish","format-standard","has-post-thumbnail","hentry","category-actualidad","category-blog-es","category-economico","category-fiscal-es"],"yoast_head":"<!-- This site is optimized with the Yoast SEO plugin v27.4 - https:\/\/yoast.com\/product\/yoast-seo-wordpress\/ -->\n<title>Calendario fiscal 2025: todas las fechas y modelos a conocer - Suport Tercer Sector - Fundesplai<\/title>\n<meta name=\"description\" content=\"El calendario fiscal es una herramienta que les permite organizarse y cumplir con la presentaci\u00f3n de los modelos y realizar los pagos a tiempo.\" \/>\n<meta name=\"robots\" content=\"index, follow, max-snippet:-1, max-image-preview:large, max-video-preview:-1\" \/>\n<link rel=\"canonical\" href=\"https:\/\/suport.fundesplai.org\/es\/blog-es\/fiscal-es\/calendario-fiscal-2025-todas-las-fechas-y-modelos-a-conocer\/\" \/>\n<meta property=\"og:locale\" content=\"es_ES\" \/>\n<meta property=\"og:type\" content=\"article\" \/>\n<meta property=\"og:title\" content=\"Calendario fiscal 2025: todas las fechas y modelos a conocer - Suport Tercer Sector - Fundesplai\" \/>\n<meta property=\"og:description\" content=\"El calendario fiscal es una herramienta que les permite organizarse y cumplir con la presentaci\u00f3n de los modelos y realizar los pagos a tiempo.\" \/>\n<meta property=\"og:url\" content=\"https:\/\/suport.fundesplai.org\/es\/blog-es\/fiscal-es\/calendario-fiscal-2025-todas-las-fechas-y-modelos-a-conocer\/\" \/>\n<meta property=\"og:site_name\" content=\"Suport Tercer Sector - Fundesplai\" \/>\n<meta property=\"article:publisher\" content=\"https:\/\/www.facebook.com\/Fundesplai\/\" \/>\n<meta property=\"article:published_time\" content=\"2024-12-18T14:56:37+00:00\" \/>\n<meta property=\"article:modified_time\" content=\"2025-01-13T15:15:47+00:00\" \/>\n<meta property=\"og:image\" content=\"https:\/\/suport.fundesplai.org\/wp-content\/uploads\/2024\/12\/2-2.png\" \/>\n\t<meta property=\"og:image:width\" content=\"540\" \/>\n\t<meta property=\"og:image:height\" content=\"316\" \/>\n\t<meta property=\"og:image:type\" content=\"image\/png\" \/>\n<meta name=\"author\" content=\"Maria Eugenia Ifer Puntigliano\" \/>\n<meta name=\"twitter:card\" content=\"summary_large_image\" \/>\n<meta name=\"twitter:creator\" content=\"@suport_org\" \/>\n<meta name=\"twitter:site\" content=\"@suport_org\" \/>\n<meta name=\"twitter:label1\" content=\"Escrito por\" \/>\n\t<meta name=\"twitter:data1\" content=\"Maria Eugenia Ifer Puntigliano\" \/>\n\t<meta name=\"twitter:label2\" content=\"Tiempo de lectura\" \/>\n\t<meta name=\"twitter:data2\" content=\"5 minutos\" \/>\n<script type=\"application\/ld+json\" class=\"yoast-schema-graph\">{\"@context\":\"https:\\\/\\\/schema.org\",\"@graph\":[{\"@type\":\"Article\",\"@id\":\"https:\\\/\\\/suport.fundesplai.org\\\/es\\\/blog-es\\\/fiscal-es\\\/calendario-fiscal-2025-todas-las-fechas-y-modelos-a-conocer\\\/#article\",\"isPartOf\":{\"@id\":\"https:\\\/\\\/suport.fundesplai.org\\\/es\\\/blog-es\\\/fiscal-es\\\/calendario-fiscal-2025-todas-las-fechas-y-modelos-a-conocer\\\/\"},\"author\":{\"name\":\"Maria Eugenia Ifer Puntigliano\",\"@id\":\"https:\\\/\\\/suport.fundesplai.org\\\/es\\\/#\\\/schema\\\/person\\\/d67e880480b45b41df0ab5d2c3670fba\"},\"headline\":\"Calendario fiscal 2025: todas las fechas y modelos a conocer\",\"datePublished\":\"2024-12-18T14:56:37+00:00\",\"dateModified\":\"2025-01-13T15:15:47+00:00\",\"mainEntityOfPage\":{\"@id\":\"https:\\\/\\\/suport.fundesplai.org\\\/es\\\/blog-es\\\/fiscal-es\\\/calendario-fiscal-2025-todas-las-fechas-y-modelos-a-conocer\\\/\"},\"wordCount\":1173,\"publisher\":{\"@id\":\"https:\\\/\\\/suport.fundesplai.org\\\/es\\\/#organization\"},\"image\":{\"@id\":\"https:\\\/\\\/suport.fundesplai.org\\\/es\\\/blog-es\\\/fiscal-es\\\/calendario-fiscal-2025-todas-las-fechas-y-modelos-a-conocer\\\/#primaryimage\"},\"thumbnailUrl\":\"https:\\\/\\\/suport.fundesplai.org\\\/wp-content\\\/uploads\\\/2024\\\/12\\\/2-2.png\",\"articleSection\":[\"Actualidad\",\"Blog\",\"Econ\u00f3mico\",\"Fiscal\"],\"inLanguage\":\"es\"},{\"@type\":\"WebPage\",\"@id\":\"https:\\\/\\\/suport.fundesplai.org\\\/es\\\/blog-es\\\/fiscal-es\\\/calendario-fiscal-2025-todas-las-fechas-y-modelos-a-conocer\\\/\",\"url\":\"https:\\\/\\\/suport.fundesplai.org\\\/es\\\/blog-es\\\/fiscal-es\\\/calendario-fiscal-2025-todas-las-fechas-y-modelos-a-conocer\\\/\",\"name\":\"Calendario fiscal 2025: todas las fechas y modelos a conocer - Suport Tercer Sector - Fundesplai\",\"isPartOf\":{\"@id\":\"https:\\\/\\\/suport.fundesplai.org\\\/es\\\/#website\"},\"primaryImageOfPage\":{\"@id\":\"https:\\\/\\\/suport.fundesplai.org\\\/es\\\/blog-es\\\/fiscal-es\\\/calendario-fiscal-2025-todas-las-fechas-y-modelos-a-conocer\\\/#primaryimage\"},\"image\":{\"@id\":\"https:\\\/\\\/suport.fundesplai.org\\\/es\\\/blog-es\\\/fiscal-es\\\/calendario-fiscal-2025-todas-las-fechas-y-modelos-a-conocer\\\/#primaryimage\"},\"thumbnailUrl\":\"https:\\\/\\\/suport.fundesplai.org\\\/wp-content\\\/uploads\\\/2024\\\/12\\\/2-2.png\",\"datePublished\":\"2024-12-18T14:56:37+00:00\",\"dateModified\":\"2025-01-13T15:15:47+00:00\",\"description\":\"El calendario fiscal es una herramienta que les permite organizarse y cumplir con la presentaci\u00f3n de los modelos y realizar los pagos a tiempo.\",\"breadcrumb\":{\"@id\":\"https:\\\/\\\/suport.fundesplai.org\\\/es\\\/blog-es\\\/fiscal-es\\\/calendario-fiscal-2025-todas-las-fechas-y-modelos-a-conocer\\\/#breadcrumb\"},\"inLanguage\":\"es\",\"potentialAction\":[{\"@type\":\"ReadAction\",\"target\":[\"https:\\\/\\\/suport.fundesplai.org\\\/es\\\/blog-es\\\/fiscal-es\\\/calendario-fiscal-2025-todas-las-fechas-y-modelos-a-conocer\\\/\"]}]},{\"@type\":\"ImageObject\",\"inLanguage\":\"es\",\"@id\":\"https:\\\/\\\/suport.fundesplai.org\\\/es\\\/blog-es\\\/fiscal-es\\\/calendario-fiscal-2025-todas-las-fechas-y-modelos-a-conocer\\\/#primaryimage\",\"url\":\"https:\\\/\\\/suport.fundesplai.org\\\/wp-content\\\/uploads\\\/2024\\\/12\\\/2-2.png\",\"contentUrl\":\"https:\\\/\\\/suport.fundesplai.org\\\/wp-content\\\/uploads\\\/2024\\\/12\\\/2-2.png\",\"width\":540,\"height\":316,\"caption\":\"Calendari fiscal 2025\"},{\"@type\":\"BreadcrumbList\",\"@id\":\"https:\\\/\\\/suport.fundesplai.org\\\/es\\\/blog-es\\\/fiscal-es\\\/calendario-fiscal-2025-todas-las-fechas-y-modelos-a-conocer\\\/#breadcrumb\",\"itemListElement\":[{\"@type\":\"ListItem\",\"position\":1,\"name\":\"Inici\",\"item\":\"https:\\\/\\\/suport.fundesplai.org\\\/es\\\/\"},{\"@type\":\"ListItem\",\"position\":2,\"name\":\"Blog\",\"item\":\"https:\\\/\\\/suport.fundesplai.org\\\/es\\\/blog-es\\\/\"},{\"@type\":\"ListItem\",\"position\":3,\"name\":\"Fiscal\",\"item\":\"https:\\\/\\\/suport.fundesplai.org\\\/es\\\/blog-es\\\/fiscal-es\\\/\"},{\"@type\":\"ListItem\",\"position\":4,\"name\":\"Calendario fiscal 2025: todas las fechas y modelos a conocer\"}]},{\"@type\":\"WebSite\",\"@id\":\"https:\\\/\\\/suport.fundesplai.org\\\/es\\\/#website\",\"url\":\"https:\\\/\\\/suport.fundesplai.org\\\/es\\\/\",\"name\":\"Suport Tercer Sector - Fundesplai\",\"description\":\"Gesti\u00f3n de asociaciones y fundaciones\",\"publisher\":{\"@id\":\"https:\\\/\\\/suport.fundesplai.org\\\/es\\\/#organization\"},\"potentialAction\":[{\"@type\":\"SearchAction\",\"target\":{\"@type\":\"EntryPoint\",\"urlTemplate\":\"https:\\\/\\\/suport.fundesplai.org\\\/es\\\/?s={search_term_string}\"},\"query-input\":{\"@type\":\"PropertyValueSpecification\",\"valueRequired\":true,\"valueName\":\"search_term_string\"}}],\"inLanguage\":\"es\"},{\"@type\":\"Organization\",\"@id\":\"https:\\\/\\\/suport.fundesplai.org\\\/es\\\/#organization\",\"name\":\"Suport Tercer Sector de Fundesplai per entitats i associacions\",\"url\":\"https:\\\/\\\/suport.fundesplai.org\\\/es\\\/\",\"logo\":{\"@type\":\"ImageObject\",\"inLanguage\":\"es\",\"@id\":\"https:\\\/\\\/suport.fundesplai.org\\\/es\\\/#\\\/schema\\\/logo\\\/image\\\/\",\"url\":\"https:\\\/\\\/suport.fundesplai.org\\\/wp-content\\\/uploads\\\/2019\\\/08\\\/lgo-suport-tercer-sector-fe-2.png\",\"contentUrl\":\"https:\\\/\\\/suport.fundesplai.org\\\/wp-content\\\/uploads\\\/2019\\\/08\\\/lgo-suport-tercer-sector-fe-2.png\",\"width\":300,\"height\":141,\"caption\":\"Suport Tercer Sector de Fundesplai per entitats i associacions\"},\"image\":{\"@id\":\"https:\\\/\\\/suport.fundesplai.org\\\/es\\\/#\\\/schema\\\/logo\\\/image\\\/\"},\"sameAs\":[\"https:\\\/\\\/www.facebook.com\\\/Fundesplai\\\/\",\"https:\\\/\\\/x.com\\\/suport_org\",\"https:\\\/\\\/www.instagram.com\\\/fundesplai\\\/\",\"https:\\\/\\\/www.linkedin.com\\\/company\\\/fundesplai\",\"https:\\\/\\\/www.youtube.com\\\/channel\\\/UCGaevIfQeecUHeWq1m-WLYw\",\"https:\\\/\\\/ca.wikipedia.org\\\/wiki\\\/Fundaci\u00f3_Catalana_de_l'Esplai\"]},{\"@type\":\"Person\",\"@id\":\"https:\\\/\\\/suport.fundesplai.org\\\/es\\\/#\\\/schema\\\/person\\\/d67e880480b45b41df0ab5d2c3670fba\",\"name\":\"Maria Eugenia Ifer Puntigliano\",\"image\":{\"@type\":\"ImageObject\",\"inLanguage\":\"es\",\"@id\":\"https:\\\/\\\/secure.gravatar.com\\\/avatar\\\/d6f452030d1e5d988a270d205fbc06489eac700fb463d9abd26f76d07f8fa0d8?s=96&d=monsterid&r=g\",\"url\":\"https:\\\/\\\/secure.gravatar.com\\\/avatar\\\/d6f452030d1e5d988a270d205fbc06489eac700fb463d9abd26f76d07f8fa0d8?s=96&d=monsterid&r=g\",\"contentUrl\":\"https:\\\/\\\/secure.gravatar.com\\\/avatar\\\/d6f452030d1e5d988a270d205fbc06489eac700fb463d9abd26f76d07f8fa0d8?s=96&d=monsterid&r=g\",\"caption\":\"Maria Eugenia Ifer Puntigliano\"},\"url\":\"https:\\\/\\\/suport.fundesplai.org\\\/es\\\/author\\\/meifer\\\/\"}]}<\/script>\n<!-- \/ Yoast SEO plugin. -->","yoast_head_json":{"title":"Calendario fiscal 2025: todas las fechas y modelos a conocer - Suport Tercer Sector - Fundesplai","description":"El calendario fiscal es una herramienta que les permite organizarse y cumplir con la presentaci\u00f3n de los modelos y realizar los pagos a tiempo.","robots":{"index":"index","follow":"follow","max-snippet":"max-snippet:-1","max-image-preview":"max-image-preview:large","max-video-preview":"max-video-preview:-1"},"canonical":"https:\/\/suport.fundesplai.org\/es\/blog-es\/fiscal-es\/calendario-fiscal-2025-todas-las-fechas-y-modelos-a-conocer\/","og_locale":"es_ES","og_type":"article","og_title":"Calendario fiscal 2025: todas las fechas y modelos a conocer - Suport Tercer Sector - Fundesplai","og_description":"El calendario fiscal es una herramienta que les permite organizarse y cumplir con la presentaci\u00f3n de los modelos y realizar los pagos a tiempo.","og_url":"https:\/\/suport.fundesplai.org\/es\/blog-es\/fiscal-es\/calendario-fiscal-2025-todas-las-fechas-y-modelos-a-conocer\/","og_site_name":"Suport Tercer Sector - Fundesplai","article_publisher":"https:\/\/www.facebook.com\/Fundesplai\/","article_published_time":"2024-12-18T14:56:37+00:00","article_modified_time":"2025-01-13T15:15:47+00:00","og_image":[{"width":540,"height":316,"url":"https:\/\/suport.fundesplai.org\/wp-content\/uploads\/2024\/12\/2-2.png","type":"image\/png"}],"author":"Maria Eugenia Ifer Puntigliano","twitter_card":"summary_large_image","twitter_creator":"@suport_org","twitter_site":"@suport_org","twitter_misc":{"Escrito por":"Maria Eugenia Ifer Puntigliano","Tiempo de lectura":"5 minutos"},"schema":{"@context":"https:\/\/schema.org","@graph":[{"@type":"Article","@id":"https:\/\/suport.fundesplai.org\/es\/blog-es\/fiscal-es\/calendario-fiscal-2025-todas-las-fechas-y-modelos-a-conocer\/#article","isPartOf":{"@id":"https:\/\/suport.fundesplai.org\/es\/blog-es\/fiscal-es\/calendario-fiscal-2025-todas-las-fechas-y-modelos-a-conocer\/"},"author":{"name":"Maria Eugenia Ifer Puntigliano","@id":"https:\/\/suport.fundesplai.org\/es\/#\/schema\/person\/d67e880480b45b41df0ab5d2c3670fba"},"headline":"Calendario fiscal 2025: todas las fechas y modelos a conocer","datePublished":"2024-12-18T14:56:37+00:00","dateModified":"2025-01-13T15:15:47+00:00","mainEntityOfPage":{"@id":"https:\/\/suport.fundesplai.org\/es\/blog-es\/fiscal-es\/calendario-fiscal-2025-todas-las-fechas-y-modelos-a-conocer\/"},"wordCount":1173,"publisher":{"@id":"https:\/\/suport.fundesplai.org\/es\/#organization"},"image":{"@id":"https:\/\/suport.fundesplai.org\/es\/blog-es\/fiscal-es\/calendario-fiscal-2025-todas-las-fechas-y-modelos-a-conocer\/#primaryimage"},"thumbnailUrl":"https:\/\/suport.fundesplai.org\/wp-content\/uploads\/2024\/12\/2-2.png","articleSection":["Actualidad","Blog","Econ\u00f3mico","Fiscal"],"inLanguage":"es"},{"@type":"WebPage","@id":"https:\/\/suport.fundesplai.org\/es\/blog-es\/fiscal-es\/calendario-fiscal-2025-todas-las-fechas-y-modelos-a-conocer\/","url":"https:\/\/suport.fundesplai.org\/es\/blog-es\/fiscal-es\/calendario-fiscal-2025-todas-las-fechas-y-modelos-a-conocer\/","name":"Calendario fiscal 2025: todas las fechas y modelos a conocer - Suport Tercer Sector - Fundesplai","isPartOf":{"@id":"https:\/\/suport.fundesplai.org\/es\/#website"},"primaryImageOfPage":{"@id":"https:\/\/suport.fundesplai.org\/es\/blog-es\/fiscal-es\/calendario-fiscal-2025-todas-las-fechas-y-modelos-a-conocer\/#primaryimage"},"image":{"@id":"https:\/\/suport.fundesplai.org\/es\/blog-es\/fiscal-es\/calendario-fiscal-2025-todas-las-fechas-y-modelos-a-conocer\/#primaryimage"},"thumbnailUrl":"https:\/\/suport.fundesplai.org\/wp-content\/uploads\/2024\/12\/2-2.png","datePublished":"2024-12-18T14:56:37+00:00","dateModified":"2025-01-13T15:15:47+00:00","description":"El calendario fiscal es una herramienta que les permite organizarse y cumplir con la presentaci\u00f3n de los modelos y realizar los pagos a tiempo.","breadcrumb":{"@id":"https:\/\/suport.fundesplai.org\/es\/blog-es\/fiscal-es\/calendario-fiscal-2025-todas-las-fechas-y-modelos-a-conocer\/#breadcrumb"},"inLanguage":"es","potentialAction":[{"@type":"ReadAction","target":["https:\/\/suport.fundesplai.org\/es\/blog-es\/fiscal-es\/calendario-fiscal-2025-todas-las-fechas-y-modelos-a-conocer\/"]}]},{"@type":"ImageObject","inLanguage":"es","@id":"https:\/\/suport.fundesplai.org\/es\/blog-es\/fiscal-es\/calendario-fiscal-2025-todas-las-fechas-y-modelos-a-conocer\/#primaryimage","url":"https:\/\/suport.fundesplai.org\/wp-content\/uploads\/2024\/12\/2-2.png","contentUrl":"https:\/\/suport.fundesplai.org\/wp-content\/uploads\/2024\/12\/2-2.png","width":540,"height":316,"caption":"Calendari fiscal 2025"},{"@type":"BreadcrumbList","@id":"https:\/\/suport.fundesplai.org\/es\/blog-es\/fiscal-es\/calendario-fiscal-2025-todas-las-fechas-y-modelos-a-conocer\/#breadcrumb","itemListElement":[{"@type":"ListItem","position":1,"name":"Inici","item":"https:\/\/suport.fundesplai.org\/es\/"},{"@type":"ListItem","position":2,"name":"Blog","item":"https:\/\/suport.fundesplai.org\/es\/blog-es\/"},{"@type":"ListItem","position":3,"name":"Fiscal","item":"https:\/\/suport.fundesplai.org\/es\/blog-es\/fiscal-es\/"},{"@type":"ListItem","position":4,"name":"Calendario fiscal 2025: todas las fechas y modelos a conocer"}]},{"@type":"WebSite","@id":"https:\/\/suport.fundesplai.org\/es\/#website","url":"https:\/\/suport.fundesplai.org\/es\/","name":"Suport Tercer Sector - Fundesplai","description":"Gesti\u00f3n de asociaciones y fundaciones","publisher":{"@id":"https:\/\/suport.fundesplai.org\/es\/#organization"},"potentialAction":[{"@type":"SearchAction","target":{"@type":"EntryPoint","urlTemplate":"https:\/\/suport.fundesplai.org\/es\/?s={search_term_string}"},"query-input":{"@type":"PropertyValueSpecification","valueRequired":true,"valueName":"search_term_string"}}],"inLanguage":"es"},{"@type":"Organization","@id":"https:\/\/suport.fundesplai.org\/es\/#organization","name":"Suport Tercer Sector de Fundesplai per entitats i associacions","url":"https:\/\/suport.fundesplai.org\/es\/","logo":{"@type":"ImageObject","inLanguage":"es","@id":"https:\/\/suport.fundesplai.org\/es\/#\/schema\/logo\/image\/","url":"https:\/\/suport.fundesplai.org\/wp-content\/uploads\/2019\/08\/lgo-suport-tercer-sector-fe-2.png","contentUrl":"https:\/\/suport.fundesplai.org\/wp-content\/uploads\/2019\/08\/lgo-suport-tercer-sector-fe-2.png","width":300,"height":141,"caption":"Suport Tercer Sector de Fundesplai per entitats i associacions"},"image":{"@id":"https:\/\/suport.fundesplai.org\/es\/#\/schema\/logo\/image\/"},"sameAs":["https:\/\/www.facebook.com\/Fundesplai\/","https:\/\/x.com\/suport_org","https:\/\/www.instagram.com\/fundesplai\/","https:\/\/www.linkedin.com\/company\/fundesplai","https:\/\/www.youtube.com\/channel\/UCGaevIfQeecUHeWq1m-WLYw","https:\/\/ca.wikipedia.org\/wiki\/Fundaci\u00f3_Catalana_de_l'Esplai"]},{"@type":"Person","@id":"https:\/\/suport.fundesplai.org\/es\/#\/schema\/person\/d67e880480b45b41df0ab5d2c3670fba","name":"Maria Eugenia Ifer Puntigliano","image":{"@type":"ImageObject","inLanguage":"es","@id":"https:\/\/secure.gravatar.com\/avatar\/d6f452030d1e5d988a270d205fbc06489eac700fb463d9abd26f76d07f8fa0d8?s=96&d=monsterid&r=g","url":"https:\/\/secure.gravatar.com\/avatar\/d6f452030d1e5d988a270d205fbc06489eac700fb463d9abd26f76d07f8fa0d8?s=96&d=monsterid&r=g","contentUrl":"https:\/\/secure.gravatar.com\/avatar\/d6f452030d1e5d988a270d205fbc06489eac700fb463d9abd26f76d07f8fa0d8?s=96&d=monsterid&r=g","caption":"Maria Eugenia Ifer Puntigliano"},"url":"https:\/\/suport.fundesplai.org\/es\/author\/meifer\/"}]}},"_links":{"self":[{"href":"https:\/\/suport.fundesplai.org\/es\/wp-json\/wp\/v2\/posts\/30247","targetHints":{"allow":["GET"]}}],"collection":[{"href":"https:\/\/suport.fundesplai.org\/es\/wp-json\/wp\/v2\/posts"}],"about":[{"href":"https:\/\/suport.fundesplai.org\/es\/wp-json\/wp\/v2\/types\/post"}],"author":[{"embeddable":true,"href":"https:\/\/suport.fundesplai.org\/es\/wp-json\/wp\/v2\/users\/377"}],"replies":[{"embeddable":true,"href":"https:\/\/suport.fundesplai.org\/es\/wp-json\/wp\/v2\/comments?post=30247"}],"version-history":[{"count":3,"href":"https:\/\/suport.fundesplai.org\/es\/wp-json\/wp\/v2\/posts\/30247\/revisions"}],"predecessor-version":[{"id":30251,"href":"https:\/\/suport.fundesplai.org\/es\/wp-json\/wp\/v2\/posts\/30247\/revisions\/30251"}],"wp:featuredmedia":[{"embeddable":true,"href":"https:\/\/suport.fundesplai.org\/es\/wp-json\/wp\/v2\/media\/30042"}],"wp:attachment":[{"href":"https:\/\/suport.fundesplai.org\/es\/wp-json\/wp\/v2\/media?parent=30247"}],"wp:term":[{"taxonomy":"category","embeddable":true,"href":"https:\/\/suport.fundesplai.org\/es\/wp-json\/wp\/v2\/categories?post=30247"},{"taxonomy":"post_tag","embeddable":true,"href":"https:\/\/suport.fundesplai.org\/es\/wp-json\/wp\/v2\/tags?post=30247"}],"curies":[{"name":"wp","href":"https:\/\/api.w.org\/{rel}","templated":true}]}}