{"id":30369,"date":"2025-01-17T11:57:57","date_gmt":"2025-01-17T10:57:57","guid":{"rendered":"https:\/\/suport.fundesplai.org\/?p=30369"},"modified":"2025-01-20T14:06:44","modified_gmt":"2025-01-20T13:06:44","slug":"apuntate-formacion-violencia-genero-entornos-trabajo","status":"publish","type":"post","link":"https:\/\/suport.fundesplai.org\/es\/blog-es\/laboral-es\/igualdad\/apuntate-formacion-violencia-genero-entornos-trabajo\/","title":{"rendered":"Ap\u00fantate a la \u00abFormaci\u00f3n b\u00e1sica sobre violencia de g\u00e9nero en entornos de trabajo\u00bb"},"content":{"rendered":"<p>[et_pb_section fb_built=\u00bb1&#8243; _builder_version=\u00bb4.21.0&#8243; _module_preset=\u00bbdefault\u00bb global_colors_info=\u00bb{}\u00bb][et_pb_row _builder_version=\u00bb4.21.0&#8243; _module_preset=\u00bbdefault\u00bb global_colors_info=\u00bb{}\u00bb][et_pb_column type=\u00bb4_4&#8243; _builder_version=\u00bb4.21.0&#8243; _module_preset=\u00bbdefault\u00bb global_colors_info=\u00bb{}\u00bb][et_pb_text admin_label=\u00bbText\u00bb _builder_version=\u00bb4.27.4&#8243; _module_preset=\u00bbdefault\u00bb hover_enabled=\u00bb0&#8243; global_colors_info=\u00bb{}\u00bb sticky_enabled=\u00bb0&#8243;]<\/p>\n<p>Si eres una entidad sin \u00e1nimo de lucro de la <strong>Comunidad de Madrid<\/strong>, desde <strong>Suport Tercer Sector<\/strong>, con la colaboraci\u00f3n del<strong> Ministerio de Igualdad<\/strong>,\u00a0te ofrecemos una formaci\u00f3n virtual totalmente gratuita sobre la violencia de g\u00e9nero en entornos de trabajo.<\/p>\n<p>Este curso de 6 horas te ayudar\u00e1 a <strong>identificar se\u00f1ales de alerta<\/strong>, <strong>prevenir situaciones de riesgo<\/strong> y <strong>promover espacios de trabajo seguros y equitativos<\/strong>.<\/p>\n<p>&nbsp;<\/p>\n<p>[\/et_pb_text][et_pb_button button_url=\u00bbhttps:\/\/docs.google.com\/forms\/d\/e\/1FAIpQLSct2ydlm8uBe5gEo6K1b2aJIrbX4tTPPUrBpLITbpW0h4X0zQ\/viewform\u00bb url_new_window=\u00bbon\u00bb button_text=\u00bb\u00a1Inscr\u00edbete!\u00bb button_alignment=\u00bbcenter\u00bb _builder_version=\u00bb4.27.0&#8243; _module_preset=\u00bbdefault\u00bb custom_margin=\u00bb30px||||false|false\u00bb global_colors_info=\u00bb{}\u00bb][\/et_pb_button][et_pb_text _builder_version=\u00bb4.27.0&#8243; _module_preset=\u00bbdefault\u00bb custom_margin=\u00bb30px||||false|false\u00bb link_option_url=\u00bbhttps:\/\/suport.fundesplai.org\/wp-content\/uploads\/2024\/11\/Politica-de-desconexion-digital-CAS-2.pdf\u00bb link_option_url_new_window=\u00bbon\u00bb global_colors_info=\u00bb{}\u00bb]<\/p>\n<h3><strong>Detalles de la formaci\u00f3n<\/strong><\/h3>\n<p>? <strong>Fechas:<\/strong> 20 y 27 de febrero.<br \/>\u23f0 <strong>Horario:<\/strong> De 10:00 a 13:00 h (6 horas totales).<br \/>? <strong>Formato:<\/strong> Dos sesiones pr\u00e1cticas e interactivas por videoconferencia.<\/p>\n<h3><strong>Temario<\/strong><\/h3>\n<p><strong>? Primera sesi\u00f3n \u2013 20 de febrero (3 horas)<\/strong><\/p>\n<ul>\n<li>Creaci\u00f3n de un espacio seguro.<\/li>\n<li>\u00bfQu\u00e9 es la violencia machista?<\/li>\n<li>Motivos para hablar de violencia machista y no de g\u00e9nero.<\/li>\n<li>Los da\u00f1os no visibles: m\u00e1s all\u00e1 de los golpes.<\/li>\n<li>\u00c1mbitos de la violencia machista.<\/li>\n<li>Din\u00e1mica interactiva: mar y monta\u00f1a.<\/li>\n<li>Normativa aplicable.<\/li>\n<\/ul>\n<p><strong>? Segunda sesi\u00f3n \u2013 27 de febrero (3 horas)<\/strong><\/p>\n<ul>\n<li>Derechos de las mujeres supervivientes.<\/li>\n<li>Prevenci\u00f3n y abordaje desde la entidad.<\/li>\n<li>Protocolos frente al acoso sexual y por raz\u00f3n de sexo.<\/li>\n<li>Servicios de informaci\u00f3n, atenci\u00f3n y asistencia.<\/li>\n<li>Cierre y conclusiones.<\/li>\n<\/ul>\n<p><strong>Ponente:<\/strong> Aroa Abell\u00e1n, experta en igualdad y violencia de g\u00e9nero.<\/p>\n<p>[\/et_pb_text][\/et_pb_column][\/et_pb_row][et_pb_row _builder_version=\u00bb4.24.3&#8243; _module_preset=\u00bbdefault\u00bb global_colors_info=\u00bb{}\u00bb][et_pb_column type=\u00bb4_4&#8243; _builder_version=\u00bb4.24.3&#8243; _module_preset=\u00bbdefault\u00bb global_colors_info=\u00bb{}\u00bb][et_pb_divider _builder_version=\u00bb4.24.3&#8243; _module_preset=\u00bbdefault\u00bb custom_margin=\u00bb30px||||false|false\u00bb global_colors_info=\u00bb{}\u00bb][\/et_pb_divider][et_pb_text admin_label=\u00bbText\u00bb _builder_version=\u00bb4.27.0&#8243; _module_preset=\u00bbdefault\u00bb custom_margin=\u00bb30px||||false|false\u00bb global_colors_info=\u00bb{}\u00bb]<\/p>\n<h3>Otros contenidos relacionados:<\/h3>\n<article id=\"post-27479\" class=\"et_pb_post post-27479 post type-post status-publish format-standard has-post-thumbnail hentry category-actualitat-blog category-blog category-formacio category-igualtat-genere-diversitat\">\n<article id=\"post-30156\" class=\"et_pb_post post-30156 post type-post status-publish format-standard has-post-thumbnail hentry category-actualidad category-blog-es category-recursos-igualdad\">\n<div class=\"fce-post-excerpt\">\n<ul>\n<li class=\"fce-readmore\"><a href=\"https:\/\/suport.fundesplai.org\/es\/blog-es\/recursos-igualdad\/descarga-la-guia-aplicacion-de-una-metodologia-feminista-interseccional-para-hacer-frente-a-las-violencias-machistas\/\">Descarga la gu\u00eda \u2018Aplicaci\u00f3n de una metodolog\u00eda feminista interseccional para hacer frente a las violencias machistas\u2019<\/a><\/li>\n<li class=\"fce-readmore\"><a href=\"https:\/\/suport.fundesplai.org\/es\/blog-es\/laboral-es\/igualdad\/la-brecha-salarial-en-el-tercer-sector-vuelve-a-ser-favorable-a-los-hombres-a-pesar-de-ser-un-sector-feminizado\/\">La brecha salarial en el Tercer Sector vuelve a ser favorable a los hombres, a pesar de ser un sector feminizado<\/a><\/li>\n<li class=\"fce-readmore\"><a href=\"https:\/\/suport.fundesplai.org\/es\/blog-es\/igualdad-genero-diversidad\/3-medidas-para-evitar-el-acoso-sexual-y-o-por-razon-de-sexo-en-la-entidad\/\">3 medidas para evitar el acoso sexual y\/o por raz\u00f3n de sexo en la entidad<\/a><\/li>\n<li class=\"fce-readmore\"><a href=\"https:\/\/suport.fundesplai.org\/es\/blog-es\/igualdad-genero-diversidad\/el-mobbing-las-entidades-deben-incluirlo-dentro-del-protocolo-de-acoso-sexual-y-o-por-razon-de-sexo\/\">El mobbing.\u00bfLas entidades deben incluirlo dentro del protocolo de acoso sexual y\/o por raz\u00f3n de sexo?<\/a><\/li>\n<\/ul>\n<\/div>\n<\/article>\n<\/article>\n<p>[\/et_pb_text][et_pb_divider _builder_version=\u00bb4.24.3&#8243; _module_preset=\u00bbdefault\u00bb custom_margin=\u00bb30px||||false|false\u00bb global_colors_info=\u00bb{}\u00bb][\/et_pb_divider][\/et_pb_column][\/et_pb_row][et_pb_row column_structure=\u00bb3_5,2_5&#8243; _builder_version=\u00bb4.24.3&#8243; _module_preset=\u00bbdefault\u00bb global_colors_info=\u00bb{}\u00bb][et_pb_column type=\u00bb3_5&#8243; _builder_version=\u00bb4.24.3&#8243; _module_preset=\u00bbdefault\u00bb global_colors_info=\u00bb{}\u00bb][et_pb_text _builder_version=\u00bb4.27.0&#8243; _module_preset=\u00bbdefault\u00bb global_colors_info=\u00bb{}\u00bb]<\/p>\n<p>Con el apoyo del Ministerio de Igualdad.<\/p>\n<p>[\/et_pb_text][\/et_pb_column][et_pb_column type=\u00bb2_5&#8243; _builder_version=\u00bb4.24.3&#8243; _module_preset=\u00bbdefault\u00bb global_colors_info=\u00bb{}\u00bb][et_pb_image src=\u00bbhttps:\/\/suport.fundesplai.org\/wp-content\/uploads\/2024\/09\/ministerio-de-igualdad.png\u00bb title_text=\u00bbministerio de igualdad\u00bb url=\u00bbhttps:\/\/igualtat.gencat.cat\/ca\/inici\/index.html\u00bb _builder_version=\u00bb4.27.0&#8243; _module_preset=\u00bbdefault\u00bb global_colors_info=\u00bb{}\u00bb][\/et_pb_image][\/et_pb_column][\/et_pb_row][\/et_pb_section]<\/p>\n","protected":false},"excerpt":{"rendered":"<p>Te ofrecemos una formaci\u00f3n virtual totalmente gratuita sobre la violencia de g\u00e9nero en entornos de trabajo.<\/p>\n","protected":false},"author":377,"featured_media":30372,"comment_status":"closed","ping_status":"closed","sticky":false,"template":"","format":"standard","meta":{"_et_pb_use_builder":"on","_et_pb_old_content":"","_et_gb_content_width":"","footnotes":""},"categories":[1,341,599],"tags":[],"class_list":["post-30369","post","type-post","status-publish","format-standard","has-post-thumbnail","hentry","category-actualidad","category-blog-es","category-igualdad"],"yoast_head":"<!-- This site is optimized with the Yoast SEO plugin v27.5 - https:\/\/yoast.com\/product\/yoast-seo-wordpress\/ -->\n<title>Ap\u00fantate a la &quot;Formaci\u00f3n b\u00e1sica sobre violencia de g\u00e9nero en entornos de trabajo&quot; - Suport Tercer Sector - Fundesplai<\/title>\n<meta name=\"description\" content=\"Te ofrecemos una formaci\u00f3n virtual totalmente gratuita sobre la violencia de g\u00e9nero en entornos de trabajo.\" \/>\n<meta name=\"robots\" content=\"index, follow, max-snippet:-1, max-image-preview:large, max-video-preview:-1\" \/>\n<link rel=\"canonical\" href=\"https:\/\/suport.fundesplai.org\/es\/blog-es\/laboral-es\/igualdad\/apuntate-formacion-violencia-genero-entornos-trabajo\/\" \/>\n<meta property=\"og:locale\" content=\"es_ES\" \/>\n<meta property=\"og:type\" content=\"article\" \/>\n<meta property=\"og:title\" content=\"Ap\u00fantate a la &quot;Formaci\u00f3n b\u00e1sica sobre violencia de g\u00e9nero en entornos de trabajo&quot; - Suport Tercer Sector - Fundesplai\" \/>\n<meta property=\"og:description\" content=\"Te ofrecemos una formaci\u00f3n virtual totalmente gratuita sobre la violencia de g\u00e9nero en entornos de trabajo.\" \/>\n<meta property=\"og:url\" content=\"https:\/\/suport.fundesplai.org\/es\/blog-es\/laboral-es\/igualdad\/apuntate-formacion-violencia-genero-entornos-trabajo\/\" \/>\n<meta property=\"og:site_name\" content=\"Suport Tercer Sector - Fundesplai\" \/>\n<meta property=\"article:publisher\" content=\"https:\/\/www.facebook.com\/Fundesplai\/\" \/>\n<meta property=\"article:published_time\" content=\"2025-01-17T10:57:57+00:00\" \/>\n<meta property=\"article:modified_time\" content=\"2025-01-20T13:06:44+00:00\" \/>\n<meta property=\"og:image\" content=\"https:\/\/suport.fundesplai.org\/wp-content\/uploads\/2025\/01\/Fotos-blog-Suport-10.jpg\" \/>\n\t<meta property=\"og:image:width\" content=\"1888\" \/>\n\t<meta property=\"og:image:height\" content=\"900\" \/>\n\t<meta property=\"og:image:type\" content=\"image\/jpeg\" \/>\n<meta name=\"author\" content=\"Maria Eugenia Ifer Puntigliano\" \/>\n<meta name=\"twitter:card\" content=\"summary_large_image\" \/>\n<meta name=\"twitter:creator\" content=\"@suport_org\" \/>\n<meta name=\"twitter:site\" content=\"@suport_org\" \/>\n<meta name=\"twitter:label1\" content=\"Escrito por\" \/>\n\t<meta name=\"twitter:data1\" content=\"Maria Eugenia Ifer Puntigliano\" \/>\n\t<meta name=\"twitter:label2\" content=\"Tiempo de lectura\" \/>\n\t<meta name=\"twitter:data2\" content=\"2 minutos\" \/>\n<script type=\"application\/ld+json\" class=\"yoast-schema-graph\">{\"@context\":\"https:\\\/\\\/schema.org\",\"@graph\":[{\"@type\":\"Article\",\"@id\":\"https:\\\/\\\/suport.fundesplai.org\\\/es\\\/blog-es\\\/laboral-es\\\/igualdad\\\/apuntate-formacion-violencia-genero-entornos-trabajo\\\/#article\",\"isPartOf\":{\"@id\":\"https:\\\/\\\/suport.fundesplai.org\\\/es\\\/blog-es\\\/laboral-es\\\/igualdad\\\/apuntate-formacion-violencia-genero-entornos-trabajo\\\/\"},\"author\":{\"name\":\"Maria Eugenia Ifer Puntigliano\",\"@id\":\"https:\\\/\\\/suport.fundesplai.org\\\/es\\\/#\\\/schema\\\/person\\\/d67e880480b45b41df0ab5d2c3670fba\"},\"headline\":\"Ap\u00fantate a la \u00abFormaci\u00f3n b\u00e1sica sobre violencia de g\u00e9nero en entornos de trabajo\u00bb\",\"datePublished\":\"2025-01-17T10:57:57+00:00\",\"dateModified\":\"2025-01-20T13:06:44+00:00\",\"mainEntityOfPage\":{\"@id\":\"https:\\\/\\\/suport.fundesplai.org\\\/es\\\/blog-es\\\/laboral-es\\\/igualdad\\\/apuntate-formacion-violencia-genero-entornos-trabajo\\\/\"},\"wordCount\":639,\"publisher\":{\"@id\":\"https:\\\/\\\/suport.fundesplai.org\\\/es\\\/#organization\"},\"image\":{\"@id\":\"https:\\\/\\\/suport.fundesplai.org\\\/es\\\/blog-es\\\/laboral-es\\\/igualdad\\\/apuntate-formacion-violencia-genero-entornos-trabajo\\\/#primaryimage\"},\"thumbnailUrl\":\"https:\\\/\\\/suport.fundesplai.org\\\/wp-content\\\/uploads\\\/2025\\\/01\\\/Fotos-blog-Suport-10.jpg\",\"articleSection\":[\"Actualidad\",\"Blog\",\"Igualdad\"],\"inLanguage\":\"es\"},{\"@type\":\"WebPage\",\"@id\":\"https:\\\/\\\/suport.fundesplai.org\\\/es\\\/blog-es\\\/laboral-es\\\/igualdad\\\/apuntate-formacion-violencia-genero-entornos-trabajo\\\/\",\"url\":\"https:\\\/\\\/suport.fundesplai.org\\\/es\\\/blog-es\\\/laboral-es\\\/igualdad\\\/apuntate-formacion-violencia-genero-entornos-trabajo\\\/\",\"name\":\"Ap\u00fantate a la \\\"Formaci\u00f3n b\u00e1sica sobre violencia de g\u00e9nero en entornos de trabajo\\\" - Suport Tercer Sector - Fundesplai\",\"isPartOf\":{\"@id\":\"https:\\\/\\\/suport.fundesplai.org\\\/es\\\/#website\"},\"primaryImageOfPage\":{\"@id\":\"https:\\\/\\\/suport.fundesplai.org\\\/es\\\/blog-es\\\/laboral-es\\\/igualdad\\\/apuntate-formacion-violencia-genero-entornos-trabajo\\\/#primaryimage\"},\"image\":{\"@id\":\"https:\\\/\\\/suport.fundesplai.org\\\/es\\\/blog-es\\\/laboral-es\\\/igualdad\\\/apuntate-formacion-violencia-genero-entornos-trabajo\\\/#primaryimage\"},\"thumbnailUrl\":\"https:\\\/\\\/suport.fundesplai.org\\\/wp-content\\\/uploads\\\/2025\\\/01\\\/Fotos-blog-Suport-10.jpg\",\"datePublished\":\"2025-01-17T10:57:57+00:00\",\"dateModified\":\"2025-01-20T13:06:44+00:00\",\"description\":\"Te ofrecemos una formaci\u00f3n virtual totalmente gratuita sobre la violencia de g\u00e9nero en entornos de trabajo.\",\"breadcrumb\":{\"@id\":\"https:\\\/\\\/suport.fundesplai.org\\\/es\\\/blog-es\\\/laboral-es\\\/igualdad\\\/apuntate-formacion-violencia-genero-entornos-trabajo\\\/#breadcrumb\"},\"inLanguage\":\"es\",\"potentialAction\":[{\"@type\":\"ReadAction\",\"target\":[\"https:\\\/\\\/suport.fundesplai.org\\\/es\\\/blog-es\\\/laboral-es\\\/igualdad\\\/apuntate-formacion-violencia-genero-entornos-trabajo\\\/\"]}]},{\"@type\":\"ImageObject\",\"inLanguage\":\"es\",\"@id\":\"https:\\\/\\\/suport.fundesplai.org\\\/es\\\/blog-es\\\/laboral-es\\\/igualdad\\\/apuntate-formacion-violencia-genero-entornos-trabajo\\\/#primaryimage\",\"url\":\"https:\\\/\\\/suport.fundesplai.org\\\/wp-content\\\/uploads\\\/2025\\\/01\\\/Fotos-blog-Suport-10.jpg\",\"contentUrl\":\"https:\\\/\\\/suport.fundesplai.org\\\/wp-content\\\/uploads\\\/2025\\\/01\\\/Fotos-blog-Suport-10.jpg\",\"width\":1888,\"height\":900,\"caption\":\"Formaci\u00f3n_violencia_genero\"},{\"@type\":\"BreadcrumbList\",\"@id\":\"https:\\\/\\\/suport.fundesplai.org\\\/es\\\/blog-es\\\/laboral-es\\\/igualdad\\\/apuntate-formacion-violencia-genero-entornos-trabajo\\\/#breadcrumb\",\"itemListElement\":[{\"@type\":\"ListItem\",\"position\":1,\"name\":\"Inici\",\"item\":\"https:\\\/\\\/suport.fundesplai.org\\\/es\\\/\"},{\"@type\":\"ListItem\",\"position\":2,\"name\":\"Blog\",\"item\":\"https:\\\/\\\/suport.fundesplai.org\\\/es\\\/blog-es\\\/\"},{\"@type\":\"ListItem\",\"position\":3,\"name\":\"Laboral\",\"item\":\"https:\\\/\\\/suport.fundesplai.org\\\/es\\\/blog-es\\\/laboral-es\\\/\"},{\"@type\":\"ListItem\",\"position\":4,\"name\":\"Igualdad\",\"item\":\"https:\\\/\\\/suport.fundesplai.org\\\/es\\\/blog-es\\\/laboral-es\\\/igualdad\\\/\"},{\"@type\":\"ListItem\",\"position\":5,\"name\":\"Ap\u00fantate a la \u00abFormaci\u00f3n b\u00e1sica sobre violencia de g\u00e9nero en entornos de trabajo\u00bb\"}]},{\"@type\":\"WebSite\",\"@id\":\"https:\\\/\\\/suport.fundesplai.org\\\/es\\\/#website\",\"url\":\"https:\\\/\\\/suport.fundesplai.org\\\/es\\\/\",\"name\":\"Suport Tercer Sector - Fundesplai\",\"description\":\"Gesti\u00f3n de asociaciones y fundaciones\",\"publisher\":{\"@id\":\"https:\\\/\\\/suport.fundesplai.org\\\/es\\\/#organization\"},\"potentialAction\":[{\"@type\":\"SearchAction\",\"target\":{\"@type\":\"EntryPoint\",\"urlTemplate\":\"https:\\\/\\\/suport.fundesplai.org\\\/es\\\/?s={search_term_string}\"},\"query-input\":{\"@type\":\"PropertyValueSpecification\",\"valueRequired\":true,\"valueName\":\"search_term_string\"}}],\"inLanguage\":\"es\"},{\"@type\":\"Organization\",\"@id\":\"https:\\\/\\\/suport.fundesplai.org\\\/es\\\/#organization\",\"name\":\"Suport Tercer Sector de Fundesplai per entitats i associacions\",\"url\":\"https:\\\/\\\/suport.fundesplai.org\\\/es\\\/\",\"logo\":{\"@type\":\"ImageObject\",\"inLanguage\":\"es\",\"@id\":\"https:\\\/\\\/suport.fundesplai.org\\\/es\\\/#\\\/schema\\\/logo\\\/image\\\/\",\"url\":\"https:\\\/\\\/suport.fundesplai.org\\\/wp-content\\\/uploads\\\/2019\\\/08\\\/lgo-suport-tercer-sector-fe-2.png\",\"contentUrl\":\"https:\\\/\\\/suport.fundesplai.org\\\/wp-content\\\/uploads\\\/2019\\\/08\\\/lgo-suport-tercer-sector-fe-2.png\",\"width\":300,\"height\":141,\"caption\":\"Suport Tercer Sector de Fundesplai per entitats i associacions\"},\"image\":{\"@id\":\"https:\\\/\\\/suport.fundesplai.org\\\/es\\\/#\\\/schema\\\/logo\\\/image\\\/\"},\"sameAs\":[\"https:\\\/\\\/www.facebook.com\\\/Fundesplai\\\/\",\"https:\\\/\\\/x.com\\\/suport_org\",\"https:\\\/\\\/www.instagram.com\\\/fundesplai\\\/\",\"https:\\\/\\\/www.linkedin.com\\\/company\\\/fundesplai\",\"https:\\\/\\\/www.youtube.com\\\/channel\\\/UCGaevIfQeecUHeWq1m-WLYw\",\"https:\\\/\\\/ca.wikipedia.org\\\/wiki\\\/Fundaci\u00f3_Catalana_de_l'Esplai\"]},{\"@type\":\"Person\",\"@id\":\"https:\\\/\\\/suport.fundesplai.org\\\/es\\\/#\\\/schema\\\/person\\\/d67e880480b45b41df0ab5d2c3670fba\",\"name\":\"Maria Eugenia Ifer Puntigliano\",\"image\":{\"@type\":\"ImageObject\",\"inLanguage\":\"es\",\"@id\":\"https:\\\/\\\/secure.gravatar.com\\\/avatar\\\/d6f452030d1e5d988a270d205fbc06489eac700fb463d9abd26f76d07f8fa0d8?s=96&d=monsterid&r=g\",\"url\":\"https:\\\/\\\/secure.gravatar.com\\\/avatar\\\/d6f452030d1e5d988a270d205fbc06489eac700fb463d9abd26f76d07f8fa0d8?s=96&d=monsterid&r=g\",\"contentUrl\":\"https:\\\/\\\/secure.gravatar.com\\\/avatar\\\/d6f452030d1e5d988a270d205fbc06489eac700fb463d9abd26f76d07f8fa0d8?s=96&d=monsterid&r=g\",\"caption\":\"Maria Eugenia Ifer Puntigliano\"},\"url\":\"https:\\\/\\\/suport.fundesplai.org\\\/es\\\/author\\\/meifer\\\/\"}]}<\/script>\n<!-- \/ Yoast SEO plugin. -->","yoast_head_json":{"title":"Ap\u00fantate a la \"Formaci\u00f3n b\u00e1sica sobre violencia de g\u00e9nero en entornos de trabajo\" - Suport Tercer Sector - Fundesplai","description":"Te ofrecemos una formaci\u00f3n virtual totalmente gratuita sobre la violencia de g\u00e9nero en entornos de trabajo.","robots":{"index":"index","follow":"follow","max-snippet":"max-snippet:-1","max-image-preview":"max-image-preview:large","max-video-preview":"max-video-preview:-1"},"canonical":"https:\/\/suport.fundesplai.org\/es\/blog-es\/laboral-es\/igualdad\/apuntate-formacion-violencia-genero-entornos-trabajo\/","og_locale":"es_ES","og_type":"article","og_title":"Ap\u00fantate a la \"Formaci\u00f3n b\u00e1sica sobre violencia de g\u00e9nero en entornos de trabajo\" - Suport Tercer Sector - Fundesplai","og_description":"Te ofrecemos una formaci\u00f3n virtual totalmente gratuita sobre la violencia de g\u00e9nero en entornos de trabajo.","og_url":"https:\/\/suport.fundesplai.org\/es\/blog-es\/laboral-es\/igualdad\/apuntate-formacion-violencia-genero-entornos-trabajo\/","og_site_name":"Suport Tercer Sector - Fundesplai","article_publisher":"https:\/\/www.facebook.com\/Fundesplai\/","article_published_time":"2025-01-17T10:57:57+00:00","article_modified_time":"2025-01-20T13:06:44+00:00","og_image":[{"width":1888,"height":900,"url":"https:\/\/suport.fundesplai.org\/wp-content\/uploads\/2025\/01\/Fotos-blog-Suport-10.jpg","type":"image\/jpeg"}],"author":"Maria Eugenia Ifer Puntigliano","twitter_card":"summary_large_image","twitter_creator":"@suport_org","twitter_site":"@suport_org","twitter_misc":{"Escrito por":"Maria Eugenia Ifer Puntigliano","Tiempo de lectura":"2 minutos"},"schema":{"@context":"https:\/\/schema.org","@graph":[{"@type":"Article","@id":"https:\/\/suport.fundesplai.org\/es\/blog-es\/laboral-es\/igualdad\/apuntate-formacion-violencia-genero-entornos-trabajo\/#article","isPartOf":{"@id":"https:\/\/suport.fundesplai.org\/es\/blog-es\/laboral-es\/igualdad\/apuntate-formacion-violencia-genero-entornos-trabajo\/"},"author":{"name":"Maria Eugenia Ifer Puntigliano","@id":"https:\/\/suport.fundesplai.org\/es\/#\/schema\/person\/d67e880480b45b41df0ab5d2c3670fba"},"headline":"Ap\u00fantate a la \u00abFormaci\u00f3n b\u00e1sica sobre violencia de g\u00e9nero en entornos de trabajo\u00bb","datePublished":"2025-01-17T10:57:57+00:00","dateModified":"2025-01-20T13:06:44+00:00","mainEntityOfPage":{"@id":"https:\/\/suport.fundesplai.org\/es\/blog-es\/laboral-es\/igualdad\/apuntate-formacion-violencia-genero-entornos-trabajo\/"},"wordCount":639,"publisher":{"@id":"https:\/\/suport.fundesplai.org\/es\/#organization"},"image":{"@id":"https:\/\/suport.fundesplai.org\/es\/blog-es\/laboral-es\/igualdad\/apuntate-formacion-violencia-genero-entornos-trabajo\/#primaryimage"},"thumbnailUrl":"https:\/\/suport.fundesplai.org\/wp-content\/uploads\/2025\/01\/Fotos-blog-Suport-10.jpg","articleSection":["Actualidad","Blog","Igualdad"],"inLanguage":"es"},{"@type":"WebPage","@id":"https:\/\/suport.fundesplai.org\/es\/blog-es\/laboral-es\/igualdad\/apuntate-formacion-violencia-genero-entornos-trabajo\/","url":"https:\/\/suport.fundesplai.org\/es\/blog-es\/laboral-es\/igualdad\/apuntate-formacion-violencia-genero-entornos-trabajo\/","name":"Ap\u00fantate a la \"Formaci\u00f3n b\u00e1sica sobre violencia de g\u00e9nero en entornos de trabajo\" - Suport Tercer Sector - Fundesplai","isPartOf":{"@id":"https:\/\/suport.fundesplai.org\/es\/#website"},"primaryImageOfPage":{"@id":"https:\/\/suport.fundesplai.org\/es\/blog-es\/laboral-es\/igualdad\/apuntate-formacion-violencia-genero-entornos-trabajo\/#primaryimage"},"image":{"@id":"https:\/\/suport.fundesplai.org\/es\/blog-es\/laboral-es\/igualdad\/apuntate-formacion-violencia-genero-entornos-trabajo\/#primaryimage"},"thumbnailUrl":"https:\/\/suport.fundesplai.org\/wp-content\/uploads\/2025\/01\/Fotos-blog-Suport-10.jpg","datePublished":"2025-01-17T10:57:57+00:00","dateModified":"2025-01-20T13:06:44+00:00","description":"Te ofrecemos una formaci\u00f3n virtual totalmente gratuita sobre la violencia de g\u00e9nero en entornos de trabajo.","breadcrumb":{"@id":"https:\/\/suport.fundesplai.org\/es\/blog-es\/laboral-es\/igualdad\/apuntate-formacion-violencia-genero-entornos-trabajo\/#breadcrumb"},"inLanguage":"es","potentialAction":[{"@type":"ReadAction","target":["https:\/\/suport.fundesplai.org\/es\/blog-es\/laboral-es\/igualdad\/apuntate-formacion-violencia-genero-entornos-trabajo\/"]}]},{"@type":"ImageObject","inLanguage":"es","@id":"https:\/\/suport.fundesplai.org\/es\/blog-es\/laboral-es\/igualdad\/apuntate-formacion-violencia-genero-entornos-trabajo\/#primaryimage","url":"https:\/\/suport.fundesplai.org\/wp-content\/uploads\/2025\/01\/Fotos-blog-Suport-10.jpg","contentUrl":"https:\/\/suport.fundesplai.org\/wp-content\/uploads\/2025\/01\/Fotos-blog-Suport-10.jpg","width":1888,"height":900,"caption":"Formaci\u00f3n_violencia_genero"},{"@type":"BreadcrumbList","@id":"https:\/\/suport.fundesplai.org\/es\/blog-es\/laboral-es\/igualdad\/apuntate-formacion-violencia-genero-entornos-trabajo\/#breadcrumb","itemListElement":[{"@type":"ListItem","position":1,"name":"Inici","item":"https:\/\/suport.fundesplai.org\/es\/"},{"@type":"ListItem","position":2,"name":"Blog","item":"https:\/\/suport.fundesplai.org\/es\/blog-es\/"},{"@type":"ListItem","position":3,"name":"Laboral","item":"https:\/\/suport.fundesplai.org\/es\/blog-es\/laboral-es\/"},{"@type":"ListItem","position":4,"name":"Igualdad","item":"https:\/\/suport.fundesplai.org\/es\/blog-es\/laboral-es\/igualdad\/"},{"@type":"ListItem","position":5,"name":"Ap\u00fantate a la \u00abFormaci\u00f3n b\u00e1sica sobre violencia de g\u00e9nero en entornos de trabajo\u00bb"}]},{"@type":"WebSite","@id":"https:\/\/suport.fundesplai.org\/es\/#website","url":"https:\/\/suport.fundesplai.org\/es\/","name":"Suport Tercer Sector - Fundesplai","description":"Gesti\u00f3n de asociaciones y fundaciones","publisher":{"@id":"https:\/\/suport.fundesplai.org\/es\/#organization"},"potentialAction":[{"@type":"SearchAction","target":{"@type":"EntryPoint","urlTemplate":"https:\/\/suport.fundesplai.org\/es\/?s={search_term_string}"},"query-input":{"@type":"PropertyValueSpecification","valueRequired":true,"valueName":"search_term_string"}}],"inLanguage":"es"},{"@type":"Organization","@id":"https:\/\/suport.fundesplai.org\/es\/#organization","name":"Suport Tercer Sector de Fundesplai per entitats i associacions","url":"https:\/\/suport.fundesplai.org\/es\/","logo":{"@type":"ImageObject","inLanguage":"es","@id":"https:\/\/suport.fundesplai.org\/es\/#\/schema\/logo\/image\/","url":"https:\/\/suport.fundesplai.org\/wp-content\/uploads\/2019\/08\/lgo-suport-tercer-sector-fe-2.png","contentUrl":"https:\/\/suport.fundesplai.org\/wp-content\/uploads\/2019\/08\/lgo-suport-tercer-sector-fe-2.png","width":300,"height":141,"caption":"Suport Tercer Sector de Fundesplai per entitats i associacions"},"image":{"@id":"https:\/\/suport.fundesplai.org\/es\/#\/schema\/logo\/image\/"},"sameAs":["https:\/\/www.facebook.com\/Fundesplai\/","https:\/\/x.com\/suport_org","https:\/\/www.instagram.com\/fundesplai\/","https:\/\/www.linkedin.com\/company\/fundesplai","https:\/\/www.youtube.com\/channel\/UCGaevIfQeecUHeWq1m-WLYw","https:\/\/ca.wikipedia.org\/wiki\/Fundaci\u00f3_Catalana_de_l'Esplai"]},{"@type":"Person","@id":"https:\/\/suport.fundesplai.org\/es\/#\/schema\/person\/d67e880480b45b41df0ab5d2c3670fba","name":"Maria Eugenia Ifer Puntigliano","image":{"@type":"ImageObject","inLanguage":"es","@id":"https:\/\/secure.gravatar.com\/avatar\/d6f452030d1e5d988a270d205fbc06489eac700fb463d9abd26f76d07f8fa0d8?s=96&d=monsterid&r=g","url":"https:\/\/secure.gravatar.com\/avatar\/d6f452030d1e5d988a270d205fbc06489eac700fb463d9abd26f76d07f8fa0d8?s=96&d=monsterid&r=g","contentUrl":"https:\/\/secure.gravatar.com\/avatar\/d6f452030d1e5d988a270d205fbc06489eac700fb463d9abd26f76d07f8fa0d8?s=96&d=monsterid&r=g","caption":"Maria Eugenia Ifer Puntigliano"},"url":"https:\/\/suport.fundesplai.org\/es\/author\/meifer\/"}]}},"_links":{"self":[{"href":"https:\/\/suport.fundesplai.org\/es\/wp-json\/wp\/v2\/posts\/30369","targetHints":{"allow":["GET"]}}],"collection":[{"href":"https:\/\/suport.fundesplai.org\/es\/wp-json\/wp\/v2\/posts"}],"about":[{"href":"https:\/\/suport.fundesplai.org\/es\/wp-json\/wp\/v2\/types\/post"}],"author":[{"embeddable":true,"href":"https:\/\/suport.fundesplai.org\/es\/wp-json\/wp\/v2\/users\/377"}],"replies":[{"embeddable":true,"href":"https:\/\/suport.fundesplai.org\/es\/wp-json\/wp\/v2\/comments?post=30369"}],"version-history":[{"count":9,"href":"https:\/\/suport.fundesplai.org\/es\/wp-json\/wp\/v2\/posts\/30369\/revisions"}],"predecessor-version":[{"id":30427,"href":"https:\/\/suport.fundesplai.org\/es\/wp-json\/wp\/v2\/posts\/30369\/revisions\/30427"}],"wp:featuredmedia":[{"embeddable":true,"href":"https:\/\/suport.fundesplai.org\/es\/wp-json\/wp\/v2\/media\/30372"}],"wp:attachment":[{"href":"https:\/\/suport.fundesplai.org\/es\/wp-json\/wp\/v2\/media?parent=30369"}],"wp:term":[{"taxonomy":"category","embeddable":true,"href":"https:\/\/suport.fundesplai.org\/es\/wp-json\/wp\/v2\/categories?post=30369"},{"taxonomy":"post_tag","embeddable":true,"href":"https:\/\/suport.fundesplai.org\/es\/wp-json\/wp\/v2\/tags?post=30369"}],"curies":[{"name":"wp","href":"https:\/\/api.w.org\/{rel}","templated":true}]}}