{"id":30432,"date":"2024-12-18T15:33:45","date_gmt":"2024-12-18T14:33:45","guid":{"rendered":"https:\/\/suport.fundesplai.org\/blog-es\/actualidad\/descarga-la-guia-como-se-hace-el-registro-del-plan-de-igualdad\/"},"modified":"2025-02-13T08:26:25","modified_gmt":"2025-02-13T07:26:25","slug":"descarga-la-guia-como-se-hace-el-registro-del-plan-de-igualdad","status":"publish","type":"post","link":"https:\/\/suport.fundesplai.org\/es\/blog-es\/recursos-igualdad\/descarga-la-guia-como-se-hace-el-registro-del-plan-de-igualdad\/","title":{"rendered":"Descarga la gu\u00eda &#8216;\u00bfC\u00f3mo se hace el registro del plan de igualdad?&#8217;"},"content":{"rendered":"<p>[et_pb_section fb_built=\u00bb1&#8243; _builder_version=\u00bb4.21.0&#8243; _module_preset=\u00bbdefault\u00bb global_colors_info=\u00bb{}\u00bb][et_pb_row _builder_version=\u00bb4.21.0&#8243; _module_preset=\u00bbdefault\u00bb global_colors_info=\u00bb{}\u00bb][et_pb_column type=\u00bb4_4&#8243; _builder_version=\u00bb4.21.0&#8243; _module_preset=\u00bbdefault\u00bb global_colors_info=\u00bb{}\u00bb][et_pb_text admin_label=\u00bbText\u00bb _builder_version=\u00bb4.27.4&#8243; _module_preset=\u00bbdefault\u00bb global_colors_info=\u00bb{}\u00bb]<\/p>\n<p>Desde la <a href=\"https:\/\/suport.fundesplai.org\/es\/servicios\/oficina-tecnica-para-la-equidad-de-genero-y-la-diversidad-sexual\/\" target=\"_blank\" rel=\"noopener\">Oficina t\u00e9cnica para la equidad de g\u00e9nero y la diversidad sexual a las entidades del tercer sector<\/a>, con el apoyo del <strong>Departament d&#8217;Igualtat i Feminisme de la Generalitat de Catalunya<\/strong>, hemos <strong>creado la gu\u00eda<\/strong> <strong>&#8216;C\u00f3mo se hace el registro del plan de igualdad?&#8217;.<\/strong><\/p>\n<p>Queremos ayudarte a cumplir con la <strong>normativa vigente<\/strong>. Por este motivo, hemos preparado una gu\u00eda pr\u00e1ctica que te ayude con el <strong>proceso de registro del plan de igualdad<\/strong>. Recuerda que cualquier organizaci\u00f3n con m\u00e1s de <strong>cincuenta personas trabajadoras<\/strong> est\u00e1 obligada a tener un plan de igualdad y que est\u00e9 <strong>debidamente registrado<\/strong>.<\/p>\n<p>Si tienes dudas puedes contactar con el <strong>servicio gratuito de asesoramiento<\/strong> de la Oficina t\u00e9cnica.<\/p>\n<p>[\/et_pb_text][et_pb_button button_url=\u00bbhttps:\/\/suport.fundesplai.org\/es\/servicios\/oficina-tecnica-para-la-equidad-de-genero-y-la-diversidad-sexual\/\u00bb url_new_window=\u00bbon\u00bb button_text=\u00bbVisita la Oficina t\u00e9cnica \u00bb button_alignment=\u00bbcenter\u00bb admin_label=\u00bbButton\u00bb _builder_version=\u00bb4.24.3&#8243; _module_preset=\u00bbdefault\u00bb custom_margin=\u00bb30px||30px||false|false\u00bb global_colors_info=\u00bb{}\u00bb][\/et_pb_button][et_pb_divider _builder_version=\u00bb4.27.0&#8243; _module_preset=\u00bbdefault\u00bb custom_margin=\u00bb30px||||false|false\u00bb global_colors_info=\u00bb{}\u00bb][\/et_pb_divider][et_pb_text _builder_version=\u00bb4.27.4&#8243; _module_preset=\u00bbdefault\u00bb link_option_url=\u00bbhttps:\/\/suport.fundesplai.org\/wp-content\/uploads\/2024\/11\/Politica-de-desconexion-digital-CAS-2.pdf\u00bb link_option_url_new_window=\u00bbon\u00bb hover_enabled=\u00bb0&#8243; global_colors_info=\u00bb{}\u00bb sticky_enabled=\u00bb0&#8243;]<\/p>\n<p><a href=\"https:\/\/suport.fundesplai.org\/wp-content\/uploads\/2025\/01\/CAS-\u00bfComo-se-realiza-el-registro-del-plan-de-igualdad.pdf\" target=\"_blank\" rel=\"noopener\"><img loading=\"lazy\" decoding=\"async\" class=\"aligncenter wp-image-30431 size-medium\" src=\"https:\/\/suport.fundesplai.org\/wp-content\/uploads\/2025\/01\/\u00bfComo-se-realiza-el-registro-del-plan-de-igualdad-566x800.jpg\" alt=\"\" width=\"566\" height=\"800\" srcset=\"https:\/\/suport.fundesplai.org\/wp-content\/uploads\/2025\/01\/\u00bfComo-se-realiza-el-registro-del-plan-de-igualdad-566x800.jpg 566w, https:\/\/suport.fundesplai.org\/wp-content\/uploads\/2025\/01\/\u00bfComo-se-realiza-el-registro-del-plan-de-igualdad-848x1200.jpg 848w, https:\/\/suport.fundesplai.org\/wp-content\/uploads\/2025\/01\/\u00bfComo-se-realiza-el-registro-del-plan-de-igualdad-768x1086.jpg 768w, https:\/\/suport.fundesplai.org\/wp-content\/uploads\/2025\/01\/\u00bfComo-se-realiza-el-registro-del-plan-de-igualdad-1086x1536.jpg 1086w, https:\/\/suport.fundesplai.org\/wp-content\/uploads\/2025\/01\/\u00bfComo-se-realiza-el-registro-del-plan-de-igualdad-1080x1528.jpg 1080w, https:\/\/suport.fundesplai.org\/wp-content\/uploads\/2025\/01\/\u00bfComo-se-realiza-el-registro-del-plan-de-igualdad-1280x1810.jpg 1280w, https:\/\/suport.fundesplai.org\/wp-content\/uploads\/2025\/01\/\u00bfComo-se-realiza-el-registro-del-plan-de-igualdad-980x1386.jpg 980w, https:\/\/suport.fundesplai.org\/wp-content\/uploads\/2025\/01\/\u00bfComo-se-realiza-el-registro-del-plan-de-igualdad-480x679.jpg 480w, https:\/\/suport.fundesplai.org\/wp-content\/uploads\/2025\/01\/\u00bfComo-se-realiza-el-registro-del-plan-de-igualdad-1320x1867.jpg 1320w, https:\/\/suport.fundesplai.org\/wp-content\/uploads\/2025\/01\/\u00bfComo-se-realiza-el-registro-del-plan-de-igualdad.jpg 1414w\" sizes=\"(max-width: 566px) 100vw, 566px\" \/><\/a><\/p>\n<p>[\/et_pb_text][et_pb_button button_url=\u00bbhttps:\/\/suport.fundesplai.org\/wp-content\/uploads\/2025\/01\/CAS-\u00bfComo-se-realiza-el-registro-del-plan-de-igualdad.pdf\u00bb url_new_window=\u00bbon\u00bb button_text=\u00bb\u00a1Desc\u00e1rgala!\u00bb button_alignment=\u00bbcenter\u00bb _builder_version=\u00bb4.27.4&#8243; _module_preset=\u00bbdefault\u00bb custom_margin=\u00bb30px||||false|false\u00bb global_colors_info=\u00bb{}\u00bb][\/et_pb_button][\/et_pb_column][\/et_pb_row][et_pb_row _builder_version=\u00bb4.24.3&#8243; _module_preset=\u00bbdefault\u00bb global_colors_info=\u00bb{}\u00bb][et_pb_column type=\u00bb4_4&#8243; _builder_version=\u00bb4.24.3&#8243; _module_preset=\u00bbdefault\u00bb global_colors_info=\u00bb{}\u00bb][et_pb_divider _builder_version=\u00bb4.24.3&#8243; _module_preset=\u00bbdefault\u00bb custom_margin=\u00bb30px||||false|false\u00bb global_colors_info=\u00bb{}\u00bb][\/et_pb_divider][et_pb_text admin_label=\u00bbText\u00bb _builder_version=\u00bb4.27.4&#8243; _module_preset=\u00bbdefault\u00bb custom_margin=\u00bb30px||||false|false\u00bb global_colors_info=\u00bb{}\u00bb]<\/p>\n<h3>Otros contenidos relacionados:<\/h3>\n<article id=\"post-27479\" class=\"et_pb_post post-27479 post type-post status-publish format-standard has-post-thumbnail hentry category-actualitat-blog category-blog category-formacio category-igualtat-genere-diversitat\">\n<ul>\n<li><a href=\"https:\/\/suport.fundesplai.org\/es\/blog-es\/actualidad\/6-obligaciones-para-las-entidades-sobre-igualdad-y-diversidad\/\">6 obligaciones para las entidades sobre igualdad y diversidad<\/a><\/li>\n<li><a href=\"https:\/\/suport.fundesplai.org\/es\/blog-es\/actualidad\/registro-de-los-protocolos-de-abordaje-del-acoso-sexual-y-o-por-razon-de-sexo\/\">Registro de los protocolos de abordaje del acoso sexual y\/o por raz\u00f3n de sexo<\/a><\/li>\n<li><a href=\"https:\/\/suport.fundesplai.org\/es\/blog-es\/actualidad\/las-mujeres-en-espana-cobran-casi-un-16-menos-que-los-hombres\/\">Las mujeres en Espa\u00f1a cobran casi un 16% menos que los hombres<\/a><\/li>\n<li><a href=\"https:\/\/suport.fundesplai.org\/blog\/actualitat-blog\/servei-gratuit-oficina-obligacions-legals-igualtat-diversitat\/\">Sara Jim\u00e9nez: \u00abEl servicio gratuito de la Oficina ayuda a las entidades con las obligaciones legales sobre igualdad y diversidad\u00bb<\/a><\/li>\n<li><a href=\"https:\/\/suport.fundesplai.org\/es\/blog-es\/actualidad\/descarga-la-guia-politica-de-desconexion-digital\/\">Descarga la gu\u00eda &#8216;Pol\u00edtica de desconexi\u00f3n digital&#8217;<\/a><\/li>\n<\/ul>\n<\/article>\n<p>[\/et_pb_text][et_pb_divider _builder_version=\u00bb4.24.3&#8243; _module_preset=\u00bbdefault\u00bb custom_margin=\u00bb30px||||false|false\u00bb global_colors_info=\u00bb{}\u00bb][\/et_pb_divider][\/et_pb_column][\/et_pb_row][et_pb_row column_structure=\u00bb3_5,2_5&#8243; _builder_version=\u00bb4.24.3&#8243; _module_preset=\u00bbdefault\u00bb global_colors_info=\u00bb{}\u00bb][et_pb_column type=\u00bb3_5&#8243; _builder_version=\u00bb4.24.3&#8243; _module_preset=\u00bbdefault\u00bb global_colors_info=\u00bb{}\u00bb][et_pb_text _builder_version=\u00bb4.27.0&#8243; _module_preset=\u00bbdefault\u00bb global_colors_info=\u00bb{}\u00bb]<\/p>\n<p>Con el apoyo del Departament d&#8217;Igualtat i Feminisme.<\/p>\n<p>[\/et_pb_text][\/et_pb_column][et_pb_column type=\u00bb2_5&#8243; _builder_version=\u00bb4.24.3&#8243; _module_preset=\u00bbdefault\u00bb global_colors_info=\u00bb{}\u00bb][et_pb_image src=\u00bbhttps:\/\/suport.fundesplai.org\/wp-content\/uploads\/2024\/10\/departament_igualtat_generalitat_catalunya.png\u00bb title_text=\u00bbdepartamento_igualdad_generalidad_catalu\u00f1a\u00bb _builder_version=\u00bb4.27.0&#8243; _module_preset=\u00bbdefault\u00bb global_colors_info=\u00bb{}\u00bb][\/et_pb_image][\/et_pb_column][\/et_pb_row][\/et_pb_section]<\/p>\n","protected":false},"excerpt":{"rendered":"<p>Desde Suport Tercer Sector hemos preparado una gu\u00eda pr\u00e1ctica que te ayude con el proceso de registro del plan de igualdad.<\/p>\n","protected":false},"author":377,"featured_media":30002,"comment_status":"closed","ping_status":"closed","sticky":false,"template":"","format":"standard","meta":{"_et_pb_use_builder":"on","_et_pb_old_content":"","_et_gb_content_width":"","footnotes":""},"categories":[1,341,896],"tags":[],"class_list":["post-30432","post","type-post","status-publish","format-standard","has-post-thumbnail","hentry","category-actualidad","category-blog-es","category-recursos-igualdad"],"yoast_head":"<!-- This site is optimized with the Yoast SEO plugin v27.4 - https:\/\/yoast.com\/product\/yoast-seo-wordpress\/ -->\n<title>Descarga la gu\u00eda &#039;\u00bfC\u00f3mo se hace el registro del plan de igualdad?&#039; - Suport Tercer Sector - Fundesplai<\/title>\n<meta name=\"description\" content=\"Desde Suport Tercer Sector hemos preparado una gu\u00eda pr\u00e1ctica que te ayude con el proceso de registro del plan de igualdad.\" \/>\n<meta name=\"robots\" content=\"index, follow, max-snippet:-1, max-image-preview:large, max-video-preview:-1\" \/>\n<link rel=\"canonical\" href=\"https:\/\/suport.fundesplai.org\/es\/blog-es\/recursos-igualdad\/descarga-la-guia-como-se-hace-el-registro-del-plan-de-igualdad\/\" \/>\n<meta property=\"og:locale\" content=\"es_ES\" \/>\n<meta property=\"og:type\" content=\"article\" \/>\n<meta property=\"og:title\" content=\"Descarga la gu\u00eda &#039;\u00bfC\u00f3mo se hace el registro del plan de igualdad?&#039; - Suport Tercer Sector - Fundesplai\" \/>\n<meta property=\"og:description\" content=\"Desde Suport Tercer Sector hemos preparado una gu\u00eda pr\u00e1ctica que te ayude con el proceso de registro del plan de igualdad.\" \/>\n<meta property=\"og:url\" content=\"https:\/\/suport.fundesplai.org\/es\/blog-es\/recursos-igualdad\/descarga-la-guia-como-se-hace-el-registro-del-plan-de-igualdad\/\" \/>\n<meta property=\"og:site_name\" content=\"Suport Tercer Sector - Fundesplai\" \/>\n<meta property=\"article:publisher\" content=\"https:\/\/www.facebook.com\/Fundesplai\/\" \/>\n<meta property=\"article:published_time\" content=\"2024-12-18T14:33:45+00:00\" \/>\n<meta property=\"article:modified_time\" content=\"2025-02-13T07:26:25+00:00\" \/>\n<meta property=\"og:image\" content=\"https:\/\/suport.fundesplai.org\/wp-content\/uploads\/2024\/12\/Fotos-blog-Suport-3.jpg\" \/>\n\t<meta property=\"og:image:width\" content=\"1888\" \/>\n\t<meta property=\"og:image:height\" content=\"900\" \/>\n\t<meta property=\"og:image:type\" content=\"image\/jpeg\" \/>\n<meta name=\"author\" content=\"Maria Eugenia Ifer Puntigliano\" \/>\n<meta name=\"twitter:card\" content=\"summary_large_image\" \/>\n<meta name=\"twitter:creator\" content=\"@suport_org\" \/>\n<meta name=\"twitter:site\" content=\"@suport_org\" \/>\n<meta name=\"twitter:label1\" content=\"Escrito por\" \/>\n\t<meta name=\"twitter:data1\" content=\"Maria Eugenia Ifer Puntigliano\" \/>\n\t<meta name=\"twitter:label2\" content=\"Tiempo de lectura\" \/>\n\t<meta name=\"twitter:data2\" content=\"2 minutos\" \/>\n<script type=\"application\/ld+json\" class=\"yoast-schema-graph\">{\"@context\":\"https:\\\/\\\/schema.org\",\"@graph\":[{\"@type\":\"Article\",\"@id\":\"https:\\\/\\\/suport.fundesplai.org\\\/es\\\/blog-es\\\/recursos-igualdad\\\/descarga-la-guia-como-se-hace-el-registro-del-plan-de-igualdad\\\/#article\",\"isPartOf\":{\"@id\":\"https:\\\/\\\/suport.fundesplai.org\\\/es\\\/blog-es\\\/recursos-igualdad\\\/descarga-la-guia-como-se-hace-el-registro-del-plan-de-igualdad\\\/\"},\"author\":{\"name\":\"Maria Eugenia Ifer Puntigliano\",\"@id\":\"https:\\\/\\\/suport.fundesplai.org\\\/es\\\/#\\\/schema\\\/person\\\/d67e880480b45b41df0ab5d2c3670fba\"},\"headline\":\"Descarga la gu\u00eda &#8216;\u00bfC\u00f3mo se hace el registro del plan de igualdad?&#8217;\",\"datePublished\":\"2024-12-18T14:33:45+00:00\",\"dateModified\":\"2025-02-13T07:26:25+00:00\",\"mainEntityOfPage\":{\"@id\":\"https:\\\/\\\/suport.fundesplai.org\\\/es\\\/blog-es\\\/recursos-igualdad\\\/descarga-la-guia-como-se-hace-el-registro-del-plan-de-igualdad\\\/\"},\"wordCount\":599,\"publisher\":{\"@id\":\"https:\\\/\\\/suport.fundesplai.org\\\/es\\\/#organization\"},\"image\":{\"@id\":\"https:\\\/\\\/suport.fundesplai.org\\\/es\\\/blog-es\\\/recursos-igualdad\\\/descarga-la-guia-como-se-hace-el-registro-del-plan-de-igualdad\\\/#primaryimage\"},\"thumbnailUrl\":\"https:\\\/\\\/suport.fundesplai.org\\\/wp-content\\\/uploads\\\/2024\\\/12\\\/Fotos-blog-Suport-3.jpg\",\"articleSection\":[\"Actualidad\",\"Blog\",\"Recursos igualdad y diversidad\"],\"inLanguage\":\"es\"},{\"@type\":\"WebPage\",\"@id\":\"https:\\\/\\\/suport.fundesplai.org\\\/es\\\/blog-es\\\/recursos-igualdad\\\/descarga-la-guia-como-se-hace-el-registro-del-plan-de-igualdad\\\/\",\"url\":\"https:\\\/\\\/suport.fundesplai.org\\\/es\\\/blog-es\\\/recursos-igualdad\\\/descarga-la-guia-como-se-hace-el-registro-del-plan-de-igualdad\\\/\",\"name\":\"Descarga la gu\u00eda '\u00bfC\u00f3mo se hace el registro del plan de igualdad?' - Suport Tercer Sector - Fundesplai\",\"isPartOf\":{\"@id\":\"https:\\\/\\\/suport.fundesplai.org\\\/es\\\/#website\"},\"primaryImageOfPage\":{\"@id\":\"https:\\\/\\\/suport.fundesplai.org\\\/es\\\/blog-es\\\/recursos-igualdad\\\/descarga-la-guia-como-se-hace-el-registro-del-plan-de-igualdad\\\/#primaryimage\"},\"image\":{\"@id\":\"https:\\\/\\\/suport.fundesplai.org\\\/es\\\/blog-es\\\/recursos-igualdad\\\/descarga-la-guia-como-se-hace-el-registro-del-plan-de-igualdad\\\/#primaryimage\"},\"thumbnailUrl\":\"https:\\\/\\\/suport.fundesplai.org\\\/wp-content\\\/uploads\\\/2024\\\/12\\\/Fotos-blog-Suport-3.jpg\",\"datePublished\":\"2024-12-18T14:33:45+00:00\",\"dateModified\":\"2025-02-13T07:26:25+00:00\",\"description\":\"Desde Suport Tercer Sector hemos preparado una gu\u00eda pr\u00e1ctica que te ayude con el proceso de registro del plan de igualdad.\",\"breadcrumb\":{\"@id\":\"https:\\\/\\\/suport.fundesplai.org\\\/es\\\/blog-es\\\/recursos-igualdad\\\/descarga-la-guia-como-se-hace-el-registro-del-plan-de-igualdad\\\/#breadcrumb\"},\"inLanguage\":\"es\",\"potentialAction\":[{\"@type\":\"ReadAction\",\"target\":[\"https:\\\/\\\/suport.fundesplai.org\\\/es\\\/blog-es\\\/recursos-igualdad\\\/descarga-la-guia-como-se-hace-el-registro-del-plan-de-igualdad\\\/\"]}]},{\"@type\":\"ImageObject\",\"inLanguage\":\"es\",\"@id\":\"https:\\\/\\\/suport.fundesplai.org\\\/es\\\/blog-es\\\/recursos-igualdad\\\/descarga-la-guia-como-se-hace-el-registro-del-plan-de-igualdad\\\/#primaryimage\",\"url\":\"https:\\\/\\\/suport.fundesplai.org\\\/wp-content\\\/uploads\\\/2024\\\/12\\\/Fotos-blog-Suport-3.jpg\",\"contentUrl\":\"https:\\\/\\\/suport.fundesplai.org\\\/wp-content\\\/uploads\\\/2024\\\/12\\\/Fotos-blog-Suport-3.jpg\",\"width\":1888,\"height\":900,\"caption\":\"Registre ordinador\"},{\"@type\":\"BreadcrumbList\",\"@id\":\"https:\\\/\\\/suport.fundesplai.org\\\/es\\\/blog-es\\\/recursos-igualdad\\\/descarga-la-guia-como-se-hace-el-registro-del-plan-de-igualdad\\\/#breadcrumb\",\"itemListElement\":[{\"@type\":\"ListItem\",\"position\":1,\"name\":\"Inici\",\"item\":\"https:\\\/\\\/suport.fundesplai.org\\\/es\\\/\"},{\"@type\":\"ListItem\",\"position\":2,\"name\":\"Blog\",\"item\":\"https:\\\/\\\/suport.fundesplai.org\\\/es\\\/blog-es\\\/\"},{\"@type\":\"ListItem\",\"position\":3,\"name\":\"Recursos igualdad y diversidad\",\"item\":\"https:\\\/\\\/suport.fundesplai.org\\\/es\\\/blog-es\\\/recursos-igualdad\\\/\"},{\"@type\":\"ListItem\",\"position\":4,\"name\":\"Descarga la gu\u00eda &#8216;\u00bfC\u00f3mo se hace el registro del plan de igualdad?&#8217;\"}]},{\"@type\":\"WebSite\",\"@id\":\"https:\\\/\\\/suport.fundesplai.org\\\/es\\\/#website\",\"url\":\"https:\\\/\\\/suport.fundesplai.org\\\/es\\\/\",\"name\":\"Suport Tercer Sector - Fundesplai\",\"description\":\"Gesti\u00f3n de asociaciones y fundaciones\",\"publisher\":{\"@id\":\"https:\\\/\\\/suport.fundesplai.org\\\/es\\\/#organization\"},\"potentialAction\":[{\"@type\":\"SearchAction\",\"target\":{\"@type\":\"EntryPoint\",\"urlTemplate\":\"https:\\\/\\\/suport.fundesplai.org\\\/es\\\/?s={search_term_string}\"},\"query-input\":{\"@type\":\"PropertyValueSpecification\",\"valueRequired\":true,\"valueName\":\"search_term_string\"}}],\"inLanguage\":\"es\"},{\"@type\":\"Organization\",\"@id\":\"https:\\\/\\\/suport.fundesplai.org\\\/es\\\/#organization\",\"name\":\"Suport Tercer Sector de Fundesplai per entitats i associacions\",\"url\":\"https:\\\/\\\/suport.fundesplai.org\\\/es\\\/\",\"logo\":{\"@type\":\"ImageObject\",\"inLanguage\":\"es\",\"@id\":\"https:\\\/\\\/suport.fundesplai.org\\\/es\\\/#\\\/schema\\\/logo\\\/image\\\/\",\"url\":\"https:\\\/\\\/suport.fundesplai.org\\\/wp-content\\\/uploads\\\/2019\\\/08\\\/lgo-suport-tercer-sector-fe-2.png\",\"contentUrl\":\"https:\\\/\\\/suport.fundesplai.org\\\/wp-content\\\/uploads\\\/2019\\\/08\\\/lgo-suport-tercer-sector-fe-2.png\",\"width\":300,\"height\":141,\"caption\":\"Suport Tercer Sector de Fundesplai per entitats i associacions\"},\"image\":{\"@id\":\"https:\\\/\\\/suport.fundesplai.org\\\/es\\\/#\\\/schema\\\/logo\\\/image\\\/\"},\"sameAs\":[\"https:\\\/\\\/www.facebook.com\\\/Fundesplai\\\/\",\"https:\\\/\\\/x.com\\\/suport_org\",\"https:\\\/\\\/www.instagram.com\\\/fundesplai\\\/\",\"https:\\\/\\\/www.linkedin.com\\\/company\\\/fundesplai\",\"https:\\\/\\\/www.youtube.com\\\/channel\\\/UCGaevIfQeecUHeWq1m-WLYw\",\"https:\\\/\\\/ca.wikipedia.org\\\/wiki\\\/Fundaci\u00f3_Catalana_de_l'Esplai\"]},{\"@type\":\"Person\",\"@id\":\"https:\\\/\\\/suport.fundesplai.org\\\/es\\\/#\\\/schema\\\/person\\\/d67e880480b45b41df0ab5d2c3670fba\",\"name\":\"Maria Eugenia Ifer Puntigliano\",\"image\":{\"@type\":\"ImageObject\",\"inLanguage\":\"es\",\"@id\":\"https:\\\/\\\/secure.gravatar.com\\\/avatar\\\/d6f452030d1e5d988a270d205fbc06489eac700fb463d9abd26f76d07f8fa0d8?s=96&d=monsterid&r=g\",\"url\":\"https:\\\/\\\/secure.gravatar.com\\\/avatar\\\/d6f452030d1e5d988a270d205fbc06489eac700fb463d9abd26f76d07f8fa0d8?s=96&d=monsterid&r=g\",\"contentUrl\":\"https:\\\/\\\/secure.gravatar.com\\\/avatar\\\/d6f452030d1e5d988a270d205fbc06489eac700fb463d9abd26f76d07f8fa0d8?s=96&d=monsterid&r=g\",\"caption\":\"Maria Eugenia Ifer Puntigliano\"},\"url\":\"https:\\\/\\\/suport.fundesplai.org\\\/es\\\/author\\\/meifer\\\/\"}]}<\/script>\n<!-- \/ Yoast SEO plugin. -->","yoast_head_json":{"title":"Descarga la gu\u00eda '\u00bfC\u00f3mo se hace el registro del plan de igualdad?' - Suport Tercer Sector - Fundesplai","description":"Desde Suport Tercer Sector hemos preparado una gu\u00eda pr\u00e1ctica que te ayude con el proceso de registro del plan de igualdad.","robots":{"index":"index","follow":"follow","max-snippet":"max-snippet:-1","max-image-preview":"max-image-preview:large","max-video-preview":"max-video-preview:-1"},"canonical":"https:\/\/suport.fundesplai.org\/es\/blog-es\/recursos-igualdad\/descarga-la-guia-como-se-hace-el-registro-del-plan-de-igualdad\/","og_locale":"es_ES","og_type":"article","og_title":"Descarga la gu\u00eda '\u00bfC\u00f3mo se hace el registro del plan de igualdad?' - Suport Tercer Sector - Fundesplai","og_description":"Desde Suport Tercer Sector hemos preparado una gu\u00eda pr\u00e1ctica que te ayude con el proceso de registro del plan de igualdad.","og_url":"https:\/\/suport.fundesplai.org\/es\/blog-es\/recursos-igualdad\/descarga-la-guia-como-se-hace-el-registro-del-plan-de-igualdad\/","og_site_name":"Suport Tercer Sector - Fundesplai","article_publisher":"https:\/\/www.facebook.com\/Fundesplai\/","article_published_time":"2024-12-18T14:33:45+00:00","article_modified_time":"2025-02-13T07:26:25+00:00","og_image":[{"width":1888,"height":900,"url":"https:\/\/suport.fundesplai.org\/wp-content\/uploads\/2024\/12\/Fotos-blog-Suport-3.jpg","type":"image\/jpeg"}],"author":"Maria Eugenia Ifer Puntigliano","twitter_card":"summary_large_image","twitter_creator":"@suport_org","twitter_site":"@suport_org","twitter_misc":{"Escrito por":"Maria Eugenia Ifer Puntigliano","Tiempo de lectura":"2 minutos"},"schema":{"@context":"https:\/\/schema.org","@graph":[{"@type":"Article","@id":"https:\/\/suport.fundesplai.org\/es\/blog-es\/recursos-igualdad\/descarga-la-guia-como-se-hace-el-registro-del-plan-de-igualdad\/#article","isPartOf":{"@id":"https:\/\/suport.fundesplai.org\/es\/blog-es\/recursos-igualdad\/descarga-la-guia-como-se-hace-el-registro-del-plan-de-igualdad\/"},"author":{"name":"Maria Eugenia Ifer Puntigliano","@id":"https:\/\/suport.fundesplai.org\/es\/#\/schema\/person\/d67e880480b45b41df0ab5d2c3670fba"},"headline":"Descarga la gu\u00eda &#8216;\u00bfC\u00f3mo se hace el registro del plan de igualdad?&#8217;","datePublished":"2024-12-18T14:33:45+00:00","dateModified":"2025-02-13T07:26:25+00:00","mainEntityOfPage":{"@id":"https:\/\/suport.fundesplai.org\/es\/blog-es\/recursos-igualdad\/descarga-la-guia-como-se-hace-el-registro-del-plan-de-igualdad\/"},"wordCount":599,"publisher":{"@id":"https:\/\/suport.fundesplai.org\/es\/#organization"},"image":{"@id":"https:\/\/suport.fundesplai.org\/es\/blog-es\/recursos-igualdad\/descarga-la-guia-como-se-hace-el-registro-del-plan-de-igualdad\/#primaryimage"},"thumbnailUrl":"https:\/\/suport.fundesplai.org\/wp-content\/uploads\/2024\/12\/Fotos-blog-Suport-3.jpg","articleSection":["Actualidad","Blog","Recursos igualdad y diversidad"],"inLanguage":"es"},{"@type":"WebPage","@id":"https:\/\/suport.fundesplai.org\/es\/blog-es\/recursos-igualdad\/descarga-la-guia-como-se-hace-el-registro-del-plan-de-igualdad\/","url":"https:\/\/suport.fundesplai.org\/es\/blog-es\/recursos-igualdad\/descarga-la-guia-como-se-hace-el-registro-del-plan-de-igualdad\/","name":"Descarga la gu\u00eda '\u00bfC\u00f3mo se hace el registro del plan de igualdad?' - Suport Tercer Sector - Fundesplai","isPartOf":{"@id":"https:\/\/suport.fundesplai.org\/es\/#website"},"primaryImageOfPage":{"@id":"https:\/\/suport.fundesplai.org\/es\/blog-es\/recursos-igualdad\/descarga-la-guia-como-se-hace-el-registro-del-plan-de-igualdad\/#primaryimage"},"image":{"@id":"https:\/\/suport.fundesplai.org\/es\/blog-es\/recursos-igualdad\/descarga-la-guia-como-se-hace-el-registro-del-plan-de-igualdad\/#primaryimage"},"thumbnailUrl":"https:\/\/suport.fundesplai.org\/wp-content\/uploads\/2024\/12\/Fotos-blog-Suport-3.jpg","datePublished":"2024-12-18T14:33:45+00:00","dateModified":"2025-02-13T07:26:25+00:00","description":"Desde Suport Tercer Sector hemos preparado una gu\u00eda pr\u00e1ctica que te ayude con el proceso de registro del plan de igualdad.","breadcrumb":{"@id":"https:\/\/suport.fundesplai.org\/es\/blog-es\/recursos-igualdad\/descarga-la-guia-como-se-hace-el-registro-del-plan-de-igualdad\/#breadcrumb"},"inLanguage":"es","potentialAction":[{"@type":"ReadAction","target":["https:\/\/suport.fundesplai.org\/es\/blog-es\/recursos-igualdad\/descarga-la-guia-como-se-hace-el-registro-del-plan-de-igualdad\/"]}]},{"@type":"ImageObject","inLanguage":"es","@id":"https:\/\/suport.fundesplai.org\/es\/blog-es\/recursos-igualdad\/descarga-la-guia-como-se-hace-el-registro-del-plan-de-igualdad\/#primaryimage","url":"https:\/\/suport.fundesplai.org\/wp-content\/uploads\/2024\/12\/Fotos-blog-Suport-3.jpg","contentUrl":"https:\/\/suport.fundesplai.org\/wp-content\/uploads\/2024\/12\/Fotos-blog-Suport-3.jpg","width":1888,"height":900,"caption":"Registre ordinador"},{"@type":"BreadcrumbList","@id":"https:\/\/suport.fundesplai.org\/es\/blog-es\/recursos-igualdad\/descarga-la-guia-como-se-hace-el-registro-del-plan-de-igualdad\/#breadcrumb","itemListElement":[{"@type":"ListItem","position":1,"name":"Inici","item":"https:\/\/suport.fundesplai.org\/es\/"},{"@type":"ListItem","position":2,"name":"Blog","item":"https:\/\/suport.fundesplai.org\/es\/blog-es\/"},{"@type":"ListItem","position":3,"name":"Recursos igualdad y diversidad","item":"https:\/\/suport.fundesplai.org\/es\/blog-es\/recursos-igualdad\/"},{"@type":"ListItem","position":4,"name":"Descarga la gu\u00eda &#8216;\u00bfC\u00f3mo se hace el registro del plan de igualdad?&#8217;"}]},{"@type":"WebSite","@id":"https:\/\/suport.fundesplai.org\/es\/#website","url":"https:\/\/suport.fundesplai.org\/es\/","name":"Suport Tercer Sector - Fundesplai","description":"Gesti\u00f3n de asociaciones y fundaciones","publisher":{"@id":"https:\/\/suport.fundesplai.org\/es\/#organization"},"potentialAction":[{"@type":"SearchAction","target":{"@type":"EntryPoint","urlTemplate":"https:\/\/suport.fundesplai.org\/es\/?s={search_term_string}"},"query-input":{"@type":"PropertyValueSpecification","valueRequired":true,"valueName":"search_term_string"}}],"inLanguage":"es"},{"@type":"Organization","@id":"https:\/\/suport.fundesplai.org\/es\/#organization","name":"Suport Tercer Sector de Fundesplai per entitats i associacions","url":"https:\/\/suport.fundesplai.org\/es\/","logo":{"@type":"ImageObject","inLanguage":"es","@id":"https:\/\/suport.fundesplai.org\/es\/#\/schema\/logo\/image\/","url":"https:\/\/suport.fundesplai.org\/wp-content\/uploads\/2019\/08\/lgo-suport-tercer-sector-fe-2.png","contentUrl":"https:\/\/suport.fundesplai.org\/wp-content\/uploads\/2019\/08\/lgo-suport-tercer-sector-fe-2.png","width":300,"height":141,"caption":"Suport Tercer Sector de Fundesplai per entitats i associacions"},"image":{"@id":"https:\/\/suport.fundesplai.org\/es\/#\/schema\/logo\/image\/"},"sameAs":["https:\/\/www.facebook.com\/Fundesplai\/","https:\/\/x.com\/suport_org","https:\/\/www.instagram.com\/fundesplai\/","https:\/\/www.linkedin.com\/company\/fundesplai","https:\/\/www.youtube.com\/channel\/UCGaevIfQeecUHeWq1m-WLYw","https:\/\/ca.wikipedia.org\/wiki\/Fundaci\u00f3_Catalana_de_l'Esplai"]},{"@type":"Person","@id":"https:\/\/suport.fundesplai.org\/es\/#\/schema\/person\/d67e880480b45b41df0ab5d2c3670fba","name":"Maria Eugenia Ifer Puntigliano","image":{"@type":"ImageObject","inLanguage":"es","@id":"https:\/\/secure.gravatar.com\/avatar\/d6f452030d1e5d988a270d205fbc06489eac700fb463d9abd26f76d07f8fa0d8?s=96&d=monsterid&r=g","url":"https:\/\/secure.gravatar.com\/avatar\/d6f452030d1e5d988a270d205fbc06489eac700fb463d9abd26f76d07f8fa0d8?s=96&d=monsterid&r=g","contentUrl":"https:\/\/secure.gravatar.com\/avatar\/d6f452030d1e5d988a270d205fbc06489eac700fb463d9abd26f76d07f8fa0d8?s=96&d=monsterid&r=g","caption":"Maria Eugenia Ifer Puntigliano"},"url":"https:\/\/suport.fundesplai.org\/es\/author\/meifer\/"}]}},"_links":{"self":[{"href":"https:\/\/suport.fundesplai.org\/es\/wp-json\/wp\/v2\/posts\/30432","targetHints":{"allow":["GET"]}}],"collection":[{"href":"https:\/\/suport.fundesplai.org\/es\/wp-json\/wp\/v2\/posts"}],"about":[{"href":"https:\/\/suport.fundesplai.org\/es\/wp-json\/wp\/v2\/types\/post"}],"author":[{"embeddable":true,"href":"https:\/\/suport.fundesplai.org\/es\/wp-json\/wp\/v2\/users\/377"}],"replies":[{"embeddable":true,"href":"https:\/\/suport.fundesplai.org\/es\/wp-json\/wp\/v2\/comments?post=30432"}],"version-history":[{"count":6,"href":"https:\/\/suport.fundesplai.org\/es\/wp-json\/wp\/v2\/posts\/30432\/revisions"}],"predecessor-version":[{"id":30954,"href":"https:\/\/suport.fundesplai.org\/es\/wp-json\/wp\/v2\/posts\/30432\/revisions\/30954"}],"wp:featuredmedia":[{"embeddable":true,"href":"https:\/\/suport.fundesplai.org\/es\/wp-json\/wp\/v2\/media\/30002"}],"wp:attachment":[{"href":"https:\/\/suport.fundesplai.org\/es\/wp-json\/wp\/v2\/media?parent=30432"}],"wp:term":[{"taxonomy":"category","embeddable":true,"href":"https:\/\/suport.fundesplai.org\/es\/wp-json\/wp\/v2\/categories?post=30432"},{"taxonomy":"post_tag","embeddable":true,"href":"https:\/\/suport.fundesplai.org\/es\/wp-json\/wp\/v2\/tags?post=30432"}],"curies":[{"name":"wp","href":"https:\/\/api.w.org\/{rel}","templated":true}]}}