{"id":30469,"date":"2024-11-24T16:14:34","date_gmt":"2024-11-24T15:14:34","guid":{"rendered":"https:\/\/suport.fundesplai.org\/blog-es\/actualidad\/25n-no-queremos-ser-valientes-queremos-vivir-sin-miedo\/"},"modified":"2025-01-21T16:57:11","modified_gmt":"2025-01-21T15:57:11","slug":"25n-no-queremos-ser-valientes-queremos-vivir-sin-miedo","status":"publish","type":"post","link":"https:\/\/suport.fundesplai.org\/es\/blog-es\/recursos-igualdad\/25n-no-queremos-ser-valientes-queremos-vivir-sin-miedo\/","title":{"rendered":"25N | No queremos ser valientes, queremos vivir sin miedo"},"content":{"rendered":"<p>[et_pb_section fb_built=\u00bb1&#8243; _builder_version=\u00bb4.27.0&#8243; _module_preset=\u00bbdefault\u00bb global_colors_info=\u00bb{}\u00bb][et_pb_row _builder_version=\u00bb4.27.0&#8243; _module_preset=\u00bbdefault\u00bb global_colors_info=\u00bb{}\u00bb][et_pb_column type=\u00bb4_4&#8243; _builder_version=\u00bb4.27.0&#8243; _module_preset=\u00bbdefault\u00bb global_colors_info=\u00bb{}\u00bb][et_pb_text _builder_version=\u00bb4.27.4&#8243; _module_preset=\u00bbdefault\u00bb global_colors_info=\u00bb{}\u00bb]<\/p>\n<p>Las <strong>violencias contra las mujeres<\/strong> son una parte fundamental y estructural del <strong>sistema patriarcal<\/strong> que organiza y moldea nuestra sociedad. Las violencias no s\u00f3lo son la expresi\u00f3n de la dominaci\u00f3n y el control sobre las mujeres, sino tambi\u00e9n un instrumento utilizado para mantener las <strong>jerarqu\u00edas de poder<\/strong> y <strong>privilegios<\/strong> . \u00c9stos proporcionan una <strong>falsa legitimaci\u00f3n<\/strong> a las <strong>violencias machistas<\/strong> . Esta normalizaci\u00f3n, sumada a la <strong>cultura del silencio<\/strong> y la <strong>impunidad<\/strong> , refuerza la creencia de que las mujeres somos las responsables de nuestra opresi\u00f3n y de que las violencias son, en cierto modo, justificadas.<\/p>\n<p>Por este motivo, cada mes de noviembre, cuando reivindicamos el <strong>D\u00eda Internacional para la Eliminaci\u00f3n de la Violencia hacia las Mujeres<\/strong> , hacemos un llamamiento para romper con el <strong>sistema patriarcal<\/strong> . El <strong>25N<\/strong> no es s\u00f3lo un recordatorio de las v\u00edctimas ya las supervivientes de la violencia machista, sino tambi\u00e9n una oportunidad para reflexionar sobre la necesidad de <strong>construir una sociedad m\u00e1s justa<\/strong> , donde las mujeres puedan <strong>vivir sin miedo<\/strong> , sin <strong>violencia<\/strong> y sin <strong>discriminaci\u00f3n<\/strong> . Romper con el sistema patriarcal implica no s\u00f3lo combatir las violencias machistas de forma inmediata, sino tambi\u00e9n cuestionar y desmantelar las ra\u00edces que las sustentan: las <strong>estructuras de poder<\/strong> , las <strong>normas sociales<\/strong> y las <strong>ideolog\u00edas<\/strong> que perpet\u00faan la <strong>desigualdad entre mujeres y hombres<\/strong> . S\u00f3lo as\u00ed podremos avanzar hacia una <strong>sociedad m\u00e1s igualitaria, respetuosa<\/strong> y <strong>libre de violencia<\/strong> .<\/p>\n<p><img loading=\"lazy\" decoding=\"async\" class=\"aligncenter wp-image-30473 size-large\" src=\"https:\/\/suport.fundesplai.org\/wp-content\/uploads\/2025\/01\/25N-NO-QUEREMOS-SER-VALIENTES-QUEREMOS-VIVIR-SIN-MIEDO-480x1200.jpg\" alt=\"\" width=\"480\" height=\"1200\" \/><\/p>\n<p>[\/et_pb_text][et_pb_button button_url=\u00bbhttps:\/\/suport.fundesplai.org\/wp-content\/uploads\/2025\/01\/25N-NO-QUEREMOS-SER-VALIENTES-QUEREMOS-VIVIR-SIN-MIEDO.jpg\u00bb url_new_window=\u00bbon\u00bb button_text=\u00bb\u00a1Desc\u00e1rgala!\u00bb button_alignment=\u00bbcenter\u00bb _builder_version=\u00bb4.27.4&#8243; _module_preset=\u00bbdefault\u00bb custom_margin=\u00bb30px||||false|false\u00bb global_colors_info=\u00bb{}\u00bb][\/et_pb_button][et_pb_divider _builder_version=\u00bb4.27.0&#8243; _module_preset=\u00bbdefault\u00bb custom_margin=\u00bb30px||||false|false\u00bb global_colors_info=\u00bb{}\u00bb][\/et_pb_divider][et_pb_text _builder_version=\u00bb4.27.4&#8243; _module_preset=\u00bbdefault\u00bb global_colors_info=\u00bb{}\u00bb]<\/p>\n<h4>OTROS CONTENIDOS RELACIONADOS<\/h4>\n<ul>\n<li><a href=\"https:\/\/suport.fundesplai.org\/blog\/actualitat-blog\/presentacio-estudi-bretxa-salarial-tercer-sector\/\" target=\"_blank\" rel=\"noopener\">Ap\u00fantate a la presentaci\u00f3n del estudio &#8216;La brecha salarial en el Tercer Sector&#8217;<\/a><\/li>\n<li><a href=\"https:\/\/suport.fundesplai.org\/blog\/actualitat-blog\/tercer-sector-mes-igualitari-jornada-reflexions-reptes\/\" target=\"_blank\" rel=\"noopener\">Hacia un Tercer Sector m\u00e1s igualitario: jornada de reflexiones y retos<\/a><\/li>\n<li><a href=\"https:\/\/suport.fundesplai.org\/es\/blog-es\/actualidad\/6-obligaciones-para-las-entidades-sobre-igualdad-y-diversidad\/\" target=\"_blank\" rel=\"noopener\">6 obligaciones para las entidades sobre igualdad y diversidad<\/a><\/li>\n<li><a href=\"https:\/\/suport.fundesplai.org\/es\/blog-es\/actualidad\/que-consecuencias-tiene-el-acoso-en-el-ambito-laboral\/\" target=\"_blank\" rel=\"noopener\">\u00bfQu\u00e9 consecuencias tiene el acoso en el \u00e1mbito laboral?<\/a><\/li>\n<\/ul>\n<p>[\/et_pb_text][\/et_pb_column][\/et_pb_row][et_pb_row column_structure=\u00bb3_5,2_5&#8243; _builder_version=\u00bb4.27.0&#8243; _module_preset=\u00bbdefault\u00bb global_colors_info=\u00bb{}\u00bb][et_pb_column type=\u00bb3_5&#8243; _builder_version=\u00bb4.27.0&#8243; _module_preset=\u00bbdefault\u00bb global_colors_info=\u00bb{}\u00bb][et_pb_text _builder_version=\u00bb4.27.4&#8243; _module_preset=\u00bbdefault\u00bb global_colors_info=\u00bb{}\u00bb]<\/p>\n<p>Con el apoyo del Departament d&#8217;Igualtat i Feminisme:<\/p>\n<p>[\/et_pb_text][\/et_pb_column][et_pb_column type=\u00bb2_5&#8243; _builder_version=\u00bb4.27.0&#8243; _module_preset=\u00bbdefault\u00bb global_colors_info=\u00bb{}\u00bb][et_pb_image src=\u00bbhttps:\/\/suport.fundesplai.org\/wp-content\/uploads\/2024\/10\/departament_igualtat_generalitat_catalunya.png\u00bb title_text=\u00bbdepartamento_igualdad_generalidad_catalu\u00f1a\u00bb _builder_version=\u00bb4.27.0&#8243; _module_preset=\u00bbdefault\u00bb global_colors_info=\u00bb{}\u00bb][\/et_pb_image][\/et_pb_column][\/et_pb_row][\/et_pb_section]<\/p>\n","protected":false},"excerpt":{"rendered":"<p>Las violencias contra las mujeres son una parte fundamental y estructural del sistema patriarcal que organiza y moldea nuestra sociedad.<\/p>\n","protected":false},"author":377,"featured_media":29808,"comment_status":"closed","ping_status":"closed","sticky":false,"template":"","format":"standard","meta":{"_et_pb_use_builder":"on","_et_pb_old_content":"","_et_gb_content_width":"","footnotes":""},"categories":[1,341,896],"tags":[],"class_list":["post-30469","post","type-post","status-publish","format-standard","has-post-thumbnail","hentry","category-actualidad","category-blog-es","category-recursos-igualdad"],"yoast_head":"<!-- This site is optimized with the Yoast SEO plugin v27.4 - https:\/\/yoast.com\/product\/yoast-seo-wordpress\/ -->\n<title>25N | No queremos ser valientes, queremos vivir sin miedo - Suport Tercer Sector - Fundesplai<\/title>\n<meta name=\"description\" content=\"Las violencias contra las mujeres son una parte fundamental y estructural del sistema patriarcal que organiza y moldea nuestra sociedad.\" \/>\n<meta name=\"robots\" content=\"index, follow, max-snippet:-1, max-image-preview:large, max-video-preview:-1\" \/>\n<link rel=\"canonical\" href=\"https:\/\/suport.fundesplai.org\/es\/blog-es\/recursos-igualdad\/25n-no-queremos-ser-valientes-queremos-vivir-sin-miedo\/\" \/>\n<meta property=\"og:locale\" content=\"es_ES\" \/>\n<meta property=\"og:type\" content=\"article\" \/>\n<meta property=\"og:title\" content=\"25N | No queremos ser valientes, queremos vivir sin miedo - Suport Tercer Sector - Fundesplai\" \/>\n<meta property=\"og:description\" content=\"Las violencias contra las mujeres son una parte fundamental y estructural del sistema patriarcal que organiza y moldea nuestra sociedad.\" \/>\n<meta property=\"og:url\" content=\"https:\/\/suport.fundesplai.org\/es\/blog-es\/recursos-igualdad\/25n-no-queremos-ser-valientes-queremos-vivir-sin-miedo\/\" \/>\n<meta property=\"og:site_name\" content=\"Suport Tercer Sector - Fundesplai\" \/>\n<meta property=\"article:publisher\" content=\"https:\/\/www.facebook.com\/Fundesplai\/\" \/>\n<meta property=\"article:published_time\" content=\"2024-11-24T15:14:34+00:00\" \/>\n<meta property=\"article:modified_time\" content=\"2025-01-21T15:57:11+00:00\" \/>\n<meta property=\"og:image\" content=\"https:\/\/suport.fundesplai.org\/wp-content\/uploads\/2024\/11\/Fotos-blog-Suport-4.jpg\" \/>\n\t<meta property=\"og:image:width\" content=\"1888\" \/>\n\t<meta property=\"og:image:height\" content=\"900\" \/>\n\t<meta property=\"og:image:type\" content=\"image\/jpeg\" \/>\n<meta name=\"author\" content=\"Maria Eugenia Ifer Puntigliano\" \/>\n<meta name=\"twitter:card\" content=\"summary_large_image\" \/>\n<meta name=\"twitter:creator\" content=\"@suport_org\" \/>\n<meta name=\"twitter:site\" content=\"@suport_org\" \/>\n<meta name=\"twitter:label1\" content=\"Escrito por\" \/>\n\t<meta name=\"twitter:data1\" content=\"Maria Eugenia Ifer Puntigliano\" \/>\n\t<meta name=\"twitter:label2\" content=\"Tiempo de lectura\" \/>\n\t<meta name=\"twitter:data2\" content=\"2 minutos\" \/>\n<script type=\"application\/ld+json\" class=\"yoast-schema-graph\">{\"@context\":\"https:\\\/\\\/schema.org\",\"@graph\":[{\"@type\":\"Article\",\"@id\":\"https:\\\/\\\/suport.fundesplai.org\\\/es\\\/blog-es\\\/recursos-igualdad\\\/25n-no-queremos-ser-valientes-queremos-vivir-sin-miedo\\\/#article\",\"isPartOf\":{\"@id\":\"https:\\\/\\\/suport.fundesplai.org\\\/es\\\/blog-es\\\/recursos-igualdad\\\/25n-no-queremos-ser-valientes-queremos-vivir-sin-miedo\\\/\"},\"author\":{\"name\":\"Maria Eugenia Ifer Puntigliano\",\"@id\":\"https:\\\/\\\/suport.fundesplai.org\\\/es\\\/#\\\/schema\\\/person\\\/d67e880480b45b41df0ab5d2c3670fba\"},\"headline\":\"25N | No queremos ser valientes, queremos vivir sin miedo\",\"datePublished\":\"2024-11-24T15:14:34+00:00\",\"dateModified\":\"2025-01-21T15:57:11+00:00\",\"mainEntityOfPage\":{\"@id\":\"https:\\\/\\\/suport.fundesplai.org\\\/es\\\/blog-es\\\/recursos-igualdad\\\/25n-no-queremos-ser-valientes-queremos-vivir-sin-miedo\\\/\"},\"wordCount\":535,\"publisher\":{\"@id\":\"https:\\\/\\\/suport.fundesplai.org\\\/es\\\/#organization\"},\"image\":{\"@id\":\"https:\\\/\\\/suport.fundesplai.org\\\/es\\\/blog-es\\\/recursos-igualdad\\\/25n-no-queremos-ser-valientes-queremos-vivir-sin-miedo\\\/#primaryimage\"},\"thumbnailUrl\":\"https:\\\/\\\/suport.fundesplai.org\\\/wp-content\\\/uploads\\\/2024\\\/11\\\/Fotos-blog-Suport-4.jpg\",\"articleSection\":[\"Actualidad\",\"Blog\",\"Recursos igualdad y diversidad\"],\"inLanguage\":\"es\"},{\"@type\":\"WebPage\",\"@id\":\"https:\\\/\\\/suport.fundesplai.org\\\/es\\\/blog-es\\\/recursos-igualdad\\\/25n-no-queremos-ser-valientes-queremos-vivir-sin-miedo\\\/\",\"url\":\"https:\\\/\\\/suport.fundesplai.org\\\/es\\\/blog-es\\\/recursos-igualdad\\\/25n-no-queremos-ser-valientes-queremos-vivir-sin-miedo\\\/\",\"name\":\"25N | No queremos ser valientes, queremos vivir sin miedo - Suport Tercer Sector - Fundesplai\",\"isPartOf\":{\"@id\":\"https:\\\/\\\/suport.fundesplai.org\\\/es\\\/#website\"},\"primaryImageOfPage\":{\"@id\":\"https:\\\/\\\/suport.fundesplai.org\\\/es\\\/blog-es\\\/recursos-igualdad\\\/25n-no-queremos-ser-valientes-queremos-vivir-sin-miedo\\\/#primaryimage\"},\"image\":{\"@id\":\"https:\\\/\\\/suport.fundesplai.org\\\/es\\\/blog-es\\\/recursos-igualdad\\\/25n-no-queremos-ser-valientes-queremos-vivir-sin-miedo\\\/#primaryimage\"},\"thumbnailUrl\":\"https:\\\/\\\/suport.fundesplai.org\\\/wp-content\\\/uploads\\\/2024\\\/11\\\/Fotos-blog-Suport-4.jpg\",\"datePublished\":\"2024-11-24T15:14:34+00:00\",\"dateModified\":\"2025-01-21T15:57:11+00:00\",\"description\":\"Las violencias contra las mujeres son una parte fundamental y estructural del sistema patriarcal que organiza y moldea nuestra sociedad.\",\"breadcrumb\":{\"@id\":\"https:\\\/\\\/suport.fundesplai.org\\\/es\\\/blog-es\\\/recursos-igualdad\\\/25n-no-queremos-ser-valientes-queremos-vivir-sin-miedo\\\/#breadcrumb\"},\"inLanguage\":\"es\",\"potentialAction\":[{\"@type\":\"ReadAction\",\"target\":[\"https:\\\/\\\/suport.fundesplai.org\\\/es\\\/blog-es\\\/recursos-igualdad\\\/25n-no-queremos-ser-valientes-queremos-vivir-sin-miedo\\\/\"]}]},{\"@type\":\"ImageObject\",\"inLanguage\":\"es\",\"@id\":\"https:\\\/\\\/suport.fundesplai.org\\\/es\\\/blog-es\\\/recursos-igualdad\\\/25n-no-queremos-ser-valientes-queremos-vivir-sin-miedo\\\/#primaryimage\",\"url\":\"https:\\\/\\\/suport.fundesplai.org\\\/wp-content\\\/uploads\\\/2024\\\/11\\\/Fotos-blog-Suport-4.jpg\",\"contentUrl\":\"https:\\\/\\\/suport.fundesplai.org\\\/wp-content\\\/uploads\\\/2024\\\/11\\\/Fotos-blog-Suport-4.jpg\",\"width\":1888,\"height\":900,\"caption\":\"Viol\u00e8ncia sexual\"},{\"@type\":\"BreadcrumbList\",\"@id\":\"https:\\\/\\\/suport.fundesplai.org\\\/es\\\/blog-es\\\/recursos-igualdad\\\/25n-no-queremos-ser-valientes-queremos-vivir-sin-miedo\\\/#breadcrumb\",\"itemListElement\":[{\"@type\":\"ListItem\",\"position\":1,\"name\":\"Inici\",\"item\":\"https:\\\/\\\/suport.fundesplai.org\\\/es\\\/\"},{\"@type\":\"ListItem\",\"position\":2,\"name\":\"Blog\",\"item\":\"https:\\\/\\\/suport.fundesplai.org\\\/es\\\/blog-es\\\/\"},{\"@type\":\"ListItem\",\"position\":3,\"name\":\"Recursos igualdad y diversidad\",\"item\":\"https:\\\/\\\/suport.fundesplai.org\\\/es\\\/blog-es\\\/recursos-igualdad\\\/\"},{\"@type\":\"ListItem\",\"position\":4,\"name\":\"25N | No queremos ser valientes, queremos vivir sin miedo\"}]},{\"@type\":\"WebSite\",\"@id\":\"https:\\\/\\\/suport.fundesplai.org\\\/es\\\/#website\",\"url\":\"https:\\\/\\\/suport.fundesplai.org\\\/es\\\/\",\"name\":\"Suport Tercer Sector - Fundesplai\",\"description\":\"Gesti\u00f3n de asociaciones y fundaciones\",\"publisher\":{\"@id\":\"https:\\\/\\\/suport.fundesplai.org\\\/es\\\/#organization\"},\"potentialAction\":[{\"@type\":\"SearchAction\",\"target\":{\"@type\":\"EntryPoint\",\"urlTemplate\":\"https:\\\/\\\/suport.fundesplai.org\\\/es\\\/?s={search_term_string}\"},\"query-input\":{\"@type\":\"PropertyValueSpecification\",\"valueRequired\":true,\"valueName\":\"search_term_string\"}}],\"inLanguage\":\"es\"},{\"@type\":\"Organization\",\"@id\":\"https:\\\/\\\/suport.fundesplai.org\\\/es\\\/#organization\",\"name\":\"Suport Tercer Sector de Fundesplai per entitats i associacions\",\"url\":\"https:\\\/\\\/suport.fundesplai.org\\\/es\\\/\",\"logo\":{\"@type\":\"ImageObject\",\"inLanguage\":\"es\",\"@id\":\"https:\\\/\\\/suport.fundesplai.org\\\/es\\\/#\\\/schema\\\/logo\\\/image\\\/\",\"url\":\"https:\\\/\\\/suport.fundesplai.org\\\/wp-content\\\/uploads\\\/2019\\\/08\\\/lgo-suport-tercer-sector-fe-2.png\",\"contentUrl\":\"https:\\\/\\\/suport.fundesplai.org\\\/wp-content\\\/uploads\\\/2019\\\/08\\\/lgo-suport-tercer-sector-fe-2.png\",\"width\":300,\"height\":141,\"caption\":\"Suport Tercer Sector de Fundesplai per entitats i associacions\"},\"image\":{\"@id\":\"https:\\\/\\\/suport.fundesplai.org\\\/es\\\/#\\\/schema\\\/logo\\\/image\\\/\"},\"sameAs\":[\"https:\\\/\\\/www.facebook.com\\\/Fundesplai\\\/\",\"https:\\\/\\\/x.com\\\/suport_org\",\"https:\\\/\\\/www.instagram.com\\\/fundesplai\\\/\",\"https:\\\/\\\/www.linkedin.com\\\/company\\\/fundesplai\",\"https:\\\/\\\/www.youtube.com\\\/channel\\\/UCGaevIfQeecUHeWq1m-WLYw\",\"https:\\\/\\\/ca.wikipedia.org\\\/wiki\\\/Fundaci\u00f3_Catalana_de_l'Esplai\"]},{\"@type\":\"Person\",\"@id\":\"https:\\\/\\\/suport.fundesplai.org\\\/es\\\/#\\\/schema\\\/person\\\/d67e880480b45b41df0ab5d2c3670fba\",\"name\":\"Maria Eugenia Ifer Puntigliano\",\"image\":{\"@type\":\"ImageObject\",\"inLanguage\":\"es\",\"@id\":\"https:\\\/\\\/secure.gravatar.com\\\/avatar\\\/d6f452030d1e5d988a270d205fbc06489eac700fb463d9abd26f76d07f8fa0d8?s=96&d=monsterid&r=g\",\"url\":\"https:\\\/\\\/secure.gravatar.com\\\/avatar\\\/d6f452030d1e5d988a270d205fbc06489eac700fb463d9abd26f76d07f8fa0d8?s=96&d=monsterid&r=g\",\"contentUrl\":\"https:\\\/\\\/secure.gravatar.com\\\/avatar\\\/d6f452030d1e5d988a270d205fbc06489eac700fb463d9abd26f76d07f8fa0d8?s=96&d=monsterid&r=g\",\"caption\":\"Maria Eugenia Ifer Puntigliano\"},\"url\":\"https:\\\/\\\/suport.fundesplai.org\\\/es\\\/author\\\/meifer\\\/\"}]}<\/script>\n<!-- \/ Yoast SEO plugin. -->","yoast_head_json":{"title":"25N | No queremos ser valientes, queremos vivir sin miedo - Suport Tercer Sector - Fundesplai","description":"Las violencias contra las mujeres son una parte fundamental y estructural del sistema patriarcal que organiza y moldea nuestra sociedad.","robots":{"index":"index","follow":"follow","max-snippet":"max-snippet:-1","max-image-preview":"max-image-preview:large","max-video-preview":"max-video-preview:-1"},"canonical":"https:\/\/suport.fundesplai.org\/es\/blog-es\/recursos-igualdad\/25n-no-queremos-ser-valientes-queremos-vivir-sin-miedo\/","og_locale":"es_ES","og_type":"article","og_title":"25N | No queremos ser valientes, queremos vivir sin miedo - Suport Tercer Sector - Fundesplai","og_description":"Las violencias contra las mujeres son una parte fundamental y estructural del sistema patriarcal que organiza y moldea nuestra sociedad.","og_url":"https:\/\/suport.fundesplai.org\/es\/blog-es\/recursos-igualdad\/25n-no-queremos-ser-valientes-queremos-vivir-sin-miedo\/","og_site_name":"Suport Tercer Sector - Fundesplai","article_publisher":"https:\/\/www.facebook.com\/Fundesplai\/","article_published_time":"2024-11-24T15:14:34+00:00","article_modified_time":"2025-01-21T15:57:11+00:00","og_image":[{"width":1888,"height":900,"url":"https:\/\/suport.fundesplai.org\/wp-content\/uploads\/2024\/11\/Fotos-blog-Suport-4.jpg","type":"image\/jpeg"}],"author":"Maria Eugenia Ifer Puntigliano","twitter_card":"summary_large_image","twitter_creator":"@suport_org","twitter_site":"@suport_org","twitter_misc":{"Escrito por":"Maria Eugenia Ifer Puntigliano","Tiempo de lectura":"2 minutos"},"schema":{"@context":"https:\/\/schema.org","@graph":[{"@type":"Article","@id":"https:\/\/suport.fundesplai.org\/es\/blog-es\/recursos-igualdad\/25n-no-queremos-ser-valientes-queremos-vivir-sin-miedo\/#article","isPartOf":{"@id":"https:\/\/suport.fundesplai.org\/es\/blog-es\/recursos-igualdad\/25n-no-queremos-ser-valientes-queremos-vivir-sin-miedo\/"},"author":{"name":"Maria Eugenia Ifer Puntigliano","@id":"https:\/\/suport.fundesplai.org\/es\/#\/schema\/person\/d67e880480b45b41df0ab5d2c3670fba"},"headline":"25N | No queremos ser valientes, queremos vivir sin miedo","datePublished":"2024-11-24T15:14:34+00:00","dateModified":"2025-01-21T15:57:11+00:00","mainEntityOfPage":{"@id":"https:\/\/suport.fundesplai.org\/es\/blog-es\/recursos-igualdad\/25n-no-queremos-ser-valientes-queremos-vivir-sin-miedo\/"},"wordCount":535,"publisher":{"@id":"https:\/\/suport.fundesplai.org\/es\/#organization"},"image":{"@id":"https:\/\/suport.fundesplai.org\/es\/blog-es\/recursos-igualdad\/25n-no-queremos-ser-valientes-queremos-vivir-sin-miedo\/#primaryimage"},"thumbnailUrl":"https:\/\/suport.fundesplai.org\/wp-content\/uploads\/2024\/11\/Fotos-blog-Suport-4.jpg","articleSection":["Actualidad","Blog","Recursos igualdad y diversidad"],"inLanguage":"es"},{"@type":"WebPage","@id":"https:\/\/suport.fundesplai.org\/es\/blog-es\/recursos-igualdad\/25n-no-queremos-ser-valientes-queremos-vivir-sin-miedo\/","url":"https:\/\/suport.fundesplai.org\/es\/blog-es\/recursos-igualdad\/25n-no-queremos-ser-valientes-queremos-vivir-sin-miedo\/","name":"25N | No queremos ser valientes, queremos vivir sin miedo - Suport Tercer Sector - Fundesplai","isPartOf":{"@id":"https:\/\/suport.fundesplai.org\/es\/#website"},"primaryImageOfPage":{"@id":"https:\/\/suport.fundesplai.org\/es\/blog-es\/recursos-igualdad\/25n-no-queremos-ser-valientes-queremos-vivir-sin-miedo\/#primaryimage"},"image":{"@id":"https:\/\/suport.fundesplai.org\/es\/blog-es\/recursos-igualdad\/25n-no-queremos-ser-valientes-queremos-vivir-sin-miedo\/#primaryimage"},"thumbnailUrl":"https:\/\/suport.fundesplai.org\/wp-content\/uploads\/2024\/11\/Fotos-blog-Suport-4.jpg","datePublished":"2024-11-24T15:14:34+00:00","dateModified":"2025-01-21T15:57:11+00:00","description":"Las violencias contra las mujeres son una parte fundamental y estructural del sistema patriarcal que organiza y moldea nuestra sociedad.","breadcrumb":{"@id":"https:\/\/suport.fundesplai.org\/es\/blog-es\/recursos-igualdad\/25n-no-queremos-ser-valientes-queremos-vivir-sin-miedo\/#breadcrumb"},"inLanguage":"es","potentialAction":[{"@type":"ReadAction","target":["https:\/\/suport.fundesplai.org\/es\/blog-es\/recursos-igualdad\/25n-no-queremos-ser-valientes-queremos-vivir-sin-miedo\/"]}]},{"@type":"ImageObject","inLanguage":"es","@id":"https:\/\/suport.fundesplai.org\/es\/blog-es\/recursos-igualdad\/25n-no-queremos-ser-valientes-queremos-vivir-sin-miedo\/#primaryimage","url":"https:\/\/suport.fundesplai.org\/wp-content\/uploads\/2024\/11\/Fotos-blog-Suport-4.jpg","contentUrl":"https:\/\/suport.fundesplai.org\/wp-content\/uploads\/2024\/11\/Fotos-blog-Suport-4.jpg","width":1888,"height":900,"caption":"Viol\u00e8ncia sexual"},{"@type":"BreadcrumbList","@id":"https:\/\/suport.fundesplai.org\/es\/blog-es\/recursos-igualdad\/25n-no-queremos-ser-valientes-queremos-vivir-sin-miedo\/#breadcrumb","itemListElement":[{"@type":"ListItem","position":1,"name":"Inici","item":"https:\/\/suport.fundesplai.org\/es\/"},{"@type":"ListItem","position":2,"name":"Blog","item":"https:\/\/suport.fundesplai.org\/es\/blog-es\/"},{"@type":"ListItem","position":3,"name":"Recursos igualdad y diversidad","item":"https:\/\/suport.fundesplai.org\/es\/blog-es\/recursos-igualdad\/"},{"@type":"ListItem","position":4,"name":"25N | No queremos ser valientes, queremos vivir sin miedo"}]},{"@type":"WebSite","@id":"https:\/\/suport.fundesplai.org\/es\/#website","url":"https:\/\/suport.fundesplai.org\/es\/","name":"Suport Tercer Sector - Fundesplai","description":"Gesti\u00f3n de asociaciones y fundaciones","publisher":{"@id":"https:\/\/suport.fundesplai.org\/es\/#organization"},"potentialAction":[{"@type":"SearchAction","target":{"@type":"EntryPoint","urlTemplate":"https:\/\/suport.fundesplai.org\/es\/?s={search_term_string}"},"query-input":{"@type":"PropertyValueSpecification","valueRequired":true,"valueName":"search_term_string"}}],"inLanguage":"es"},{"@type":"Organization","@id":"https:\/\/suport.fundesplai.org\/es\/#organization","name":"Suport Tercer Sector de Fundesplai per entitats i associacions","url":"https:\/\/suport.fundesplai.org\/es\/","logo":{"@type":"ImageObject","inLanguage":"es","@id":"https:\/\/suport.fundesplai.org\/es\/#\/schema\/logo\/image\/","url":"https:\/\/suport.fundesplai.org\/wp-content\/uploads\/2019\/08\/lgo-suport-tercer-sector-fe-2.png","contentUrl":"https:\/\/suport.fundesplai.org\/wp-content\/uploads\/2019\/08\/lgo-suport-tercer-sector-fe-2.png","width":300,"height":141,"caption":"Suport Tercer Sector de Fundesplai per entitats i associacions"},"image":{"@id":"https:\/\/suport.fundesplai.org\/es\/#\/schema\/logo\/image\/"},"sameAs":["https:\/\/www.facebook.com\/Fundesplai\/","https:\/\/x.com\/suport_org","https:\/\/www.instagram.com\/fundesplai\/","https:\/\/www.linkedin.com\/company\/fundesplai","https:\/\/www.youtube.com\/channel\/UCGaevIfQeecUHeWq1m-WLYw","https:\/\/ca.wikipedia.org\/wiki\/Fundaci\u00f3_Catalana_de_l'Esplai"]},{"@type":"Person","@id":"https:\/\/suport.fundesplai.org\/es\/#\/schema\/person\/d67e880480b45b41df0ab5d2c3670fba","name":"Maria Eugenia Ifer Puntigliano","image":{"@type":"ImageObject","inLanguage":"es","@id":"https:\/\/secure.gravatar.com\/avatar\/d6f452030d1e5d988a270d205fbc06489eac700fb463d9abd26f76d07f8fa0d8?s=96&d=monsterid&r=g","url":"https:\/\/secure.gravatar.com\/avatar\/d6f452030d1e5d988a270d205fbc06489eac700fb463d9abd26f76d07f8fa0d8?s=96&d=monsterid&r=g","contentUrl":"https:\/\/secure.gravatar.com\/avatar\/d6f452030d1e5d988a270d205fbc06489eac700fb463d9abd26f76d07f8fa0d8?s=96&d=monsterid&r=g","caption":"Maria Eugenia Ifer Puntigliano"},"url":"https:\/\/suport.fundesplai.org\/es\/author\/meifer\/"}]}},"_links":{"self":[{"href":"https:\/\/suport.fundesplai.org\/es\/wp-json\/wp\/v2\/posts\/30469","targetHints":{"allow":["GET"]}}],"collection":[{"href":"https:\/\/suport.fundesplai.org\/es\/wp-json\/wp\/v2\/posts"}],"about":[{"href":"https:\/\/suport.fundesplai.org\/es\/wp-json\/wp\/v2\/types\/post"}],"author":[{"embeddable":true,"href":"https:\/\/suport.fundesplai.org\/es\/wp-json\/wp\/v2\/users\/377"}],"replies":[{"embeddable":true,"href":"https:\/\/suport.fundesplai.org\/es\/wp-json\/wp\/v2\/comments?post=30469"}],"version-history":[{"count":4,"href":"https:\/\/suport.fundesplai.org\/es\/wp-json\/wp\/v2\/posts\/30469\/revisions"}],"predecessor-version":[{"id":30476,"href":"https:\/\/suport.fundesplai.org\/es\/wp-json\/wp\/v2\/posts\/30469\/revisions\/30476"}],"wp:featuredmedia":[{"embeddable":true,"href":"https:\/\/suport.fundesplai.org\/es\/wp-json\/wp\/v2\/media\/29808"}],"wp:attachment":[{"href":"https:\/\/suport.fundesplai.org\/es\/wp-json\/wp\/v2\/media?parent=30469"}],"wp:term":[{"taxonomy":"category","embeddable":true,"href":"https:\/\/suport.fundesplai.org\/es\/wp-json\/wp\/v2\/categories?post=30469"},{"taxonomy":"post_tag","embeddable":true,"href":"https:\/\/suport.fundesplai.org\/es\/wp-json\/wp\/v2\/tags?post=30469"}],"curies":[{"name":"wp","href":"https:\/\/api.w.org\/{rel}","templated":true}]}}