{"id":32103,"date":"2025-04-22T15:18:56","date_gmt":"2025-04-22T13:18:56","guid":{"rendered":"https:\/\/suport.fundesplai.org\/blog-es\/actualidad\/las-entidades-que-discriminan-en-materia-salarial-tendran-que-indemnizar-por-danos-y-perjuicios\/"},"modified":"2025-04-23T15:20:11","modified_gmt":"2025-04-23T13:20:11","slug":"las-entidades-que-discriminan-en-materia-salarial-tendran-que-indemnizar-por-danos-y-perjuicios","status":"publish","type":"post","link":"https:\/\/suport.fundesplai.org\/es\/blog-es\/igualdad-genero-diversidad\/las-entidades-que-discriminan-en-materia-salarial-tendran-que-indemnizar-por-danos-y-perjuicios\/","title":{"rendered":"Las entidades que discriminan en materia salarial tendr\u00e1n que indemnizar por da\u00f1os y perjuicios"},"content":{"rendered":"<p>[et_pb_section fb_built=\u00bb1&#8243; _builder_version=\u00bb4.27.4&#8243; _module_preset=\u00bbdefault\u00bb global_colors_info=\u00bb{}\u00bb][et_pb_row _builder_version=\u00bb4.27.4&#8243; _module_preset=\u00bbdefault\u00bb global_colors_info=\u00bb{}\u00bb][et_pb_column type=\u00bb4_4&#8243; _builder_version=\u00bb4.27.4&#8243; _module_preset=\u00bbdefault\u00bb global_colors_info=\u00bb{}\u00bb][et_pb_text _builder_version=\u00bb4.27.4&#8243; _module_preset=\u00bbdefault\u00bb global_colors_info=\u00bb{}\u00bb]<\/p>\n<p>Las organizaciones deben <a href=\"https:\/\/suport.fundesplai.org\/es\/blog-es\/actualidad\/registro-retributivo-obligatorio-para-entidades-con-personal-contratado\/\" target=\"_blank\" rel=\"noopener\">revisar sus pol\u00edticas salariales<\/a> para evitar sanciones y compensaciones por da\u00f1os y perjuicios. El Tribunal Supremo ha dictado varias sentencias recientemente que refuerzan el compromiso con la <strong>igualdad retributiva entre mujeres y hombres<\/strong>. Adem\u00e1s de las <strong>sanciones administrativas<\/strong> previstas por la ley, ahora las entidades que incumplan esta normativa podr\u00e1n ser condenadas a <strong>pagar indemnizaciones<\/strong> por compensar tanto las diferencias salariales como los da\u00f1os morales ocasionados a las trabajadoras.  <\/p>\n<p>En concreto, la <a href=\"https:\/\/www.poderjudicial.es\/search\/sentencias\/relaciones%20laborales\/1\/PUB\" target=\"_blank\" rel=\"noopener\">sentencia 241\/2025<\/a> establece que una trabajadora que percibi\u00f3 un salario inferior al que le correspond\u00eda seg\u00fan el convenio colectivo, debe ser <strong>compensada con casi 7.200 euros<\/strong>. Esta cantidad incluye lo que ha dejado de cobrar por culpa de la discriminaci\u00f3n (lucro cesante) y una compensaci\u00f3n por el impacto emocional y psicol\u00f3gico del trato desigual (da\u00f1os morales). <\/p>\n<p>La decisi\u00f3n judicial destaca que la reclamaci\u00f3n no se limita a una simple diferencia de sueldo, sino que reconoce la <strong>vulneraci\u00f3n de un derecho fundamental<\/strong>: el derecho a la igualdad en el \u00e1mbito laboral. Adem\u00e1s, se establece que los plazos de prescripci\u00f3n comienzan a contar desde que finaliza la situaci\u00f3n discriminatoria, no desde su inicio. <\/p>\n<h3>Registro retributivo<\/h3>\n<p>Con el fin de evitar sanciones, es imprescindible que las entidades garanticen que no existan <strong>diferencias de retribuci\u00f3n injustificadas<\/strong> entre hombres y mujeres. Esto implica revisar el <strong>registro retributivo<\/strong>, obligatorio para cualquier entidad con personal contratado. Es necesario asegurarse de que se cumplen los convenios colectivos y justificar cualquier diferencia con <strong>criterios objetivos<\/strong> relacionados con las funciones y responsabilidades del puesto de trabajo. Si tienes dudas o necesitas ayuda con la <strong>creaci\u00f3n de tu registro retributivo<\/strong>, contacta con nuestro <a href=\"https:\/\/suport.fundesplai.org\/es\/servicios\/igualtat-genere\/\" target=\"_blank\" rel=\"noopener\">servicio de igualdad y diversidad<\/a>.   <\/p>\n<p>[\/et_pb_text][et_pb_button button_url=\u00bbhttps:\/\/suport.fundesplai.org\/es\/pide-un-presupuesto\/?servei=Igualtat%20de%20g%C3%A8nere%20i%20diversitat\u00bb button_text=\u00bb\u00a1Hacemos tu registro!\u00bb button_alignment=\u00bbcenter\u00bb _builder_version=\u00bb4.27.4&#8243; _module_preset=\u00bbdefault\u00bb custom_margin=\u00bb30px||||false|false\u00bb global_colors_info=\u00bb{}\u00bb][\/et_pb_button][et_pb_divider _builder_version=\u00bb4.27.4&#8243; _module_preset=\u00bbdefault\u00bb custom_margin=\u00bb30px||||false|false\u00bb global_colors_info=\u00bb{}\u00bb][\/et_pb_divider][et_pb_text _builder_version=\u00bb4.27.4&#8243; _module_preset=\u00bbdefault\u00bb custom_margin=\u00bb30px||||false|false\u00bb global_colors_info=\u00bb{}\u00bb]<\/p>\n<h4>Otros contenidos relacionados:<\/h4>\n<ul>\n<li><a href=\"https:\/\/suport.fundesplai.org\/es\/blog-es\/actualidad\/el-plan-de-igualdad-requisito-imprescindible-para-acceder-a-bonificaciones-laborales\/\">El plan de Igualdad: requisito imprescindible para acceder a bonificaciones laborales<\/a><\/li>\n<li><a href=\"https:\/\/suport.fundesplai.org\/es\/blog-es\/actualidad\/descarga-la-guia-como-se-hace-el-registro-del-plan-de-igualdad\/\" target=\"_blank\" rel=\"noopener\">Eva Menor: \u00abSolo lograremos la igualdad efectiva trabajando estrechamente con el Tercer Sector\u00bb<\/a><\/li>\n<li><a href=\"https:\/\/suport.fundesplai.org\/es\/blog-es\/actualidad\/registro-retributivo-obligatorio-para-entidades-con-personal-contratado\/\" target=\"_blank\" rel=\"noopener\">Registro retributivo obligatorio para entidades con personal contratado<\/a><\/li>\n<li><a href=\"https:\/\/suport.fundesplai.org\/es\/blog-es\/actualidad\/la-brecha-salarial-en-el-tercer-sector-vuelve-a-ser-favorable-a-los-hombres-a-pesar-de-ser-un-sector-feminizado\/\" target=\"_blank\" rel=\"noopener\">La brecha salarial en el Tercer Sector vuelve a ser favorable a los hombres, a pesar de ser un sector feminizado<\/a><\/li>\n<\/ul>\n<p>[\/et_pb_text][\/et_pb_column][\/et_pb_row][\/et_pb_section]<\/p>\n","protected":false},"excerpt":{"rendered":"<p>Las organizaciones deben revisar sus pol\u00edticas salariales para evitar sanciones y compensaciones por da\u00f1os y perjuicios.<\/p>\n","protected":false},"author":377,"featured_media":32015,"comment_status":"closed","ping_status":"closed","sticky":false,"template":"","format":"standard","meta":{"_et_pb_use_builder":"on","_et_pb_old_content":"","_et_gb_content_width":"","footnotes":""},"categories":[1,341,891],"tags":[],"class_list":["post-32103","post","type-post","status-publish","format-standard","has-post-thumbnail","hentry","category-actualidad","category-blog-es","category-igualdad-genero-diversidad"],"yoast_head":"<!-- This site is optimized with the Yoast SEO plugin v27.4 - https:\/\/yoast.com\/product\/yoast-seo-wordpress\/ -->\n<title>Las entidades que discriminan en materia salarial tendr\u00e1n que indemnizar por da\u00f1os y perjuicios - Suport Tercer Sector - Fundesplai<\/title>\n<meta name=\"description\" content=\"Las organizaciones deben revisar sus pol\u00edticas salariales para evitar sanciones y compensaciones por da\u00f1os y perjuicios.\" \/>\n<meta name=\"robots\" content=\"index, follow, max-snippet:-1, max-image-preview:large, max-video-preview:-1\" \/>\n<link rel=\"canonical\" href=\"https:\/\/suport.fundesplai.org\/es\/blog-es\/igualdad-genero-diversidad\/las-entidades-que-discriminan-en-materia-salarial-tendran-que-indemnizar-por-danos-y-perjuicios\/\" \/>\n<meta property=\"og:locale\" content=\"es_ES\" \/>\n<meta property=\"og:type\" content=\"article\" \/>\n<meta property=\"og:title\" content=\"Las entidades que discriminan en materia salarial tendr\u00e1n que indemnizar por da\u00f1os y perjuicios - Suport Tercer Sector - Fundesplai\" \/>\n<meta property=\"og:description\" content=\"Las organizaciones deben revisar sus pol\u00edticas salariales para evitar sanciones y compensaciones por da\u00f1os y perjuicios.\" \/>\n<meta property=\"og:url\" content=\"https:\/\/suport.fundesplai.org\/es\/blog-es\/igualdad-genero-diversidad\/las-entidades-que-discriminan-en-materia-salarial-tendran-que-indemnizar-por-danos-y-perjuicios\/\" \/>\n<meta property=\"og:site_name\" content=\"Suport Tercer Sector - Fundesplai\" \/>\n<meta property=\"article:publisher\" content=\"https:\/\/www.facebook.com\/Fundesplai\/\" \/>\n<meta property=\"article:published_time\" content=\"2025-04-22T13:18:56+00:00\" \/>\n<meta property=\"article:modified_time\" content=\"2025-04-23T13:20:11+00:00\" \/>\n<meta property=\"og:image\" content=\"https:\/\/suport.fundesplai.org\/wp-content\/uploads\/2025\/04\/SANCIONS.jpg\" \/>\n\t<meta property=\"og:image:width\" content=\"1888\" \/>\n\t<meta property=\"og:image:height\" content=\"900\" \/>\n\t<meta property=\"og:image:type\" content=\"image\/jpeg\" \/>\n<meta name=\"author\" content=\"Maria Eugenia Ifer Puntigliano\" \/>\n<meta name=\"twitter:card\" content=\"summary_large_image\" \/>\n<meta name=\"twitter:creator\" content=\"@suport_org\" \/>\n<meta name=\"twitter:site\" content=\"@suport_org\" \/>\n<meta name=\"twitter:label1\" content=\"Escrito por\" \/>\n\t<meta name=\"twitter:data1\" content=\"Maria Eugenia Ifer Puntigliano\" \/>\n\t<meta name=\"twitter:label2\" content=\"Tiempo de lectura\" \/>\n\t<meta name=\"twitter:data2\" content=\"3 minutos\" \/>\n<script type=\"application\/ld+json\" class=\"yoast-schema-graph\">{\"@context\":\"https:\\\/\\\/schema.org\",\"@graph\":[{\"@type\":\"Article\",\"@id\":\"https:\\\/\\\/suport.fundesplai.org\\\/es\\\/blog-es\\\/igualdad-genero-diversidad\\\/las-entidades-que-discriminan-en-materia-salarial-tendran-que-indemnizar-por-danos-y-perjuicios\\\/#article\",\"isPartOf\":{\"@id\":\"https:\\\/\\\/suport.fundesplai.org\\\/es\\\/blog-es\\\/igualdad-genero-diversidad\\\/las-entidades-que-discriminan-en-materia-salarial-tendran-que-indemnizar-por-danos-y-perjuicios\\\/\"},\"author\":{\"name\":\"Maria Eugenia Ifer Puntigliano\",\"@id\":\"https:\\\/\\\/suport.fundesplai.org\\\/es\\\/#\\\/schema\\\/person\\\/d67e880480b45b41df0ab5d2c3670fba\"},\"headline\":\"Las entidades que discriminan en materia salarial tendr\u00e1n que indemnizar por da\u00f1os y perjuicios\",\"datePublished\":\"2025-04-22T13:18:56+00:00\",\"dateModified\":\"2025-04-23T13:20:11+00:00\",\"mainEntityOfPage\":{\"@id\":\"https:\\\/\\\/suport.fundesplai.org\\\/es\\\/blog-es\\\/igualdad-genero-diversidad\\\/las-entidades-que-discriminan-en-materia-salarial-tendran-que-indemnizar-por-danos-y-perjuicios\\\/\"},\"wordCount\":502,\"publisher\":{\"@id\":\"https:\\\/\\\/suport.fundesplai.org\\\/es\\\/#organization\"},\"image\":{\"@id\":\"https:\\\/\\\/suport.fundesplai.org\\\/es\\\/blog-es\\\/igualdad-genero-diversidad\\\/las-entidades-que-discriminan-en-materia-salarial-tendran-que-indemnizar-por-danos-y-perjuicios\\\/#primaryimage\"},\"thumbnailUrl\":\"https:\\\/\\\/suport.fundesplai.org\\\/wp-content\\\/uploads\\\/2025\\\/04\\\/SANCIONS.jpg\",\"articleSection\":[\"Actualidad\",\"Blog\",\"Igualdad de g\u00e9nero y diversidad\"],\"inLanguage\":\"es\"},{\"@type\":\"WebPage\",\"@id\":\"https:\\\/\\\/suport.fundesplai.org\\\/es\\\/blog-es\\\/igualdad-genero-diversidad\\\/las-entidades-que-discriminan-en-materia-salarial-tendran-que-indemnizar-por-danos-y-perjuicios\\\/\",\"url\":\"https:\\\/\\\/suport.fundesplai.org\\\/es\\\/blog-es\\\/igualdad-genero-diversidad\\\/las-entidades-que-discriminan-en-materia-salarial-tendran-que-indemnizar-por-danos-y-perjuicios\\\/\",\"name\":\"Las entidades que discriminan en materia salarial tendr\u00e1n que indemnizar por da\u00f1os y perjuicios - Suport Tercer Sector - Fundesplai\",\"isPartOf\":{\"@id\":\"https:\\\/\\\/suport.fundesplai.org\\\/es\\\/#website\"},\"primaryImageOfPage\":{\"@id\":\"https:\\\/\\\/suport.fundesplai.org\\\/es\\\/blog-es\\\/igualdad-genero-diversidad\\\/las-entidades-que-discriminan-en-materia-salarial-tendran-que-indemnizar-por-danos-y-perjuicios\\\/#primaryimage\"},\"image\":{\"@id\":\"https:\\\/\\\/suport.fundesplai.org\\\/es\\\/blog-es\\\/igualdad-genero-diversidad\\\/las-entidades-que-discriminan-en-materia-salarial-tendran-que-indemnizar-por-danos-y-perjuicios\\\/#primaryimage\"},\"thumbnailUrl\":\"https:\\\/\\\/suport.fundesplai.org\\\/wp-content\\\/uploads\\\/2025\\\/04\\\/SANCIONS.jpg\",\"datePublished\":\"2025-04-22T13:18:56+00:00\",\"dateModified\":\"2025-04-23T13:20:11+00:00\",\"description\":\"Las organizaciones deben revisar sus pol\u00edticas salariales para evitar sanciones y compensaciones por da\u00f1os y perjuicios.\",\"breadcrumb\":{\"@id\":\"https:\\\/\\\/suport.fundesplai.org\\\/es\\\/blog-es\\\/igualdad-genero-diversidad\\\/las-entidades-que-discriminan-en-materia-salarial-tendran-que-indemnizar-por-danos-y-perjuicios\\\/#breadcrumb\"},\"inLanguage\":\"es\",\"potentialAction\":[{\"@type\":\"ReadAction\",\"target\":[\"https:\\\/\\\/suport.fundesplai.org\\\/es\\\/blog-es\\\/igualdad-genero-diversidad\\\/las-entidades-que-discriminan-en-materia-salarial-tendran-que-indemnizar-por-danos-y-perjuicios\\\/\"]}]},{\"@type\":\"ImageObject\",\"inLanguage\":\"es\",\"@id\":\"https:\\\/\\\/suport.fundesplai.org\\\/es\\\/blog-es\\\/igualdad-genero-diversidad\\\/las-entidades-que-discriminan-en-materia-salarial-tendran-que-indemnizar-por-danos-y-perjuicios\\\/#primaryimage\",\"url\":\"https:\\\/\\\/suport.fundesplai.org\\\/wp-content\\\/uploads\\\/2025\\\/04\\\/SANCIONS.jpg\",\"contentUrl\":\"https:\\\/\\\/suport.fundesplai.org\\\/wp-content\\\/uploads\\\/2025\\\/04\\\/SANCIONS.jpg\",\"width\":1888,\"height\":900,\"caption\":\"Revisar les seves pol\u00edtiques salarials\"},{\"@type\":\"BreadcrumbList\",\"@id\":\"https:\\\/\\\/suport.fundesplai.org\\\/es\\\/blog-es\\\/igualdad-genero-diversidad\\\/las-entidades-que-discriminan-en-materia-salarial-tendran-que-indemnizar-por-danos-y-perjuicios\\\/#breadcrumb\",\"itemListElement\":[{\"@type\":\"ListItem\",\"position\":1,\"name\":\"Inici\",\"item\":\"https:\\\/\\\/suport.fundesplai.org\\\/es\\\/\"},{\"@type\":\"ListItem\",\"position\":2,\"name\":\"Blog\",\"item\":\"https:\\\/\\\/suport.fundesplai.org\\\/es\\\/blog-es\\\/\"},{\"@type\":\"ListItem\",\"position\":3,\"name\":\"Igualdad de g\u00e9nero y diversidad\",\"item\":\"https:\\\/\\\/suport.fundesplai.org\\\/es\\\/blog-es\\\/igualdad-genero-diversidad\\\/\"},{\"@type\":\"ListItem\",\"position\":4,\"name\":\"Las entidades que discriminan en materia salarial tendr\u00e1n que indemnizar por da\u00f1os y perjuicios\"}]},{\"@type\":\"WebSite\",\"@id\":\"https:\\\/\\\/suport.fundesplai.org\\\/es\\\/#website\",\"url\":\"https:\\\/\\\/suport.fundesplai.org\\\/es\\\/\",\"name\":\"Suport Tercer Sector - Fundesplai\",\"description\":\"Gesti\u00f3n de asociaciones y fundaciones\",\"publisher\":{\"@id\":\"https:\\\/\\\/suport.fundesplai.org\\\/es\\\/#organization\"},\"potentialAction\":[{\"@type\":\"SearchAction\",\"target\":{\"@type\":\"EntryPoint\",\"urlTemplate\":\"https:\\\/\\\/suport.fundesplai.org\\\/es\\\/?s={search_term_string}\"},\"query-input\":{\"@type\":\"PropertyValueSpecification\",\"valueRequired\":true,\"valueName\":\"search_term_string\"}}],\"inLanguage\":\"es\"},{\"@type\":\"Organization\",\"@id\":\"https:\\\/\\\/suport.fundesplai.org\\\/es\\\/#organization\",\"name\":\"Suport Tercer Sector de Fundesplai per entitats i associacions\",\"url\":\"https:\\\/\\\/suport.fundesplai.org\\\/es\\\/\",\"logo\":{\"@type\":\"ImageObject\",\"inLanguage\":\"es\",\"@id\":\"https:\\\/\\\/suport.fundesplai.org\\\/es\\\/#\\\/schema\\\/logo\\\/image\\\/\",\"url\":\"https:\\\/\\\/suport.fundesplai.org\\\/wp-content\\\/uploads\\\/2019\\\/08\\\/lgo-suport-tercer-sector-fe-2.png\",\"contentUrl\":\"https:\\\/\\\/suport.fundesplai.org\\\/wp-content\\\/uploads\\\/2019\\\/08\\\/lgo-suport-tercer-sector-fe-2.png\",\"width\":300,\"height\":141,\"caption\":\"Suport Tercer Sector de Fundesplai per entitats i associacions\"},\"image\":{\"@id\":\"https:\\\/\\\/suport.fundesplai.org\\\/es\\\/#\\\/schema\\\/logo\\\/image\\\/\"},\"sameAs\":[\"https:\\\/\\\/www.facebook.com\\\/Fundesplai\\\/\",\"https:\\\/\\\/x.com\\\/suport_org\",\"https:\\\/\\\/www.instagram.com\\\/fundesplai\\\/\",\"https:\\\/\\\/www.linkedin.com\\\/company\\\/fundesplai\",\"https:\\\/\\\/www.youtube.com\\\/channel\\\/UCGaevIfQeecUHeWq1m-WLYw\",\"https:\\\/\\\/ca.wikipedia.org\\\/wiki\\\/Fundaci\u00f3_Catalana_de_l'Esplai\"]},{\"@type\":\"Person\",\"@id\":\"https:\\\/\\\/suport.fundesplai.org\\\/es\\\/#\\\/schema\\\/person\\\/d67e880480b45b41df0ab5d2c3670fba\",\"name\":\"Maria Eugenia Ifer Puntigliano\",\"image\":{\"@type\":\"ImageObject\",\"inLanguage\":\"es\",\"@id\":\"https:\\\/\\\/secure.gravatar.com\\\/avatar\\\/d6f452030d1e5d988a270d205fbc06489eac700fb463d9abd26f76d07f8fa0d8?s=96&d=monsterid&r=g\",\"url\":\"https:\\\/\\\/secure.gravatar.com\\\/avatar\\\/d6f452030d1e5d988a270d205fbc06489eac700fb463d9abd26f76d07f8fa0d8?s=96&d=monsterid&r=g\",\"contentUrl\":\"https:\\\/\\\/secure.gravatar.com\\\/avatar\\\/d6f452030d1e5d988a270d205fbc06489eac700fb463d9abd26f76d07f8fa0d8?s=96&d=monsterid&r=g\",\"caption\":\"Maria Eugenia Ifer Puntigliano\"},\"url\":\"https:\\\/\\\/suport.fundesplai.org\\\/es\\\/author\\\/meifer\\\/\"}]}<\/script>\n<!-- \/ Yoast SEO plugin. -->","yoast_head_json":{"title":"Las entidades que discriminan en materia salarial tendr\u00e1n que indemnizar por da\u00f1os y perjuicios - Suport Tercer Sector - Fundesplai","description":"Las organizaciones deben revisar sus pol\u00edticas salariales para evitar sanciones y compensaciones por da\u00f1os y perjuicios.","robots":{"index":"index","follow":"follow","max-snippet":"max-snippet:-1","max-image-preview":"max-image-preview:large","max-video-preview":"max-video-preview:-1"},"canonical":"https:\/\/suport.fundesplai.org\/es\/blog-es\/igualdad-genero-diversidad\/las-entidades-que-discriminan-en-materia-salarial-tendran-que-indemnizar-por-danos-y-perjuicios\/","og_locale":"es_ES","og_type":"article","og_title":"Las entidades que discriminan en materia salarial tendr\u00e1n que indemnizar por da\u00f1os y perjuicios - Suport Tercer Sector - Fundesplai","og_description":"Las organizaciones deben revisar sus pol\u00edticas salariales para evitar sanciones y compensaciones por da\u00f1os y perjuicios.","og_url":"https:\/\/suport.fundesplai.org\/es\/blog-es\/igualdad-genero-diversidad\/las-entidades-que-discriminan-en-materia-salarial-tendran-que-indemnizar-por-danos-y-perjuicios\/","og_site_name":"Suport Tercer Sector - Fundesplai","article_publisher":"https:\/\/www.facebook.com\/Fundesplai\/","article_published_time":"2025-04-22T13:18:56+00:00","article_modified_time":"2025-04-23T13:20:11+00:00","og_image":[{"width":1888,"height":900,"url":"https:\/\/suport.fundesplai.org\/wp-content\/uploads\/2025\/04\/SANCIONS.jpg","type":"image\/jpeg"}],"author":"Maria Eugenia Ifer Puntigliano","twitter_card":"summary_large_image","twitter_creator":"@suport_org","twitter_site":"@suport_org","twitter_misc":{"Escrito por":"Maria Eugenia Ifer Puntigliano","Tiempo de lectura":"3 minutos"},"schema":{"@context":"https:\/\/schema.org","@graph":[{"@type":"Article","@id":"https:\/\/suport.fundesplai.org\/es\/blog-es\/igualdad-genero-diversidad\/las-entidades-que-discriminan-en-materia-salarial-tendran-que-indemnizar-por-danos-y-perjuicios\/#article","isPartOf":{"@id":"https:\/\/suport.fundesplai.org\/es\/blog-es\/igualdad-genero-diversidad\/las-entidades-que-discriminan-en-materia-salarial-tendran-que-indemnizar-por-danos-y-perjuicios\/"},"author":{"name":"Maria Eugenia Ifer Puntigliano","@id":"https:\/\/suport.fundesplai.org\/es\/#\/schema\/person\/d67e880480b45b41df0ab5d2c3670fba"},"headline":"Las entidades que discriminan en materia salarial tendr\u00e1n que indemnizar por da\u00f1os y perjuicios","datePublished":"2025-04-22T13:18:56+00:00","dateModified":"2025-04-23T13:20:11+00:00","mainEntityOfPage":{"@id":"https:\/\/suport.fundesplai.org\/es\/blog-es\/igualdad-genero-diversidad\/las-entidades-que-discriminan-en-materia-salarial-tendran-que-indemnizar-por-danos-y-perjuicios\/"},"wordCount":502,"publisher":{"@id":"https:\/\/suport.fundesplai.org\/es\/#organization"},"image":{"@id":"https:\/\/suport.fundesplai.org\/es\/blog-es\/igualdad-genero-diversidad\/las-entidades-que-discriminan-en-materia-salarial-tendran-que-indemnizar-por-danos-y-perjuicios\/#primaryimage"},"thumbnailUrl":"https:\/\/suport.fundesplai.org\/wp-content\/uploads\/2025\/04\/SANCIONS.jpg","articleSection":["Actualidad","Blog","Igualdad de g\u00e9nero y diversidad"],"inLanguage":"es"},{"@type":"WebPage","@id":"https:\/\/suport.fundesplai.org\/es\/blog-es\/igualdad-genero-diversidad\/las-entidades-que-discriminan-en-materia-salarial-tendran-que-indemnizar-por-danos-y-perjuicios\/","url":"https:\/\/suport.fundesplai.org\/es\/blog-es\/igualdad-genero-diversidad\/las-entidades-que-discriminan-en-materia-salarial-tendran-que-indemnizar-por-danos-y-perjuicios\/","name":"Las entidades que discriminan en materia salarial tendr\u00e1n que indemnizar por da\u00f1os y perjuicios - Suport Tercer Sector - Fundesplai","isPartOf":{"@id":"https:\/\/suport.fundesplai.org\/es\/#website"},"primaryImageOfPage":{"@id":"https:\/\/suport.fundesplai.org\/es\/blog-es\/igualdad-genero-diversidad\/las-entidades-que-discriminan-en-materia-salarial-tendran-que-indemnizar-por-danos-y-perjuicios\/#primaryimage"},"image":{"@id":"https:\/\/suport.fundesplai.org\/es\/blog-es\/igualdad-genero-diversidad\/las-entidades-que-discriminan-en-materia-salarial-tendran-que-indemnizar-por-danos-y-perjuicios\/#primaryimage"},"thumbnailUrl":"https:\/\/suport.fundesplai.org\/wp-content\/uploads\/2025\/04\/SANCIONS.jpg","datePublished":"2025-04-22T13:18:56+00:00","dateModified":"2025-04-23T13:20:11+00:00","description":"Las organizaciones deben revisar sus pol\u00edticas salariales para evitar sanciones y compensaciones por da\u00f1os y perjuicios.","breadcrumb":{"@id":"https:\/\/suport.fundesplai.org\/es\/blog-es\/igualdad-genero-diversidad\/las-entidades-que-discriminan-en-materia-salarial-tendran-que-indemnizar-por-danos-y-perjuicios\/#breadcrumb"},"inLanguage":"es","potentialAction":[{"@type":"ReadAction","target":["https:\/\/suport.fundesplai.org\/es\/blog-es\/igualdad-genero-diversidad\/las-entidades-que-discriminan-en-materia-salarial-tendran-que-indemnizar-por-danos-y-perjuicios\/"]}]},{"@type":"ImageObject","inLanguage":"es","@id":"https:\/\/suport.fundesplai.org\/es\/blog-es\/igualdad-genero-diversidad\/las-entidades-que-discriminan-en-materia-salarial-tendran-que-indemnizar-por-danos-y-perjuicios\/#primaryimage","url":"https:\/\/suport.fundesplai.org\/wp-content\/uploads\/2025\/04\/SANCIONS.jpg","contentUrl":"https:\/\/suport.fundesplai.org\/wp-content\/uploads\/2025\/04\/SANCIONS.jpg","width":1888,"height":900,"caption":"Revisar les seves pol\u00edtiques salarials"},{"@type":"BreadcrumbList","@id":"https:\/\/suport.fundesplai.org\/es\/blog-es\/igualdad-genero-diversidad\/las-entidades-que-discriminan-en-materia-salarial-tendran-que-indemnizar-por-danos-y-perjuicios\/#breadcrumb","itemListElement":[{"@type":"ListItem","position":1,"name":"Inici","item":"https:\/\/suport.fundesplai.org\/es\/"},{"@type":"ListItem","position":2,"name":"Blog","item":"https:\/\/suport.fundesplai.org\/es\/blog-es\/"},{"@type":"ListItem","position":3,"name":"Igualdad de g\u00e9nero y diversidad","item":"https:\/\/suport.fundesplai.org\/es\/blog-es\/igualdad-genero-diversidad\/"},{"@type":"ListItem","position":4,"name":"Las entidades que discriminan en materia salarial tendr\u00e1n que indemnizar por da\u00f1os y perjuicios"}]},{"@type":"WebSite","@id":"https:\/\/suport.fundesplai.org\/es\/#website","url":"https:\/\/suport.fundesplai.org\/es\/","name":"Suport Tercer Sector - Fundesplai","description":"Gesti\u00f3n de asociaciones y fundaciones","publisher":{"@id":"https:\/\/suport.fundesplai.org\/es\/#organization"},"potentialAction":[{"@type":"SearchAction","target":{"@type":"EntryPoint","urlTemplate":"https:\/\/suport.fundesplai.org\/es\/?s={search_term_string}"},"query-input":{"@type":"PropertyValueSpecification","valueRequired":true,"valueName":"search_term_string"}}],"inLanguage":"es"},{"@type":"Organization","@id":"https:\/\/suport.fundesplai.org\/es\/#organization","name":"Suport Tercer Sector de Fundesplai per entitats i associacions","url":"https:\/\/suport.fundesplai.org\/es\/","logo":{"@type":"ImageObject","inLanguage":"es","@id":"https:\/\/suport.fundesplai.org\/es\/#\/schema\/logo\/image\/","url":"https:\/\/suport.fundesplai.org\/wp-content\/uploads\/2019\/08\/lgo-suport-tercer-sector-fe-2.png","contentUrl":"https:\/\/suport.fundesplai.org\/wp-content\/uploads\/2019\/08\/lgo-suport-tercer-sector-fe-2.png","width":300,"height":141,"caption":"Suport Tercer Sector de Fundesplai per entitats i associacions"},"image":{"@id":"https:\/\/suport.fundesplai.org\/es\/#\/schema\/logo\/image\/"},"sameAs":["https:\/\/www.facebook.com\/Fundesplai\/","https:\/\/x.com\/suport_org","https:\/\/www.instagram.com\/fundesplai\/","https:\/\/www.linkedin.com\/company\/fundesplai","https:\/\/www.youtube.com\/channel\/UCGaevIfQeecUHeWq1m-WLYw","https:\/\/ca.wikipedia.org\/wiki\/Fundaci\u00f3_Catalana_de_l'Esplai"]},{"@type":"Person","@id":"https:\/\/suport.fundesplai.org\/es\/#\/schema\/person\/d67e880480b45b41df0ab5d2c3670fba","name":"Maria Eugenia Ifer Puntigliano","image":{"@type":"ImageObject","inLanguage":"es","@id":"https:\/\/secure.gravatar.com\/avatar\/d6f452030d1e5d988a270d205fbc06489eac700fb463d9abd26f76d07f8fa0d8?s=96&d=monsterid&r=g","url":"https:\/\/secure.gravatar.com\/avatar\/d6f452030d1e5d988a270d205fbc06489eac700fb463d9abd26f76d07f8fa0d8?s=96&d=monsterid&r=g","contentUrl":"https:\/\/secure.gravatar.com\/avatar\/d6f452030d1e5d988a270d205fbc06489eac700fb463d9abd26f76d07f8fa0d8?s=96&d=monsterid&r=g","caption":"Maria Eugenia Ifer Puntigliano"},"url":"https:\/\/suport.fundesplai.org\/es\/author\/meifer\/"}]}},"_links":{"self":[{"href":"https:\/\/suport.fundesplai.org\/es\/wp-json\/wp\/v2\/posts\/32103","targetHints":{"allow":["GET"]}}],"collection":[{"href":"https:\/\/suport.fundesplai.org\/es\/wp-json\/wp\/v2\/posts"}],"about":[{"href":"https:\/\/suport.fundesplai.org\/es\/wp-json\/wp\/v2\/types\/post"}],"author":[{"embeddable":true,"href":"https:\/\/suport.fundesplai.org\/es\/wp-json\/wp\/v2\/users\/377"}],"replies":[{"embeddable":true,"href":"https:\/\/suport.fundesplai.org\/es\/wp-json\/wp\/v2\/comments?post=32103"}],"version-history":[{"count":3,"href":"https:\/\/suport.fundesplai.org\/es\/wp-json\/wp\/v2\/posts\/32103\/revisions"}],"predecessor-version":[{"id":32106,"href":"https:\/\/suport.fundesplai.org\/es\/wp-json\/wp\/v2\/posts\/32103\/revisions\/32106"}],"wp:featuredmedia":[{"embeddable":true,"href":"https:\/\/suport.fundesplai.org\/es\/wp-json\/wp\/v2\/media\/32015"}],"wp:attachment":[{"href":"https:\/\/suport.fundesplai.org\/es\/wp-json\/wp\/v2\/media?parent=32103"}],"wp:term":[{"taxonomy":"category","embeddable":true,"href":"https:\/\/suport.fundesplai.org\/es\/wp-json\/wp\/v2\/categories?post=32103"},{"taxonomy":"post_tag","embeddable":true,"href":"https:\/\/suport.fundesplai.org\/es\/wp-json\/wp\/v2\/tags?post=32103"}],"curies":[{"name":"wp","href":"https:\/\/api.w.org\/{rel}","templated":true}]}}