{"id":32443,"date":"2025-05-08T13:46:51","date_gmt":"2025-05-08T11:46:51","guid":{"rendered":"https:\/\/suport.fundesplai.org\/blog-es\/actualidad\/mi-entidad-tiene-un-proyecto-como-lo-doy-a-conocer\/"},"modified":"2025-05-08T14:00:36","modified_gmt":"2025-05-08T12:00:36","slug":"mi-entidad-tiene-un-proyecto-como-lo-doy-a-conocer","status":"publish","type":"post","link":"https:\/\/suport.fundesplai.org\/es\/blog-es\/comunicacion\/mi-entidad-tiene-un-proyecto-como-lo-doy-a-conocer\/","title":{"rendered":"Mi entidad tiene un proyecto, \u00bfc\u00f3mo lo doy a conocer?"},"content":{"rendered":"<p>[et_pb_section fb_built=\u00bb1&#8243; _builder_version=\u00bb4.27.0&#8243; _module_preset=\u00bbdefault\u00bb global_colors_info=\u00bb{}\u00bb][et_pb_row _builder_version=\u00bb4.27.0&#8243; _module_preset=\u00bbdefault\u00bb custom_padding=\u00bb||22px|||\u00bb global_colors_info=\u00bb{}\u00bb][et_pb_column type=\u00bb4_4&#8243; _builder_version=\u00bb4.27.0&#8243; _module_preset=\u00bbdefault\u00bb global_colors_info=\u00bb{}\u00bb][et_pb_text admin_label=\u00bbEntradilla\u00bb _builder_version=\u00bb4.27.4&#8243; _module_preset=\u00bbdefault\u00bb global_colors_info=\u00bb{}\u00bb]<\/p>\n<p>\u00c1frica Mir\u00f3 y Eduardo Izquierdo, en <strong><a href=\"https:\/\/suport.fundesplai.org\/es\/projecte\/podcast-entitats-al-dia\/\">Entitats al d\u00eda<\/a>,<\/strong> tratan temas importantes para las entidades. En este caso, el programa est\u00e1 enfocado a explicar <strong>por qu\u00e9 es importante<\/strong> la comunicaci\u00f3n en las entidades y c\u00f3mo hacerla correctamente sin destinar un gran presupuesto. <\/p>\n<p>Sandra Pulido, invitada especial del programa, es <strong>t\u00e9cnica de comunicaci\u00f3n en Fundesplai<\/strong> y aporta su punto de vista experto en la toma de decisiones y el <strong>trabajo comunicativo en entidades sociales<\/strong>.<\/p>\n<p>[\/et_pb_text][et_pb_divider show_divider=\u00bboff\u00bb _builder_version=\u00bb4.27.4&#8243; _module_preset=\u00bbdefault\u00bb global_colors_info=\u00bb{}\u00bb][\/et_pb_divider][et_pb_text admin_label=\u00bbURL\u00bb _builder_version=\u00bb4.27.4&#8243; _module_preset=\u00bbdefault\u00bb custom_padding=\u00bb||0px|||\u00bb global_colors_info=\u00bb{}\u00bb]<\/p>\n<p><iframe loading=\"lazy\" style=\"border-radius: 12px;\" src=\"https:\/\/open.spotify.com\/embed\/episode\/3GxYEyovorE7JmAMlUEKqp?utm_source=generator\" width=\"100%\" height=\"352\" frameborder=\"0\" allowfullscreen=\"allowfullscreen\"><\/iframe><\/p>\n<p>[\/et_pb_text][\/et_pb_column][\/et_pb_row][et_pb_row _builder_version=\u00bb4.27.4&#8243; _module_preset=\u00bbdefault\u00bb global_colors_info=\u00bb{}\u00bb][et_pb_column type=\u00bb4_4&#8243; _builder_version=\u00bb4.27.0&#8243; _module_preset=\u00bbdefault\u00bb global_colors_info=\u00bb{}\u00bb][et_pb_text admin_label=\u00bbTexto 2&#8243; _builder_version=\u00bb4.27.4&#8243; _module_preset=\u00bbdefault\u00bb custom_margin=\u00bb30px||||false|false\u00bb global_colors_info=\u00bb{}\u00bb]<\/p>\n<p>La comunicaci\u00f3n evoluciona como la sociedad, por eso <strong>el personal debe estar formado y tener conocimiento actualizado<\/strong>. Por otra parte, las entidades deben saber c\u00f3mo dar a conocer los proyectos internos, crucial para su viabilidad. <\/p>\n<p>Pulido hace \u00e9nfasis en lo importante que es <strong>mantener los equipos informados y hacerles part\u00edcipes<\/strong> de las decisiones. Las personas que trabajan la comunicaci\u00f3n deben estar informadas de los proyectos, s\u00f3lo de esta forma podr\u00e1n <strong>desarrollar su tarea correctamente<\/strong>. <\/p>\n<p>Tambi\u00e9n es importante <strong>tener claras cu\u00e1les son las prioridades<\/strong>. Por ello, la estrategia en comunicaci\u00f3n, adem\u00e1s de empezar junto con el proyecto, debe ir vinculada a unos indicadores. Si quieres saber m\u00e1s, \u00a1no dejes de escuchar <a href=\"https:\/\/suport.fundesplai.org\/es\/projecte\/podcast-entitats-al-dia\/\">Entitats al D\u00eda<\/a>!  <\/p>\n<p>[\/et_pb_text][et_pb_divider show_divider=\u00bboff\u00bb _builder_version=\u00bb4.27.4&#8243; _module_preset=\u00bbdefault\u00bb global_colors_info=\u00bb{}\u00bb][\/et_pb_divider][\/et_pb_column][\/et_pb_row][et_pb_row column_structure=\u00bb1_2,1_2&#8243; _builder_version=\u00bb4.27.0&#8243; _module_preset=\u00bbdefault\u00bb global_colors_info=\u00bb{}\u00bb][et_pb_column type=\u00bb1_2&#8243; _builder_version=\u00bb4.27.0&#8243; _module_preset=\u00bbdefault\u00bb global_colors_info=\u00bb{}\u00bb][et_pb_button button_url=\u00bbhttps:\/\/open.spotify.com\/episode\/3GxYEyovorE7JmAMlUEKqp\u00bb url_new_window=\u00bbon\u00bb button_text=\u00bbSpotify\u00bb button_alignment=\u00bbcenter\u00bb admin_label=\u00bbSpotify\u00bb _builder_version=\u00bb4.27.4&#8243; _module_preset=\u00bbdefault\u00bb global_colors_info=\u00bb{}\u00bb][\/et_pb_button][\/et_pb_column][et_pb_column type=\u00bb1_2&#8243; _builder_version=\u00bb4.27.0&#8243; _module_preset=\u00bbdefault\u00bb global_colors_info=\u00bb{}\u00bb][et_pb_button button_url=\u00bbhttps:\/\/www.ivoox.com\/2&#215;06-tinc-projecte-com-dono-a-audios-mp3_rf_134939763_1.html\u00bb url_new_window=\u00bbon\u00bb button_text=\u00bbiVoox\u00bb button_alignment=\u00bbcenter\u00bb admin_label=\u00bbIvoox\u00bb _builder_version=\u00bb4.27.4&#8243; _module_preset=\u00bbdefault\u00bb global_colors_info=\u00bb{}\u00bb][\/et_pb_button][\/et_pb_column][\/et_pb_row][et_pb_row _builder_version=\u00bb4.27.0&#8243; _module_preset=\u00bbdefault\u00bb global_colors_info=\u00bb{}\u00bb][et_pb_column type=\u00bb4_4&#8243; _builder_version=\u00bb4.27.0&#8243; _module_preset=\u00bbdefault\u00bb global_colors_info=\u00bb{}\u00bb][et_pb_text admin_label=\u00bbTexto 3&#8243; _builder_version=\u00bb4.27.4&#8243; _module_preset=\u00bbdefault\u00bb custom_margin=\u00bb30px||||false|false\u00bb global_colors_info=\u00bb{}\u00bb]<\/p>\n<p>Este proyecto se lleva a cabo con el soporte del <strong><a href=\"http:\/\/llengua.gencat.cat\/ca\/inici\/\" target=\"_blank\" rel=\"noopener noreferrer\" data-auth=\"NotApplicable\">Departament de Cultura de la Generalitat de Catalunya.<\/a><\/strong><\/p>\n<p><img loading=\"lazy\" decoding=\"async\" class=\"wp-image-28380 alignnone size-full\" src=\"https:\/\/suport.fundesplai.org\/wp-content\/uploads\/2024\/09\/generalitat_catalunya_cultura.jpg\" alt=\"\" width=\"456\" height=\"106\"><\/p>\n<p>[\/et_pb_text][et_pb_divider _builder_version=\u00bb4.27.0&#8243; _module_preset=\u00bbdefault\u00bb custom_margin=\u00bb30px||||false|false\u00bb global_colors_info=\u00bb{}\u00bb][\/et_pb_divider][et_pb_text admin_label=\u00bbText\u00bb _builder_version=\u00bb4.27.4&#8243; _module_preset=\u00bbdefault\u00bb global_colors_info=\u00bb{}\u00bb]<\/p>\n<h4>Otros contenidos relacionados<\/h4>\n<ul>\n<li style=\"list-style-type: none;\">\n<ul>\n<li><a href=\"https:\/\/suport.fundesplai.org\/es\/blog-es\/actualidad\/captacion-de-fondos-uno-de-los-retos\/\" target=\"_blank\" rel=\"noopener\">Captaci\u00f3n de fondos: uno de los retos<\/a><\/li>\n<li><a href=\"https:\/\/suport.fundesplai.org\/blog\/actualitat-blog\/podcast-entitats-al-dia-gestio-entitats\/\" target=\"_blank\" rel=\"noopener\">Escucha el podcast &#8216;Entitats al dia&#8217; para mejorar la gesti\u00f3n de tu organizaci\u00f3n<\/a><\/li>\n<li><a href=\"https:\/\/suport.fundesplai.org\/es\/blog-es\/actualidad\/entitats-al-dia-el-fomento-del-catalan\/\" target=\"_blank\" rel=\"noopener\">Entitats al dia: el fomento del catal\u00e1n<\/a><\/li>\n<\/ul>\n<\/li>\n<\/ul>\n<p>&nbsp;<br \/>\n[\/et_pb_text][\/et_pb_column][\/et_pb_row][\/et_pb_section]<\/p>\n","protected":false},"excerpt":{"rendered":"<p>Una buena comunicaci\u00f3n es crucial para hacer crecer una entidad, es importante saber c\u00f3mo llegar al m\u00e1ximo de personas para poder hacer realidad los objetivos.<\/p>\n","protected":false},"author":402,"featured_media":32431,"comment_status":"closed","ping_status":"closed","sticky":false,"template":"","format":"standard","meta":{"_et_pb_use_builder":"on","_et_pb_old_content":"","_et_gb_content_width":"","footnotes":""},"categories":[1,341,321],"tags":[],"class_list":["post-32443","post","type-post","status-publish","format-standard","has-post-thumbnail","hentry","category-actualidad","category-blog-es","category-comunicacion"],"yoast_head":"<!-- This site is optimized with the Yoast SEO plugin v27.5 - https:\/\/yoast.com\/product\/yoast-seo-wordpress\/ -->\n<title>Mi entidad tiene un proyecto, \u00bfc\u00f3mo lo doy a conocer? - Suport Tercer Sector - Fundesplai<\/title>\n<meta name=\"description\" content=\"La comunicaci\u00f3n es importante para las entidades, es importante saber c\u00f3mo llegar al m\u00e1ximo de personas para poder hacer realidad sus objetivos.\" \/>\n<meta name=\"robots\" content=\"index, follow, max-snippet:-1, max-image-preview:large, max-video-preview:-1\" \/>\n<link rel=\"canonical\" href=\"https:\/\/suport.fundesplai.org\/es\/blog-es\/comunicacion\/mi-entidad-tiene-un-proyecto-como-lo-doy-a-conocer\/\" \/>\n<meta property=\"og:locale\" content=\"es_ES\" \/>\n<meta property=\"og:type\" content=\"article\" \/>\n<meta property=\"og:title\" content=\"Mi entidad tiene un proyecto, \u00bfc\u00f3mo lo doy a conocer? - Suport Tercer Sector - Fundesplai\" \/>\n<meta property=\"og:description\" content=\"La comunicaci\u00f3n es importante para las entidades, es importante saber c\u00f3mo llegar al m\u00e1ximo de personas para poder hacer realidad sus objetivos.\" \/>\n<meta property=\"og:url\" content=\"https:\/\/suport.fundesplai.org\/es\/blog-es\/comunicacion\/mi-entidad-tiene-un-proyecto-como-lo-doy-a-conocer\/\" \/>\n<meta property=\"og:site_name\" content=\"Suport Tercer Sector - Fundesplai\" \/>\n<meta property=\"article:publisher\" content=\"https:\/\/www.facebook.com\/Fundesplai\/\" \/>\n<meta property=\"article:published_time\" content=\"2025-05-08T11:46:51+00:00\" \/>\n<meta property=\"article:modified_time\" content=\"2025-05-08T12:00:36+00:00\" \/>\n<meta property=\"og:image\" content=\"https:\/\/suport.fundesplai.org\/wp-content\/uploads\/2025\/05\/Comunicacio.png\" \/>\n\t<meta property=\"og:image:width\" content=\"1888\" \/>\n\t<meta property=\"og:image:height\" content=\"900\" \/>\n\t<meta property=\"og:image:type\" content=\"image\/png\" \/>\n<meta name=\"author\" content=\"oscar.loro\" \/>\n<meta name=\"twitter:card\" content=\"summary_large_image\" \/>\n<meta name=\"twitter:creator\" content=\"@suport_org\" \/>\n<meta name=\"twitter:site\" content=\"@suport_org\" \/>\n<meta name=\"twitter:label1\" content=\"Escrito por\" \/>\n\t<meta name=\"twitter:data1\" content=\"oscar.loro\" \/>\n\t<meta name=\"twitter:label2\" content=\"Tiempo de lectura\" \/>\n\t<meta name=\"twitter:data2\" content=\"3 minutos\" \/>\n<script type=\"application\/ld+json\" class=\"yoast-schema-graph\">{\"@context\":\"https:\\\/\\\/schema.org\",\"@graph\":[{\"@type\":\"Article\",\"@id\":\"https:\\\/\\\/suport.fundesplai.org\\\/es\\\/blog-es\\\/comunicacion\\\/mi-entidad-tiene-un-proyecto-como-lo-doy-a-conocer\\\/#article\",\"isPartOf\":{\"@id\":\"https:\\\/\\\/suport.fundesplai.org\\\/es\\\/blog-es\\\/comunicacion\\\/mi-entidad-tiene-un-proyecto-como-lo-doy-a-conocer\\\/\"},\"author\":{\"name\":\"oscar.loro\",\"@id\":\"https:\\\/\\\/suport.fundesplai.org\\\/es\\\/#\\\/schema\\\/person\\\/0ff031aadbf63e105539f995878f9224\"},\"headline\":\"Mi entidad tiene un proyecto, \u00bfc\u00f3mo lo doy a conocer?\",\"datePublished\":\"2025-05-08T11:46:51+00:00\",\"dateModified\":\"2025-05-08T12:00:36+00:00\",\"mainEntityOfPage\":{\"@id\":\"https:\\\/\\\/suport.fundesplai.org\\\/es\\\/blog-es\\\/comunicacion\\\/mi-entidad-tiene-un-proyecto-como-lo-doy-a-conocer\\\/\"},\"wordCount\":643,\"publisher\":{\"@id\":\"https:\\\/\\\/suport.fundesplai.org\\\/es\\\/#organization\"},\"image\":{\"@id\":\"https:\\\/\\\/suport.fundesplai.org\\\/es\\\/blog-es\\\/comunicacion\\\/mi-entidad-tiene-un-proyecto-como-lo-doy-a-conocer\\\/#primaryimage\"},\"thumbnailUrl\":\"https:\\\/\\\/suport.fundesplai.org\\\/wp-content\\\/uploads\\\/2025\\\/05\\\/Comunicacio.png\",\"articleSection\":[\"Actualidad\",\"Blog\",\"Comunicaci\u00f3n\"],\"inLanguage\":\"es\"},{\"@type\":\"WebPage\",\"@id\":\"https:\\\/\\\/suport.fundesplai.org\\\/es\\\/blog-es\\\/comunicacion\\\/mi-entidad-tiene-un-proyecto-como-lo-doy-a-conocer\\\/\",\"url\":\"https:\\\/\\\/suport.fundesplai.org\\\/es\\\/blog-es\\\/comunicacion\\\/mi-entidad-tiene-un-proyecto-como-lo-doy-a-conocer\\\/\",\"name\":\"Mi entidad tiene un proyecto, \u00bfc\u00f3mo lo doy a conocer? - Suport Tercer Sector - Fundesplai\",\"isPartOf\":{\"@id\":\"https:\\\/\\\/suport.fundesplai.org\\\/es\\\/#website\"},\"primaryImageOfPage\":{\"@id\":\"https:\\\/\\\/suport.fundesplai.org\\\/es\\\/blog-es\\\/comunicacion\\\/mi-entidad-tiene-un-proyecto-como-lo-doy-a-conocer\\\/#primaryimage\"},\"image\":{\"@id\":\"https:\\\/\\\/suport.fundesplai.org\\\/es\\\/blog-es\\\/comunicacion\\\/mi-entidad-tiene-un-proyecto-como-lo-doy-a-conocer\\\/#primaryimage\"},\"thumbnailUrl\":\"https:\\\/\\\/suport.fundesplai.org\\\/wp-content\\\/uploads\\\/2025\\\/05\\\/Comunicacio.png\",\"datePublished\":\"2025-05-08T11:46:51+00:00\",\"dateModified\":\"2025-05-08T12:00:36+00:00\",\"description\":\"La comunicaci\u00f3n es importante para las entidades, es importante saber c\u00f3mo llegar al m\u00e1ximo de personas para poder hacer realidad sus objetivos.\",\"breadcrumb\":{\"@id\":\"https:\\\/\\\/suport.fundesplai.org\\\/es\\\/blog-es\\\/comunicacion\\\/mi-entidad-tiene-un-proyecto-como-lo-doy-a-conocer\\\/#breadcrumb\"},\"inLanguage\":\"es\",\"potentialAction\":[{\"@type\":\"ReadAction\",\"target\":[\"https:\\\/\\\/suport.fundesplai.org\\\/es\\\/blog-es\\\/comunicacion\\\/mi-entidad-tiene-un-proyecto-como-lo-doy-a-conocer\\\/\"]}]},{\"@type\":\"ImageObject\",\"inLanguage\":\"es\",\"@id\":\"https:\\\/\\\/suport.fundesplai.org\\\/es\\\/blog-es\\\/comunicacion\\\/mi-entidad-tiene-un-proyecto-como-lo-doy-a-conocer\\\/#primaryimage\",\"url\":\"https:\\\/\\\/suport.fundesplai.org\\\/wp-content\\\/uploads\\\/2025\\\/05\\\/Comunicacio.png\",\"contentUrl\":\"https:\\\/\\\/suport.fundesplai.org\\\/wp-content\\\/uploads\\\/2025\\\/05\\\/Comunicacio.png\",\"width\":1888,\"height\":900,\"caption\":\"Entitats i comunicaci\u00f3\"},{\"@type\":\"BreadcrumbList\",\"@id\":\"https:\\\/\\\/suport.fundesplai.org\\\/es\\\/blog-es\\\/comunicacion\\\/mi-entidad-tiene-un-proyecto-como-lo-doy-a-conocer\\\/#breadcrumb\",\"itemListElement\":[{\"@type\":\"ListItem\",\"position\":1,\"name\":\"Inici\",\"item\":\"https:\\\/\\\/suport.fundesplai.org\\\/es\\\/\"},{\"@type\":\"ListItem\",\"position\":2,\"name\":\"Blog\",\"item\":\"https:\\\/\\\/suport.fundesplai.org\\\/es\\\/blog-es\\\/\"},{\"@type\":\"ListItem\",\"position\":3,\"name\":\"Comunicaci\u00f3n\",\"item\":\"https:\\\/\\\/suport.fundesplai.org\\\/es\\\/blog-es\\\/comunicacion\\\/\"},{\"@type\":\"ListItem\",\"position\":4,\"name\":\"Mi entidad tiene un proyecto, \u00bfc\u00f3mo lo doy a conocer?\"}]},{\"@type\":\"WebSite\",\"@id\":\"https:\\\/\\\/suport.fundesplai.org\\\/es\\\/#website\",\"url\":\"https:\\\/\\\/suport.fundesplai.org\\\/es\\\/\",\"name\":\"Suport Tercer Sector - Fundesplai\",\"description\":\"Gesti\u00f3n de asociaciones y fundaciones\",\"publisher\":{\"@id\":\"https:\\\/\\\/suport.fundesplai.org\\\/es\\\/#organization\"},\"potentialAction\":[{\"@type\":\"SearchAction\",\"target\":{\"@type\":\"EntryPoint\",\"urlTemplate\":\"https:\\\/\\\/suport.fundesplai.org\\\/es\\\/?s={search_term_string}\"},\"query-input\":{\"@type\":\"PropertyValueSpecification\",\"valueRequired\":true,\"valueName\":\"search_term_string\"}}],\"inLanguage\":\"es\"},{\"@type\":\"Organization\",\"@id\":\"https:\\\/\\\/suport.fundesplai.org\\\/es\\\/#organization\",\"name\":\"Suport Tercer Sector de Fundesplai per entitats i associacions\",\"url\":\"https:\\\/\\\/suport.fundesplai.org\\\/es\\\/\",\"logo\":{\"@type\":\"ImageObject\",\"inLanguage\":\"es\",\"@id\":\"https:\\\/\\\/suport.fundesplai.org\\\/es\\\/#\\\/schema\\\/logo\\\/image\\\/\",\"url\":\"https:\\\/\\\/suport.fundesplai.org\\\/wp-content\\\/uploads\\\/2019\\\/08\\\/lgo-suport-tercer-sector-fe-2.png\",\"contentUrl\":\"https:\\\/\\\/suport.fundesplai.org\\\/wp-content\\\/uploads\\\/2019\\\/08\\\/lgo-suport-tercer-sector-fe-2.png\",\"width\":300,\"height\":141,\"caption\":\"Suport Tercer Sector de Fundesplai per entitats i associacions\"},\"image\":{\"@id\":\"https:\\\/\\\/suport.fundesplai.org\\\/es\\\/#\\\/schema\\\/logo\\\/image\\\/\"},\"sameAs\":[\"https:\\\/\\\/www.facebook.com\\\/Fundesplai\\\/\",\"https:\\\/\\\/x.com\\\/suport_org\",\"https:\\\/\\\/www.instagram.com\\\/fundesplai\\\/\",\"https:\\\/\\\/www.linkedin.com\\\/company\\\/fundesplai\",\"https:\\\/\\\/www.youtube.com\\\/channel\\\/UCGaevIfQeecUHeWq1m-WLYw\",\"https:\\\/\\\/ca.wikipedia.org\\\/wiki\\\/Fundaci\u00f3_Catalana_de_l'Esplai\"]},{\"@type\":\"Person\",\"@id\":\"https:\\\/\\\/suport.fundesplai.org\\\/es\\\/#\\\/schema\\\/person\\\/0ff031aadbf63e105539f995878f9224\",\"name\":\"oscar.loro\",\"image\":{\"@type\":\"ImageObject\",\"inLanguage\":\"es\",\"@id\":\"https:\\\/\\\/secure.gravatar.com\\\/avatar\\\/260a90b74d9872fae55664a1b14c1f343fa55f9884bce60c10a0fc4a1d0a53b7?s=96&d=monsterid&r=g\",\"url\":\"https:\\\/\\\/secure.gravatar.com\\\/avatar\\\/260a90b74d9872fae55664a1b14c1f343fa55f9884bce60c10a0fc4a1d0a53b7?s=96&d=monsterid&r=g\",\"contentUrl\":\"https:\\\/\\\/secure.gravatar.com\\\/avatar\\\/260a90b74d9872fae55664a1b14c1f343fa55f9884bce60c10a0fc4a1d0a53b7?s=96&d=monsterid&r=g\",\"caption\":\"oscar.loro\"},\"url\":\"https:\\\/\\\/suport.fundesplai.org\\\/es\\\/author\\\/oscar-loro\\\/\"}]}<\/script>\n<!-- \/ Yoast SEO plugin. -->","yoast_head_json":{"title":"Mi entidad tiene un proyecto, \u00bfc\u00f3mo lo doy a conocer? - Suport Tercer Sector - Fundesplai","description":"La comunicaci\u00f3n es importante para las entidades, es importante saber c\u00f3mo llegar al m\u00e1ximo de personas para poder hacer realidad sus objetivos.","robots":{"index":"index","follow":"follow","max-snippet":"max-snippet:-1","max-image-preview":"max-image-preview:large","max-video-preview":"max-video-preview:-1"},"canonical":"https:\/\/suport.fundesplai.org\/es\/blog-es\/comunicacion\/mi-entidad-tiene-un-proyecto-como-lo-doy-a-conocer\/","og_locale":"es_ES","og_type":"article","og_title":"Mi entidad tiene un proyecto, \u00bfc\u00f3mo lo doy a conocer? - Suport Tercer Sector - Fundesplai","og_description":"La comunicaci\u00f3n es importante para las entidades, es importante saber c\u00f3mo llegar al m\u00e1ximo de personas para poder hacer realidad sus objetivos.","og_url":"https:\/\/suport.fundesplai.org\/es\/blog-es\/comunicacion\/mi-entidad-tiene-un-proyecto-como-lo-doy-a-conocer\/","og_site_name":"Suport Tercer Sector - Fundesplai","article_publisher":"https:\/\/www.facebook.com\/Fundesplai\/","article_published_time":"2025-05-08T11:46:51+00:00","article_modified_time":"2025-05-08T12:00:36+00:00","og_image":[{"width":1888,"height":900,"url":"https:\/\/suport.fundesplai.org\/wp-content\/uploads\/2025\/05\/Comunicacio.png","type":"image\/png"}],"author":"oscar.loro","twitter_card":"summary_large_image","twitter_creator":"@suport_org","twitter_site":"@suport_org","twitter_misc":{"Escrito por":"oscar.loro","Tiempo de lectura":"3 minutos"},"schema":{"@context":"https:\/\/schema.org","@graph":[{"@type":"Article","@id":"https:\/\/suport.fundesplai.org\/es\/blog-es\/comunicacion\/mi-entidad-tiene-un-proyecto-como-lo-doy-a-conocer\/#article","isPartOf":{"@id":"https:\/\/suport.fundesplai.org\/es\/blog-es\/comunicacion\/mi-entidad-tiene-un-proyecto-como-lo-doy-a-conocer\/"},"author":{"name":"oscar.loro","@id":"https:\/\/suport.fundesplai.org\/es\/#\/schema\/person\/0ff031aadbf63e105539f995878f9224"},"headline":"Mi entidad tiene un proyecto, \u00bfc\u00f3mo lo doy a conocer?","datePublished":"2025-05-08T11:46:51+00:00","dateModified":"2025-05-08T12:00:36+00:00","mainEntityOfPage":{"@id":"https:\/\/suport.fundesplai.org\/es\/blog-es\/comunicacion\/mi-entidad-tiene-un-proyecto-como-lo-doy-a-conocer\/"},"wordCount":643,"publisher":{"@id":"https:\/\/suport.fundesplai.org\/es\/#organization"},"image":{"@id":"https:\/\/suport.fundesplai.org\/es\/blog-es\/comunicacion\/mi-entidad-tiene-un-proyecto-como-lo-doy-a-conocer\/#primaryimage"},"thumbnailUrl":"https:\/\/suport.fundesplai.org\/wp-content\/uploads\/2025\/05\/Comunicacio.png","articleSection":["Actualidad","Blog","Comunicaci\u00f3n"],"inLanguage":"es"},{"@type":"WebPage","@id":"https:\/\/suport.fundesplai.org\/es\/blog-es\/comunicacion\/mi-entidad-tiene-un-proyecto-como-lo-doy-a-conocer\/","url":"https:\/\/suport.fundesplai.org\/es\/blog-es\/comunicacion\/mi-entidad-tiene-un-proyecto-como-lo-doy-a-conocer\/","name":"Mi entidad tiene un proyecto, \u00bfc\u00f3mo lo doy a conocer? - Suport Tercer Sector - Fundesplai","isPartOf":{"@id":"https:\/\/suport.fundesplai.org\/es\/#website"},"primaryImageOfPage":{"@id":"https:\/\/suport.fundesplai.org\/es\/blog-es\/comunicacion\/mi-entidad-tiene-un-proyecto-como-lo-doy-a-conocer\/#primaryimage"},"image":{"@id":"https:\/\/suport.fundesplai.org\/es\/blog-es\/comunicacion\/mi-entidad-tiene-un-proyecto-como-lo-doy-a-conocer\/#primaryimage"},"thumbnailUrl":"https:\/\/suport.fundesplai.org\/wp-content\/uploads\/2025\/05\/Comunicacio.png","datePublished":"2025-05-08T11:46:51+00:00","dateModified":"2025-05-08T12:00:36+00:00","description":"La comunicaci\u00f3n es importante para las entidades, es importante saber c\u00f3mo llegar al m\u00e1ximo de personas para poder hacer realidad sus objetivos.","breadcrumb":{"@id":"https:\/\/suport.fundesplai.org\/es\/blog-es\/comunicacion\/mi-entidad-tiene-un-proyecto-como-lo-doy-a-conocer\/#breadcrumb"},"inLanguage":"es","potentialAction":[{"@type":"ReadAction","target":["https:\/\/suport.fundesplai.org\/es\/blog-es\/comunicacion\/mi-entidad-tiene-un-proyecto-como-lo-doy-a-conocer\/"]}]},{"@type":"ImageObject","inLanguage":"es","@id":"https:\/\/suport.fundesplai.org\/es\/blog-es\/comunicacion\/mi-entidad-tiene-un-proyecto-como-lo-doy-a-conocer\/#primaryimage","url":"https:\/\/suport.fundesplai.org\/wp-content\/uploads\/2025\/05\/Comunicacio.png","contentUrl":"https:\/\/suport.fundesplai.org\/wp-content\/uploads\/2025\/05\/Comunicacio.png","width":1888,"height":900,"caption":"Entitats i comunicaci\u00f3"},{"@type":"BreadcrumbList","@id":"https:\/\/suport.fundesplai.org\/es\/blog-es\/comunicacion\/mi-entidad-tiene-un-proyecto-como-lo-doy-a-conocer\/#breadcrumb","itemListElement":[{"@type":"ListItem","position":1,"name":"Inici","item":"https:\/\/suport.fundesplai.org\/es\/"},{"@type":"ListItem","position":2,"name":"Blog","item":"https:\/\/suport.fundesplai.org\/es\/blog-es\/"},{"@type":"ListItem","position":3,"name":"Comunicaci\u00f3n","item":"https:\/\/suport.fundesplai.org\/es\/blog-es\/comunicacion\/"},{"@type":"ListItem","position":4,"name":"Mi entidad tiene un proyecto, \u00bfc\u00f3mo lo doy a conocer?"}]},{"@type":"WebSite","@id":"https:\/\/suport.fundesplai.org\/es\/#website","url":"https:\/\/suport.fundesplai.org\/es\/","name":"Suport Tercer Sector - Fundesplai","description":"Gesti\u00f3n de asociaciones y fundaciones","publisher":{"@id":"https:\/\/suport.fundesplai.org\/es\/#organization"},"potentialAction":[{"@type":"SearchAction","target":{"@type":"EntryPoint","urlTemplate":"https:\/\/suport.fundesplai.org\/es\/?s={search_term_string}"},"query-input":{"@type":"PropertyValueSpecification","valueRequired":true,"valueName":"search_term_string"}}],"inLanguage":"es"},{"@type":"Organization","@id":"https:\/\/suport.fundesplai.org\/es\/#organization","name":"Suport Tercer Sector de Fundesplai per entitats i associacions","url":"https:\/\/suport.fundesplai.org\/es\/","logo":{"@type":"ImageObject","inLanguage":"es","@id":"https:\/\/suport.fundesplai.org\/es\/#\/schema\/logo\/image\/","url":"https:\/\/suport.fundesplai.org\/wp-content\/uploads\/2019\/08\/lgo-suport-tercer-sector-fe-2.png","contentUrl":"https:\/\/suport.fundesplai.org\/wp-content\/uploads\/2019\/08\/lgo-suport-tercer-sector-fe-2.png","width":300,"height":141,"caption":"Suport Tercer Sector de Fundesplai per entitats i associacions"},"image":{"@id":"https:\/\/suport.fundesplai.org\/es\/#\/schema\/logo\/image\/"},"sameAs":["https:\/\/www.facebook.com\/Fundesplai\/","https:\/\/x.com\/suport_org","https:\/\/www.instagram.com\/fundesplai\/","https:\/\/www.linkedin.com\/company\/fundesplai","https:\/\/www.youtube.com\/channel\/UCGaevIfQeecUHeWq1m-WLYw","https:\/\/ca.wikipedia.org\/wiki\/Fundaci\u00f3_Catalana_de_l'Esplai"]},{"@type":"Person","@id":"https:\/\/suport.fundesplai.org\/es\/#\/schema\/person\/0ff031aadbf63e105539f995878f9224","name":"oscar.loro","image":{"@type":"ImageObject","inLanguage":"es","@id":"https:\/\/secure.gravatar.com\/avatar\/260a90b74d9872fae55664a1b14c1f343fa55f9884bce60c10a0fc4a1d0a53b7?s=96&d=monsterid&r=g","url":"https:\/\/secure.gravatar.com\/avatar\/260a90b74d9872fae55664a1b14c1f343fa55f9884bce60c10a0fc4a1d0a53b7?s=96&d=monsterid&r=g","contentUrl":"https:\/\/secure.gravatar.com\/avatar\/260a90b74d9872fae55664a1b14c1f343fa55f9884bce60c10a0fc4a1d0a53b7?s=96&d=monsterid&r=g","caption":"oscar.loro"},"url":"https:\/\/suport.fundesplai.org\/es\/author\/oscar-loro\/"}]}},"_links":{"self":[{"href":"https:\/\/suport.fundesplai.org\/es\/wp-json\/wp\/v2\/posts\/32443","targetHints":{"allow":["GET"]}}],"collection":[{"href":"https:\/\/suport.fundesplai.org\/es\/wp-json\/wp\/v2\/posts"}],"about":[{"href":"https:\/\/suport.fundesplai.org\/es\/wp-json\/wp\/v2\/types\/post"}],"author":[{"embeddable":true,"href":"https:\/\/suport.fundesplai.org\/es\/wp-json\/wp\/v2\/users\/402"}],"replies":[{"embeddable":true,"href":"https:\/\/suport.fundesplai.org\/es\/wp-json\/wp\/v2\/comments?post=32443"}],"version-history":[{"count":6,"href":"https:\/\/suport.fundesplai.org\/es\/wp-json\/wp\/v2\/posts\/32443\/revisions"}],"predecessor-version":[{"id":32451,"href":"https:\/\/suport.fundesplai.org\/es\/wp-json\/wp\/v2\/posts\/32443\/revisions\/32451"}],"wp:featuredmedia":[{"embeddable":true,"href":"https:\/\/suport.fundesplai.org\/es\/wp-json\/wp\/v2\/media\/32431"}],"wp:attachment":[{"href":"https:\/\/suport.fundesplai.org\/es\/wp-json\/wp\/v2\/media?parent=32443"}],"wp:term":[{"taxonomy":"category","embeddable":true,"href":"https:\/\/suport.fundesplai.org\/es\/wp-json\/wp\/v2\/categories?post=32443"},{"taxonomy":"post_tag","embeddable":true,"href":"https:\/\/suport.fundesplai.org\/es\/wp-json\/wp\/v2\/tags?post=32443"}],"curies":[{"name":"wp","href":"https:\/\/api.w.org\/{rel}","templated":true}]}}