{"id":35469,"date":"2026-03-25T16:29:51","date_gmt":"2026-03-25T15:29:51","guid":{"rendered":"https:\/\/suport.fundesplai.org\/?p=35469"},"modified":"2026-04-21T16:32:46","modified_gmt":"2026-04-21T14:32:46","slug":"periodo-de-prueba-buenas-practicas-para-una-gestion-segura-en-las-entidades","status":"publish","type":"post","link":"https:\/\/suport.fundesplai.org\/es\/blog-es\/laboral-es\/periodo-de-prueba-buenas-practicas-para-una-gestion-segura-en-las-entidades\/","title":{"rendered":"Periodo de prueba: buenas pr\u00e1cticas para una gesti\u00f3n segura en las entidades"},"content":{"rendered":"<p>[et_pb_section fb_built=\u00bb1&#8243; _builder_version=\u00bb4.27.4&#8243; _module_preset=\u00bbdefault\u00bb global_colors_info=\u00bb{}\u00bb][et_pb_row _builder_version=\u00bb4.27.4&#8243; _module_preset=\u00bbdefault\u00bb global_colors_info=\u00bb{}\u00bb][et_pb_column type=\u00bb4_4&#8243; _builder_version=\u00bb4.27.4&#8243; _module_preset=\u00bbdefault\u00bb global_colors_info=\u00bb{}\u00bb][et_pb_text _builder_version=\u00bb4.27.5&#8243; _module_preset=\u00bbdefault\u00bb global_colors_info=\u00bb{}\u00bb]<\/p>\n<p class=\"pf0\"><span data-ccp-props=\"{}\"><!--StartFragment --><\/span><\/p>\n<div class=\"block block-field_resource_summary\">\n<div class=\"content\">\n<div class=\"field-resource-summary field-type-text-long field-label-hidden field-value\">\n<p><span class=\"cf0\">El per\u00edodo de prueba es una herramienta \u00fatil en la contrataci\u00f3n, siempre que se aplique correctamente para evitar riesgos.<\/span> Si necesita ayuda con la <a href=\"https:\/\/suport.fundesplai.org\/es\/servicios\/laboral\/\" target=\"_blank\" rel=\"noopener\">gesti\u00f3n laboral<\/a> de tu entidad contacta con nosotros.<\/p>\n<\/div>\n<\/div>\n<\/div>\n<p>[\/et_pb_text][et_pb_button button_text=\u00bb\u00a1Contacta con nosotros!\u00bb button_alignment=\u00bbcenter\u00bb _builder_version=\u00bb4.27.4&#8243; _module_preset=\u00bbdefault\u00bb custom_margin=\u00bb30px||||false|false\u00bb global_colors_info=\u00bb{}\u00bb][\/et_pb_button][et_pb_text _builder_version=\u00bb4.27.5&#8243; _module_preset=\u00bbdefault\u00bb custom_margin=\u00bb30px||||false|false\u00bb global_colors_info=\u00bb{}\u00bb]<\/p>\n<div class=\"block block-body\">\n<div class=\"content\">\n<div class=\"field-body field-type-text-with-summary field-label-hidden field-value\">\n<p>El incremento de las actuaciones de la <strong style=\"font-weight: 500;\">Inspecci\u00f3n de Trabajo<\/strong> sobre el uso del <strong style=\"font-weight: 500;\">per\u00edodo de prueba<\/strong> est\u00e1 poniendo el foco en posibles <strong style=\"font-weight: 500;\">situaciones de fraude laboral<\/strong> . Esta tendencia afecta especialmente a entidades y organizaciones que, ante las limitaciones de la contrataci\u00f3n temporal, recurren al contrato indefinido con una gesti\u00f3n incorrecta de este per\u00edodo inicial.<\/p>\n<p>En este contexto, es esencial conocer <strong style=\"font-weight: 500;\">cu\u00e1ndo es legal utilizar el per\u00edodo de prueba<\/strong> , qu\u00e9 pr\u00e1cticas pueden ser consideradas <strong style=\"font-weight: 500;\">irregulares<\/strong> y qu\u00e9 medidas deben adoptarse para evitar <strong style=\"font-weight: 500;\">sanciones econ\u00f3micas<\/strong> o conflictos laborales.<\/p>\n<h3>Qu\u00e9 es el per\u00edodo de prueba y qu\u00e9 uso pueden hacer las entidades<\/h3>\n<p>El <strong style=\"font-weight: 500;\">per\u00edodo de prueba<\/strong> es un tiempo inicial de la relaci\u00f3n laboral que permite a la organizaci\u00f3n valorar la adecuaci\u00f3n de la persona trabajadora al puesto de trabajo. Durante este per\u00edodo, podr\u00e1 <strong style=\"font-weight: 500;\">extinguirse el contrato sin indemnizaci\u00f3n<\/strong> ni necesidad de alegar causa, siempre que se respete la normativa.<\/p>\n<p>Ahora bien, este mecanismo tiene <strong style=\"font-weight: 500;\">l\u00edmites legales claros<\/strong> . No puede establecerse si la persona ya ha desarrollado las <strong style=\"font-weight: 500;\">mismas funciones<\/strong> previamente en la entidad, independientemente del tipo de contrato anterior. Tampoco se puede utilizar con <strong style=\"font-weight: 500;\">fines distintos<\/strong> a la evaluaci\u00f3n profesional.<\/p>\n<p>Hacer un uso correcto del per\u00edodo de prueba implica que exista una <strong style=\"font-weight: 500;\">evaluaci\u00f3n real del rendimiento<\/strong> , con seguimiento y coherencia con las funciones del puesto de trabajo.<\/p>\n<h3>Pr\u00e1cticas fraudulentas detectadas por la Inspecci\u00f3n de Trabajo<\/h3>\n<p>La <a href=\"https:\/\/oeitss.gob.es\/va\/inicio\">Inspecci\u00f3n de Trabajo y Seguridad Social<\/a> ha identificado un incremento de pr\u00e1cticas irregulares vinculadas al <strong style=\"font-weight: 500;\">per\u00edodo de prueba<\/strong> , especialmente despu\u00e9s de la reforma laboral. Una de las m\u00e1s habituales es utilizar el contrato indefinido para cubrir necesidades temporales y extinguirlo antes de finalizar el per\u00edodo de prueba.<\/p>\n<p>Tambi\u00e9n se consideran indicios de fraude la <strong style=\"font-weight: 500;\">rotaci\u00f3n reiterada de personal<\/strong> en un mismo lugar, la finalizaci\u00f3n sistem\u00e1tica de los <a href=\"https:\/\/xarxanet.org\/juridic\/recursos\/tipus-de-contractes-laborals\">contratos<\/a> en los \u00faltimos d\u00edas del per\u00edodo o la falta de justificaci\u00f3n de la evaluaci\u00f3n realizada. Estos patrones pueden evidenciar un uso indebido de la figura contractual.<\/p>\n<p>Adem\u00e1s, es irregular establecer un per\u00edodo de prueba cuando la persona ya conoce el puesto de trabajo o no documentar ning\u00fan tipo de seguimiento durante este tiempo.<\/p>\n<h3>C\u00f3mo evitar sanciones y garantizar una contrataci\u00f3n adecuada<\/h3>\n<p>Para reducir riesgos, las entidades deben adoptar medidas que aseguren un uso correcto del <strong style=\"font-weight: 500;\">per\u00edodo de prueba<\/strong> . En primer lugar, es necesario justificar la necesidad de contrataci\u00f3n y escoger el tipo de contrato adecuado seg\u00fan la naturaleza de la actividad.<\/p>\n<p>Es fundamental documentar el proceso de evaluaci\u00f3n, con evidencias del <strong style=\"font-weight: 500;\">seguimiento del rendimiento<\/strong> , feedback y posibles incidencias. Esta informaci\u00f3n puede ser clave en caso de inspecci\u00f3n.<\/p>\n<p>Tambi\u00e9n se recomienda evitar pr\u00e1cticas repetitivas de cese en per\u00edodo de prueba para un mismo puesto de trabajo y garantizar que las decisiones responden a criterios objetivos. En caso contrario, la entidad se expone a <strong style=\"font-weight: 500;\">sanciones econ\u00f3micas<\/strong> y reclamaciones por despido improcedente.<\/p>\n<\/div>\n<\/div>\n<\/div>\n<p><span data-teams=\"true\">Fuente: redactado por el equipo de Suport Tercer Sector en <a id=\"menur491\" class=\"fui-Link ___1q1shib f2hkw1w f3rmtva f1ewtqcl fyind8e f1k6fduh f1w7gpdv fk6fouc fjoy568 figsok6 f1s184ao f1mk8lai fnbmjn9 f1o700av f13mvf36 f1cmlufx f9n3di6 f1ids18y f1tx3yz7 f1deo86v f1eh06m1 f1iescvh fhgqx19 f1olyrje f1p93eir f1nev41a f1h8hb77 f1lqvz6u f10aw75t fsle3fq f17ae5zn\" title=\"https:\/\/xarxanet.org\/economic\/recursos\/com-demanar-el-nif-per-primer-cop\" href=\"https:\/\/xarxanet.org\/juridic\/recursos\/bones-practiques-gestionar-el-periode-de-prova-sense-riscos\" target=\"_blank\" rel=\"noreferrer noopener\" aria-label=\"Enlla\u00e7 Xarxanet\">Xarxanet<\/a>.<\/span><br \/>\n[\/et_pb_text][et_pb_divider _builder_version=\u00bb4.27.4&#8243; _module_preset=\u00bbdefault\u00bb custom_margin=\u00bb30px||||false|false\u00bb global_colors_info=\u00bb{}\u00bb][\/et_pb_divider][et_pb_text _builder_version=\u00bb4.27.5&#8243; _module_preset=\u00bbdefault\u00bb custom_margin=\u00bb30px||||false|false\u00bb global_colors_info=\u00bb{}\u00bb]<\/p>\n<h4>Otros contenidos relacionados:<\/h4>\n<ul>\n<li style=\"list-style-type: none;\">\n<ul>\n<li><a href=\"https:\/\/suport.fundesplai.org\/es\/?p=34632\">\u00bfC\u00f3mo afecta el Mecanismo de Equidad Intergeneracional a las entidades del tercer sector?<\/a><\/li>\n<li>\n<p class=\"entry-title\"><a href=\"https:\/\/suport.fundesplai.org\/blog\/laboral\/organitzacions-han-contractar-persones-amb-discapacitat-que-diu-la-llei-per-que-es-una-oportunitat\/\">Las organizaciones deben contratar a personas con discapacidad: qu\u00e9 dice la ley y por qu\u00e9 es una oportunidad<\/a><\/p>\n<\/li>\n<li>\n<p class=\"entry-title\"><a href=\"https:\/\/suport.fundesplai.org\/es\/blog-es\/laboral-es\/el-tsjc-abre-la-puerta-a-indemnizaciones-adicionales-por-despido-improcedente\/\" target=\"_blank\" rel=\"noopener\">El TSJC abre la puerta a indemnizaciones adicionales por despido improcedente<\/a><\/p>\n<\/li>\n<li>\n<p class=\"entry-title\"><a href=\"https:\/\/suport.fundesplai.org\/es\/blog-es\/laboral-es\/el-permiso-por-hospitalizacion-se-mantiene-despues-del-alta-hospitalaria\/\">El permiso por hospitalizaci\u00f3n: \u00bfse mantiene despu\u00e9s del alta hospitalaria?<\/a><\/p>\n<\/li>\n<\/ul>\n<\/li>\n<\/ul>\n<p>[\/et_pb_text][\/et_pb_column][\/et_pb_row][\/et_pb_section]<\/p>\n","protected":false},"excerpt":{"rendered":"<p>El per\u00edodo de prueba es una herramienta \u00fatil en la contrataci\u00f3n, siempre que se aplique correctamente para evitar riesgos.<\/p>\n","protected":false},"author":416,"featured_media":34294,"comment_status":"closed","ping_status":"closed","sticky":false,"template":"","format":"standard","meta":{"_et_pb_use_builder":"on","_et_pb_old_content":"","_et_gb_content_width":"","footnotes":""},"categories":[341,316],"tags":[327,662,528,310,282,665,570,281],"class_list":["post-35469","post","type-post","status-publish","format-standard","has-post-thumbnail","hentry","category-blog-es","category-laboral-es","tag-asesoramiento","tag-contractacio-es","tag-igualdad","tag-laboral-es","tag-normativa-es","tag-normativa-entitat-es","tag-suport-tercer-sector-es","tag-transparencia-es"],"yoast_head":"<!-- This site is optimized with the Yoast SEO plugin v27.4 - https:\/\/yoast.com\/product\/yoast-seo-wordpress\/ -->\n<title>Periodo de prueba: buenas pr\u00e1cticas para una gesti\u00f3n segura en las entidades - Suport Tercer Sector - Fundesplai<\/title>\n<meta name=\"description\" content=\"El per\u00edodo de prueba es una herramienta \u00fatil en la contrataci\u00f3n, siempre que se aplique correctamente para evitar riesgos.\" \/>\n<meta name=\"robots\" content=\"index, follow, max-snippet:-1, max-image-preview:large, max-video-preview:-1\" \/>\n<link rel=\"canonical\" href=\"https:\/\/suport.fundesplai.org\/es\/blog-es\/laboral-es\/periodo-de-prueba-buenas-practicas-para-una-gestion-segura-en-las-entidades\/\" \/>\n<meta property=\"og:locale\" content=\"es_ES\" \/>\n<meta property=\"og:type\" content=\"article\" \/>\n<meta property=\"og:title\" content=\"Periodo de prueba: buenas pr\u00e1cticas para una gesti\u00f3n segura en las entidades - Suport Tercer Sector - Fundesplai\" \/>\n<meta property=\"og:description\" content=\"El per\u00edodo de prueba es una herramienta \u00fatil en la contrataci\u00f3n, siempre que se aplique correctamente para evitar riesgos.\" \/>\n<meta property=\"og:url\" content=\"https:\/\/suport.fundesplai.org\/es\/blog-es\/laboral-es\/periodo-de-prueba-buenas-practicas-para-una-gestion-segura-en-las-entidades\/\" \/>\n<meta property=\"og:site_name\" content=\"Suport Tercer Sector - Fundesplai\" \/>\n<meta property=\"article:publisher\" content=\"https:\/\/www.facebook.com\/Fundesplai\/\" \/>\n<meta property=\"article:published_time\" content=\"2026-03-25T15:29:51+00:00\" \/>\n<meta property=\"article:modified_time\" content=\"2026-04-21T14:32:46+00:00\" \/>\n<meta property=\"og:image\" content=\"https:\/\/suport.fundesplai.org\/wp-content\/uploads\/2025\/11\/pexels-photo-9036980-scaled.jpeg\" \/>\n\t<meta property=\"og:image:width\" content=\"2560\" \/>\n\t<meta property=\"og:image:height\" content=\"1707\" \/>\n\t<meta property=\"og:image:type\" content=\"image\/jpeg\" \/>\n<meta name=\"author\" content=\"aina.galceran\" \/>\n<meta name=\"twitter:card\" content=\"summary_large_image\" \/>\n<meta name=\"twitter:creator\" content=\"@suport_org\" \/>\n<meta name=\"twitter:site\" content=\"@suport_org\" \/>\n<meta name=\"twitter:label1\" content=\"Escrito por\" \/>\n\t<meta name=\"twitter:data1\" content=\"aina.galceran\" \/>\n\t<meta name=\"twitter:label2\" content=\"Tiempo de lectura\" \/>\n\t<meta name=\"twitter:data2\" content=\"3 minutos\" \/>\n<script type=\"application\/ld+json\" class=\"yoast-schema-graph\">{\"@context\":\"https:\\\/\\\/schema.org\",\"@graph\":[{\"@type\":\"Article\",\"@id\":\"https:\\\/\\\/suport.fundesplai.org\\\/es\\\/blog-es\\\/laboral-es\\\/periodo-de-prueba-buenas-practicas-para-una-gestion-segura-en-las-entidades\\\/#article\",\"isPartOf\":{\"@id\":\"https:\\\/\\\/suport.fundesplai.org\\\/es\\\/blog-es\\\/laboral-es\\\/periodo-de-prueba-buenas-practicas-para-una-gestion-segura-en-las-entidades\\\/\"},\"author\":{\"name\":\"aina.galceran\",\"@id\":\"https:\\\/\\\/suport.fundesplai.org\\\/es\\\/#\\\/schema\\\/person\\\/2902d6069eec22bcad2830df54b34376\"},\"headline\":\"Periodo de prueba: buenas pr\u00e1cticas para una gesti\u00f3n segura en las entidades\",\"datePublished\":\"2026-03-25T15:29:51+00:00\",\"dateModified\":\"2026-04-21T14:32:46+00:00\",\"mainEntityOfPage\":{\"@id\":\"https:\\\/\\\/suport.fundesplai.org\\\/es\\\/blog-es\\\/laboral-es\\\/periodo-de-prueba-buenas-practicas-para-una-gestion-segura-en-las-entidades\\\/\"},\"wordCount\":774,\"publisher\":{\"@id\":\"https:\\\/\\\/suport.fundesplai.org\\\/es\\\/#organization\"},\"image\":{\"@id\":\"https:\\\/\\\/suport.fundesplai.org\\\/es\\\/blog-es\\\/laboral-es\\\/periodo-de-prueba-buenas-practicas-para-una-gestion-segura-en-las-entidades\\\/#primaryimage\"},\"thumbnailUrl\":\"https:\\\/\\\/suport.fundesplai.org\\\/wp-content\\\/uploads\\\/2025\\\/11\\\/pexels-photo-9036980-scaled.jpeg\",\"keywords\":[\"asesoramiento\",\"contractaci\u00f3\",\"igualdad\",\"Laboral\",\"normativa\",\"normativa entitat\",\"suport tercer sector\",\"transparencia\"],\"articleSection\":[\"Blog\",\"Laboral\"],\"inLanguage\":\"es\"},{\"@type\":\"WebPage\",\"@id\":\"https:\\\/\\\/suport.fundesplai.org\\\/es\\\/blog-es\\\/laboral-es\\\/periodo-de-prueba-buenas-practicas-para-una-gestion-segura-en-las-entidades\\\/\",\"url\":\"https:\\\/\\\/suport.fundesplai.org\\\/es\\\/blog-es\\\/laboral-es\\\/periodo-de-prueba-buenas-practicas-para-una-gestion-segura-en-las-entidades\\\/\",\"name\":\"Periodo de prueba: buenas pr\u00e1cticas para una gesti\u00f3n segura en las entidades - Suport Tercer Sector - Fundesplai\",\"isPartOf\":{\"@id\":\"https:\\\/\\\/suport.fundesplai.org\\\/es\\\/#website\"},\"primaryImageOfPage\":{\"@id\":\"https:\\\/\\\/suport.fundesplai.org\\\/es\\\/blog-es\\\/laboral-es\\\/periodo-de-prueba-buenas-practicas-para-una-gestion-segura-en-las-entidades\\\/#primaryimage\"},\"image\":{\"@id\":\"https:\\\/\\\/suport.fundesplai.org\\\/es\\\/blog-es\\\/laboral-es\\\/periodo-de-prueba-buenas-practicas-para-una-gestion-segura-en-las-entidades\\\/#primaryimage\"},\"thumbnailUrl\":\"https:\\\/\\\/suport.fundesplai.org\\\/wp-content\\\/uploads\\\/2025\\\/11\\\/pexels-photo-9036980-scaled.jpeg\",\"datePublished\":\"2026-03-25T15:29:51+00:00\",\"dateModified\":\"2026-04-21T14:32:46+00:00\",\"description\":\"El per\u00edodo de prueba es una herramienta \u00fatil en la contrataci\u00f3n, siempre que se aplique correctamente para evitar riesgos.\",\"breadcrumb\":{\"@id\":\"https:\\\/\\\/suport.fundesplai.org\\\/es\\\/blog-es\\\/laboral-es\\\/periodo-de-prueba-buenas-practicas-para-una-gestion-segura-en-las-entidades\\\/#breadcrumb\"},\"inLanguage\":\"es\",\"potentialAction\":[{\"@type\":\"ReadAction\",\"target\":[\"https:\\\/\\\/suport.fundesplai.org\\\/es\\\/blog-es\\\/laboral-es\\\/periodo-de-prueba-buenas-practicas-para-una-gestion-segura-en-las-entidades\\\/\"]}]},{\"@type\":\"ImageObject\",\"inLanguage\":\"es\",\"@id\":\"https:\\\/\\\/suport.fundesplai.org\\\/es\\\/blog-es\\\/laboral-es\\\/periodo-de-prueba-buenas-practicas-para-una-gestion-segura-en-las-entidades\\\/#primaryimage\",\"url\":\"https:\\\/\\\/suport.fundesplai.org\\\/wp-content\\\/uploads\\\/2025\\\/11\\\/pexels-photo-9036980-scaled.jpeg\",\"contentUrl\":\"https:\\\/\\\/suport.fundesplai.org\\\/wp-content\\\/uploads\\\/2025\\\/11\\\/pexels-photo-9036980-scaled.jpeg\",\"width\":2560,\"height\":1707},{\"@type\":\"BreadcrumbList\",\"@id\":\"https:\\\/\\\/suport.fundesplai.org\\\/es\\\/blog-es\\\/laboral-es\\\/periodo-de-prueba-buenas-practicas-para-una-gestion-segura-en-las-entidades\\\/#breadcrumb\",\"itemListElement\":[{\"@type\":\"ListItem\",\"position\":1,\"name\":\"Inici\",\"item\":\"https:\\\/\\\/suport.fundesplai.org\\\/es\\\/\"},{\"@type\":\"ListItem\",\"position\":2,\"name\":\"Blog\",\"item\":\"https:\\\/\\\/suport.fundesplai.org\\\/es\\\/blog-es\\\/\"},{\"@type\":\"ListItem\",\"position\":3,\"name\":\"Laboral\",\"item\":\"https:\\\/\\\/suport.fundesplai.org\\\/es\\\/blog-es\\\/laboral-es\\\/\"},{\"@type\":\"ListItem\",\"position\":4,\"name\":\"Periodo de prueba: buenas pr\u00e1cticas para una gesti\u00f3n segura en las entidades\"}]},{\"@type\":\"WebSite\",\"@id\":\"https:\\\/\\\/suport.fundesplai.org\\\/es\\\/#website\",\"url\":\"https:\\\/\\\/suport.fundesplai.org\\\/es\\\/\",\"name\":\"Suport Tercer Sector - Fundesplai\",\"description\":\"Gesti\u00f3n de asociaciones y fundaciones\",\"publisher\":{\"@id\":\"https:\\\/\\\/suport.fundesplai.org\\\/es\\\/#organization\"},\"potentialAction\":[{\"@type\":\"SearchAction\",\"target\":{\"@type\":\"EntryPoint\",\"urlTemplate\":\"https:\\\/\\\/suport.fundesplai.org\\\/es\\\/?s={search_term_string}\"},\"query-input\":{\"@type\":\"PropertyValueSpecification\",\"valueRequired\":true,\"valueName\":\"search_term_string\"}}],\"inLanguage\":\"es\"},{\"@type\":\"Organization\",\"@id\":\"https:\\\/\\\/suport.fundesplai.org\\\/es\\\/#organization\",\"name\":\"Suport Tercer Sector de Fundesplai per entitats i associacions\",\"url\":\"https:\\\/\\\/suport.fundesplai.org\\\/es\\\/\",\"logo\":{\"@type\":\"ImageObject\",\"inLanguage\":\"es\",\"@id\":\"https:\\\/\\\/suport.fundesplai.org\\\/es\\\/#\\\/schema\\\/logo\\\/image\\\/\",\"url\":\"https:\\\/\\\/suport.fundesplai.org\\\/wp-content\\\/uploads\\\/2019\\\/08\\\/lgo-suport-tercer-sector-fe-2.png\",\"contentUrl\":\"https:\\\/\\\/suport.fundesplai.org\\\/wp-content\\\/uploads\\\/2019\\\/08\\\/lgo-suport-tercer-sector-fe-2.png\",\"width\":300,\"height\":141,\"caption\":\"Suport Tercer Sector de Fundesplai per entitats i associacions\"},\"image\":{\"@id\":\"https:\\\/\\\/suport.fundesplai.org\\\/es\\\/#\\\/schema\\\/logo\\\/image\\\/\"},\"sameAs\":[\"https:\\\/\\\/www.facebook.com\\\/Fundesplai\\\/\",\"https:\\\/\\\/x.com\\\/suport_org\",\"https:\\\/\\\/www.instagram.com\\\/fundesplai\\\/\",\"https:\\\/\\\/www.linkedin.com\\\/company\\\/fundesplai\",\"https:\\\/\\\/www.youtube.com\\\/channel\\\/UCGaevIfQeecUHeWq1m-WLYw\",\"https:\\\/\\\/ca.wikipedia.org\\\/wiki\\\/Fundaci\u00f3_Catalana_de_l'Esplai\"]},{\"@type\":\"Person\",\"@id\":\"https:\\\/\\\/suport.fundesplai.org\\\/es\\\/#\\\/schema\\\/person\\\/2902d6069eec22bcad2830df54b34376\",\"name\":\"aina.galceran\",\"image\":{\"@type\":\"ImageObject\",\"inLanguage\":\"es\",\"@id\":\"https:\\\/\\\/secure.gravatar.com\\\/avatar\\\/85207edde0725a27fe22372aca83128037136e9f5d656afa91335eca14c0a5d3?s=96&d=monsterid&r=g\",\"url\":\"https:\\\/\\\/secure.gravatar.com\\\/avatar\\\/85207edde0725a27fe22372aca83128037136e9f5d656afa91335eca14c0a5d3?s=96&d=monsterid&r=g\",\"contentUrl\":\"https:\\\/\\\/secure.gravatar.com\\\/avatar\\\/85207edde0725a27fe22372aca83128037136e9f5d656afa91335eca14c0a5d3?s=96&d=monsterid&r=g\",\"caption\":\"aina.galceran\"},\"url\":\"https:\\\/\\\/suport.fundesplai.org\\\/es\\\/author\\\/aina-galceran\\\/\"}]}<\/script>\n<!-- \/ Yoast SEO plugin. -->","yoast_head_json":{"title":"Periodo de prueba: buenas pr\u00e1cticas para una gesti\u00f3n segura en las entidades - Suport Tercer Sector - Fundesplai","description":"El per\u00edodo de prueba es una herramienta \u00fatil en la contrataci\u00f3n, siempre que se aplique correctamente para evitar riesgos.","robots":{"index":"index","follow":"follow","max-snippet":"max-snippet:-1","max-image-preview":"max-image-preview:large","max-video-preview":"max-video-preview:-1"},"canonical":"https:\/\/suport.fundesplai.org\/es\/blog-es\/laboral-es\/periodo-de-prueba-buenas-practicas-para-una-gestion-segura-en-las-entidades\/","og_locale":"es_ES","og_type":"article","og_title":"Periodo de prueba: buenas pr\u00e1cticas para una gesti\u00f3n segura en las entidades - Suport Tercer Sector - Fundesplai","og_description":"El per\u00edodo de prueba es una herramienta \u00fatil en la contrataci\u00f3n, siempre que se aplique correctamente para evitar riesgos.","og_url":"https:\/\/suport.fundesplai.org\/es\/blog-es\/laboral-es\/periodo-de-prueba-buenas-practicas-para-una-gestion-segura-en-las-entidades\/","og_site_name":"Suport Tercer Sector - Fundesplai","article_publisher":"https:\/\/www.facebook.com\/Fundesplai\/","article_published_time":"2026-03-25T15:29:51+00:00","article_modified_time":"2026-04-21T14:32:46+00:00","og_image":[{"width":2560,"height":1707,"url":"https:\/\/suport.fundesplai.org\/wp-content\/uploads\/2025\/11\/pexels-photo-9036980-scaled.jpeg","type":"image\/jpeg"}],"author":"aina.galceran","twitter_card":"summary_large_image","twitter_creator":"@suport_org","twitter_site":"@suport_org","twitter_misc":{"Escrito por":"aina.galceran","Tiempo de lectura":"3 minutos"},"schema":{"@context":"https:\/\/schema.org","@graph":[{"@type":"Article","@id":"https:\/\/suport.fundesplai.org\/es\/blog-es\/laboral-es\/periodo-de-prueba-buenas-practicas-para-una-gestion-segura-en-las-entidades\/#article","isPartOf":{"@id":"https:\/\/suport.fundesplai.org\/es\/blog-es\/laboral-es\/periodo-de-prueba-buenas-practicas-para-una-gestion-segura-en-las-entidades\/"},"author":{"name":"aina.galceran","@id":"https:\/\/suport.fundesplai.org\/es\/#\/schema\/person\/2902d6069eec22bcad2830df54b34376"},"headline":"Periodo de prueba: buenas pr\u00e1cticas para una gesti\u00f3n segura en las entidades","datePublished":"2026-03-25T15:29:51+00:00","dateModified":"2026-04-21T14:32:46+00:00","mainEntityOfPage":{"@id":"https:\/\/suport.fundesplai.org\/es\/blog-es\/laboral-es\/periodo-de-prueba-buenas-practicas-para-una-gestion-segura-en-las-entidades\/"},"wordCount":774,"publisher":{"@id":"https:\/\/suport.fundesplai.org\/es\/#organization"},"image":{"@id":"https:\/\/suport.fundesplai.org\/es\/blog-es\/laboral-es\/periodo-de-prueba-buenas-practicas-para-una-gestion-segura-en-las-entidades\/#primaryimage"},"thumbnailUrl":"https:\/\/suport.fundesplai.org\/wp-content\/uploads\/2025\/11\/pexels-photo-9036980-scaled.jpeg","keywords":["asesoramiento","contractaci\u00f3","igualdad","Laboral","normativa","normativa entitat","suport tercer sector","transparencia"],"articleSection":["Blog","Laboral"],"inLanguage":"es"},{"@type":"WebPage","@id":"https:\/\/suport.fundesplai.org\/es\/blog-es\/laboral-es\/periodo-de-prueba-buenas-practicas-para-una-gestion-segura-en-las-entidades\/","url":"https:\/\/suport.fundesplai.org\/es\/blog-es\/laboral-es\/periodo-de-prueba-buenas-practicas-para-una-gestion-segura-en-las-entidades\/","name":"Periodo de prueba: buenas pr\u00e1cticas para una gesti\u00f3n segura en las entidades - Suport Tercer Sector - Fundesplai","isPartOf":{"@id":"https:\/\/suport.fundesplai.org\/es\/#website"},"primaryImageOfPage":{"@id":"https:\/\/suport.fundesplai.org\/es\/blog-es\/laboral-es\/periodo-de-prueba-buenas-practicas-para-una-gestion-segura-en-las-entidades\/#primaryimage"},"image":{"@id":"https:\/\/suport.fundesplai.org\/es\/blog-es\/laboral-es\/periodo-de-prueba-buenas-practicas-para-una-gestion-segura-en-las-entidades\/#primaryimage"},"thumbnailUrl":"https:\/\/suport.fundesplai.org\/wp-content\/uploads\/2025\/11\/pexels-photo-9036980-scaled.jpeg","datePublished":"2026-03-25T15:29:51+00:00","dateModified":"2026-04-21T14:32:46+00:00","description":"El per\u00edodo de prueba es una herramienta \u00fatil en la contrataci\u00f3n, siempre que se aplique correctamente para evitar riesgos.","breadcrumb":{"@id":"https:\/\/suport.fundesplai.org\/es\/blog-es\/laboral-es\/periodo-de-prueba-buenas-practicas-para-una-gestion-segura-en-las-entidades\/#breadcrumb"},"inLanguage":"es","potentialAction":[{"@type":"ReadAction","target":["https:\/\/suport.fundesplai.org\/es\/blog-es\/laboral-es\/periodo-de-prueba-buenas-practicas-para-una-gestion-segura-en-las-entidades\/"]}]},{"@type":"ImageObject","inLanguage":"es","@id":"https:\/\/suport.fundesplai.org\/es\/blog-es\/laboral-es\/periodo-de-prueba-buenas-practicas-para-una-gestion-segura-en-las-entidades\/#primaryimage","url":"https:\/\/suport.fundesplai.org\/wp-content\/uploads\/2025\/11\/pexels-photo-9036980-scaled.jpeg","contentUrl":"https:\/\/suport.fundesplai.org\/wp-content\/uploads\/2025\/11\/pexels-photo-9036980-scaled.jpeg","width":2560,"height":1707},{"@type":"BreadcrumbList","@id":"https:\/\/suport.fundesplai.org\/es\/blog-es\/laboral-es\/periodo-de-prueba-buenas-practicas-para-una-gestion-segura-en-las-entidades\/#breadcrumb","itemListElement":[{"@type":"ListItem","position":1,"name":"Inici","item":"https:\/\/suport.fundesplai.org\/es\/"},{"@type":"ListItem","position":2,"name":"Blog","item":"https:\/\/suport.fundesplai.org\/es\/blog-es\/"},{"@type":"ListItem","position":3,"name":"Laboral","item":"https:\/\/suport.fundesplai.org\/es\/blog-es\/laboral-es\/"},{"@type":"ListItem","position":4,"name":"Periodo de prueba: buenas pr\u00e1cticas para una gesti\u00f3n segura en las entidades"}]},{"@type":"WebSite","@id":"https:\/\/suport.fundesplai.org\/es\/#website","url":"https:\/\/suport.fundesplai.org\/es\/","name":"Suport Tercer Sector - Fundesplai","description":"Gesti\u00f3n de asociaciones y fundaciones","publisher":{"@id":"https:\/\/suport.fundesplai.org\/es\/#organization"},"potentialAction":[{"@type":"SearchAction","target":{"@type":"EntryPoint","urlTemplate":"https:\/\/suport.fundesplai.org\/es\/?s={search_term_string}"},"query-input":{"@type":"PropertyValueSpecification","valueRequired":true,"valueName":"search_term_string"}}],"inLanguage":"es"},{"@type":"Organization","@id":"https:\/\/suport.fundesplai.org\/es\/#organization","name":"Suport Tercer Sector de Fundesplai per entitats i associacions","url":"https:\/\/suport.fundesplai.org\/es\/","logo":{"@type":"ImageObject","inLanguage":"es","@id":"https:\/\/suport.fundesplai.org\/es\/#\/schema\/logo\/image\/","url":"https:\/\/suport.fundesplai.org\/wp-content\/uploads\/2019\/08\/lgo-suport-tercer-sector-fe-2.png","contentUrl":"https:\/\/suport.fundesplai.org\/wp-content\/uploads\/2019\/08\/lgo-suport-tercer-sector-fe-2.png","width":300,"height":141,"caption":"Suport Tercer Sector de Fundesplai per entitats i associacions"},"image":{"@id":"https:\/\/suport.fundesplai.org\/es\/#\/schema\/logo\/image\/"},"sameAs":["https:\/\/www.facebook.com\/Fundesplai\/","https:\/\/x.com\/suport_org","https:\/\/www.instagram.com\/fundesplai\/","https:\/\/www.linkedin.com\/company\/fundesplai","https:\/\/www.youtube.com\/channel\/UCGaevIfQeecUHeWq1m-WLYw","https:\/\/ca.wikipedia.org\/wiki\/Fundaci\u00f3_Catalana_de_l'Esplai"]},{"@type":"Person","@id":"https:\/\/suport.fundesplai.org\/es\/#\/schema\/person\/2902d6069eec22bcad2830df54b34376","name":"aina.galceran","image":{"@type":"ImageObject","inLanguage":"es","@id":"https:\/\/secure.gravatar.com\/avatar\/85207edde0725a27fe22372aca83128037136e9f5d656afa91335eca14c0a5d3?s=96&d=monsterid&r=g","url":"https:\/\/secure.gravatar.com\/avatar\/85207edde0725a27fe22372aca83128037136e9f5d656afa91335eca14c0a5d3?s=96&d=monsterid&r=g","contentUrl":"https:\/\/secure.gravatar.com\/avatar\/85207edde0725a27fe22372aca83128037136e9f5d656afa91335eca14c0a5d3?s=96&d=monsterid&r=g","caption":"aina.galceran"},"url":"https:\/\/suport.fundesplai.org\/es\/author\/aina-galceran\/"}]}},"_links":{"self":[{"href":"https:\/\/suport.fundesplai.org\/es\/wp-json\/wp\/v2\/posts\/35469","targetHints":{"allow":["GET"]}}],"collection":[{"href":"https:\/\/suport.fundesplai.org\/es\/wp-json\/wp\/v2\/posts"}],"about":[{"href":"https:\/\/suport.fundesplai.org\/es\/wp-json\/wp\/v2\/types\/post"}],"author":[{"embeddable":true,"href":"https:\/\/suport.fundesplai.org\/es\/wp-json\/wp\/v2\/users\/416"}],"replies":[{"embeddable":true,"href":"https:\/\/suport.fundesplai.org\/es\/wp-json\/wp\/v2\/comments?post=35469"}],"version-history":[{"count":11,"href":"https:\/\/suport.fundesplai.org\/es\/wp-json\/wp\/v2\/posts\/35469\/revisions"}],"predecessor-version":[{"id":35912,"href":"https:\/\/suport.fundesplai.org\/es\/wp-json\/wp\/v2\/posts\/35469\/revisions\/35912"}],"wp:featuredmedia":[{"embeddable":true,"href":"https:\/\/suport.fundesplai.org\/es\/wp-json\/wp\/v2\/media\/34294"}],"wp:attachment":[{"href":"https:\/\/suport.fundesplai.org\/es\/wp-json\/wp\/v2\/media?parent=35469"}],"wp:term":[{"taxonomy":"category","embeddable":true,"href":"https:\/\/suport.fundesplai.org\/es\/wp-json\/wp\/v2\/categories?post=35469"},{"taxonomy":"post_tag","embeddable":true,"href":"https:\/\/suport.fundesplai.org\/es\/wp-json\/wp\/v2\/tags?post=35469"}],"curies":[{"name":"wp","href":"https:\/\/api.w.org\/{rel}","templated":true}]}}