{"id":35757,"date":"2026-04-09T16:21:14","date_gmt":"2026-04-09T14:21:14","guid":{"rendered":"https:\/\/suport.fundesplai.org\/?p=35757"},"modified":"2026-04-22T12:42:03","modified_gmt":"2026-04-22T10:42:03","slug":"marcar-la-x-solidaria-permite-destinar-el-07-del-irpf-a-proyectos-sociales","status":"publish","type":"post","link":"https:\/\/suport.fundesplai.org\/es\/blog-es\/economico\/marcar-la-x-solidaria-permite-destinar-el-07-del-irpf-a-proyectos-sociales\/","title":{"rendered":"Marcar la &#8216;X solidaria&#8217; permite destinar el 0,7% del IRPF a proyectos sociales"},"content":{"rendered":"<p>[et_pb_section fb_built=\u00bb1&#8243; _builder_version=\u00bb4.16&#8243; global_colors_info=\u00bb{}\u00bb][et_pb_row _builder_version=\u00bb4.16&#8243; background_size=\u00bbinitial\u00bb background_position=\u00bbtop_left\u00bb background_repeat=\u00bbrepeat\u00bb global_colors_info=\u00bb{}\u00bb][et_pb_column type=\u00bb4_4&#8243; _builder_version=\u00bb4.16&#8243; custom_padding=\u00bb|||\u00bb global_colors_info=\u00bb{}\u00bb custom_padding__hover=\u00bb|||\u00bb][et_pb_text _builder_version=\u00bb4.27.5&#8243; background_size=\u00bbinitial\u00bb background_position=\u00bbtop_left\u00bb background_repeat=\u00bbrepeat\u00bb global_colors_info=\u00bb{}\u00bb]<\/p>\n<p data-start=\"236\" data-end=\"546\">La <strong>campa\u00f1a de la renta<\/strong> es una oportunidad para que la ciudadan\u00eda contribuya a la financiaci\u00f3n de proyectos sociales sin <strong>coste adicional alguno<\/strong> . Este recurso detalla c\u00f3mo funciona esta opci\u00f3n, qu\u00e9 <strong>beneficios tiene<\/strong> y por qu\u00e9 es clave para reforzar el tercer sector.  En caso de dudas puedes contactar con nuestro <a href=\"https:\/\/suport.fundesplai.org\/es\/servicios\/economico\/\" target=\"_blank\" rel=\"noopener\">servicio econ\u00f3mico<\/a>.<\/p>\n<p>[\/et_pb_text][et_pb_divider show_divider=\u00bboff\u00bb _builder_version=\u00bb4.27.5&#8243; _module_preset=\u00bbdefault\u00bb global_colors_info=\u00bb{}\u00bb][\/et_pb_divider][et_pb_button button_url=\u00bbhttps:\/\/suport.fundesplai.org\/es\/servicios\/economico\/\u00bb button_text=\u00bbContacta con el servicio econ\u00f3mico\u00bb button_alignment=\u00bbcenter\u00bb _builder_version=\u00bb4.27.5&#8243; _module_preset=\u00bbdefault\u00bb global_colors_info=\u00bb{}\u00bb][\/et_pb_button][et_pb_divider show_divider=\u00bboff\u00bb _builder_version=\u00bb4.27.5&#8243; _module_preset=\u00bbdefault\u00bb global_colors_info=\u00bb{}\u00bb][\/et_pb_divider][et_pb_text _builder_version=\u00bb4.27.5&#8243; background_size=\u00bbinitial\u00bb background_position=\u00bbtop_left\u00bb background_repeat=\u00bbrepeat\u00bb global_colors_info=\u00bb{}\u00bb]<\/p>\n<div class=\"block block-body\">\n<div class=\"content\">\n<div class=\"field-body field-type-text-with-summary field-label-hidden field-value\">\n<p>Durante la <a href=\"https:\/\/sede.agenciatributaria.gob.es\/Sede\/Renta.html\" target=\"_blank\" rel=\"noopener\">campa\u00f1a de la renta 2026,<\/a> disponible del 8 de abril al 30 de junio, marcar la conocida <a href=\"https:\/\/www.xsolidaria.org\/\" target=\"_blank\" rel=\"noopener\"><strong style=\"font-weight: 500;\">&#8216;X solidaria&#8217;<\/strong><\/a> sigue siendo un gesto sencillo pero con un impacto relevante. Esta opci\u00f3n, incluida en el <a href=\"https:\/\/sede.agenciatributaria.gob.es\/Sede\/ca_es\/procedimientoini\/G229.shtml\" target=\"_blank\" rel=\"noopener\">modelo 100<\/a> del IRPF, permite destinar el <strong style=\"font-weight: 500;\">0,7% de los impuestos a proyectos sociales<\/strong> sin coste adicional alguno para la persona contribuyente. <\/p>\n<h3>\u00bfQu\u00e9 es la &#8216;X solidaria&#8217; y c\u00f3mo funciona?<\/h3>\n<p><a href=\"https:\/\/xarxanet.org\/economic\/noticies\/solidaritat-la-declaracio-de-la-renda-la-casella-106\">La casilla 106<\/a> , identificada como <strong style=\"font-weight: 500;\">&#8216;Actividades de inter\u00e9s social&#8217;<\/strong> (o &#8216;Finalidades sociales&#8217; en la app), da la oportunidad de decidir que una parte de los impuestos se destine a programas sociales. Marcarla <strong style=\"font-weight: 500;\">no implica pagar m\u00e1s ni recibir menos<\/strong> en el resultado de la declaraci\u00f3n. <\/p>\n<p>Adem\u00e1s, es compatible con la casilla destinada a la Iglesia cat\u00f3lica, por lo que se pueden marcar ambas opciones sin que sean excluyentes.<\/p>\n<p>En caso de no seleccionar casilla alguna, este porcentaje se destina a los <strong style=\"font-weight: 500;\">presupuestos generales del Estado<\/strong> sin una asignaci\u00f3n concreta.<\/p>\n<h3>Impacto social y datos actualizados<\/h3>\n<p>Los datos m\u00e1s recientes muestran la dimensi\u00f3n de esta iniciativa:<\/p>\n<ul>\n<li><strong style=\"font-weight: 500;\">12.395.024 personas<\/strong> marcaron la casilla en 2025.<\/li>\n<\/ul>\n<ul>\n<li>Esto representa un <strong style=\"font-weight: 500;\">50,5% de las personas contribuyentes<\/strong> .<\/li>\n<\/ul>\n<ul>\n<li>Pese al aumento de participantes, un <strong style=\"font-weight: 500;\">49,5% a\u00fan no la marca<\/strong> .<\/li>\n<\/ul>\n<ul>\n<li>Se recaudaron <strong style=\"font-weight: 500;\">567,2 millones de euros<\/strong> , 57 millones m\u00e1s que el a\u00f1o anterior.<\/li>\n<\/ul>\n<p>Estos recursos financian programas de entidades sociales que trabajan con <strong style=\"font-weight: 500;\">personas en situaci\u00f3n de vulnerabilidad<\/strong> , como personas en situaci\u00f3n de pobreza, personas con discapacidad, personas mayores, infancia o mujeres.<\/p>\n<h3>\u00bfPor qu\u00e9 es importante marcarlo?<\/h3>\n<p>Marcar la &#8216;X solidaria&#8217; permite:<\/p>\n<ul>\n<li><strong style=\"font-weight: 500;\">Decidir directamente<\/strong> el destino de parte de los impuestos.<\/li>\n<\/ul>\n<ul>\n<li><strong style=\"font-weight: 500;\">Reforzar el tejido asociativo y del tercer sector<\/strong> .<\/li>\n<\/ul>\n<ul>\n<li><strong style=\"font-weight: 500;\">Financiar proyectos concretos<\/strong> de inclusi\u00f3n, autonom\u00eda y cohesi\u00f3n social.<\/li>\n<\/ul>\n<ul>\n<li>Contribuir a garantizar <strong style=\"font-weight: 500;\">derechos sociales e igualdad de oportunidades<\/strong> .<\/li>\n<\/ul>\n<p>Tal y como destacan las entidades impulsoras, se trata de un mecanismo que complementa la acci\u00f3n p\u00fablica y que se basa en la <strong style=\"font-weight: 500;\">corresponsabilidad ciudadana<\/strong> .<\/p>\n<h3>La campa\u00f1a de 2026: \u201cEl gesto legendario\u201d<\/h3>\n<p>Este a\u00f1o, la campa\u00f1a pone \u00e9nfasis en el concepto de <a href=\"https:\/\/www.xsolidaria.org\/que-es-x-solidaria.php\" target=\"_blank\" rel=\"noopener\"><strong style=\"font-weight: 500;\">\u201cgesto<\/strong> <strong style=\"font-weight: 500;\">legendario<\/strong> <strong style=\"font-weight: 500;\">\u201d<\/strong><\/a> , con el objetivo de interpelar directamente a cada contribuyente. El mensaje est\u00e1 claro: una acci\u00f3n tan simple como marcar una casilla puede generar <strong style=\"font-weight: 500;\">cambios reales en la vida de miles de personas<\/strong> . <\/p>\n<p>La iniciativa tambi\u00e9n busca revertir la tendencia de personas que dejan la casilla en blanco, a menudo por <strong style=\"font-weight: 500;\">desconocimiento<\/strong> .<\/p>\n<p>En definitiva, se trata de un peque\u00f1o gesto individual que contribuye a construir un <strong style=\"font-weight: 500;\">bien com\u00fan colectivo<\/strong> y fortalecer el papel de las entidades sociales.<\/p>\n<\/div>\n<\/div>\n<\/div>\n<p data-start=\"4548\" data-end=\"4708\">Fuente: <a href=\"https:\/\/xarxanet.org\/economic\/noticies\/la-x-solidaria-marcar-la-casella-106-impulsar-projectes-socials-el-2026\">Xarxanet<\/a><\/p>\n<p>[\/et_pb_text][\/et_pb_column][\/et_pb_row][\/et_pb_section]<\/p>\n","protected":false},"excerpt":{"rendered":"<p>La campa\u00f1a de la renta es una oportunidad para que la ciudadan\u00eda contribuya a la financiaci\u00f3n de proyectos sociales sin coste adicional alguno.<\/p>\n","protected":false},"author":416,"featured_media":35764,"comment_status":"closed","ping_status":"closed","sticky":false,"template":"","format":"standard","meta":{"_et_pb_use_builder":"on","_et_pb_old_content":"","_et_gb_content_width":"","footnotes":""},"categories":[285],"tags":[],"class_list":["post-35757","post","type-post","status-publish","format-standard","has-post-thumbnail","hentry","category-economico"],"yoast_head":"<!-- This site is optimized with the Yoast SEO plugin v27.4 - https:\/\/yoast.com\/product\/yoast-seo-wordpress\/ -->\n<title>Marcar la &#039;X solidaria&#039; permite destinar el 0,7% del IRPF a proyectos sociales - Suport Tercer Sector - Fundesplai<\/title>\n<meta name=\"description\" content=\"La campa\u00f1a de la renta es una oportunidad para que la ciudadan\u00eda contribuya a la financiaci\u00f3n de proyectos sociales sin coste adicional alguno.\" \/>\n<meta name=\"robots\" content=\"index, follow, max-snippet:-1, max-image-preview:large, max-video-preview:-1\" \/>\n<link rel=\"canonical\" href=\"https:\/\/suport.fundesplai.org\/es\/blog-es\/economico\/marcar-la-x-solidaria-permite-destinar-el-07-del-irpf-a-proyectos-sociales\/\" \/>\n<meta property=\"og:locale\" content=\"es_ES\" \/>\n<meta property=\"og:type\" content=\"article\" \/>\n<meta property=\"og:title\" content=\"Marcar la &#039;X solidaria&#039; permite destinar el 0,7% del IRPF a proyectos sociales - Suport Tercer Sector - Fundesplai\" \/>\n<meta property=\"og:description\" content=\"La campa\u00f1a de la renta es una oportunidad para que la ciudadan\u00eda contribuya a la financiaci\u00f3n de proyectos sociales sin coste adicional alguno.\" \/>\n<meta property=\"og:url\" content=\"https:\/\/suport.fundesplai.org\/es\/blog-es\/economico\/marcar-la-x-solidaria-permite-destinar-el-07-del-irpf-a-proyectos-sociales\/\" \/>\n<meta property=\"og:site_name\" content=\"Suport Tercer Sector - Fundesplai\" \/>\n<meta property=\"article:publisher\" content=\"https:\/\/www.facebook.com\/Fundesplai\/\" \/>\n<meta property=\"article:published_time\" content=\"2026-04-09T14:21:14+00:00\" \/>\n<meta property=\"article:modified_time\" content=\"2026-04-22T10:42:03+00:00\" \/>\n<meta property=\"og:image\" content=\"https:\/\/suport.fundesplai.org\/wp-content\/uploads\/2026\/04\/x-solidaria.jpg\" \/>\n\t<meta property=\"og:image:width\" content=\"1888\" \/>\n\t<meta property=\"og:image:height\" content=\"900\" \/>\n\t<meta property=\"og:image:type\" content=\"image\/jpeg\" \/>\n<meta name=\"author\" content=\"aina.galceran\" \/>\n<meta name=\"twitter:card\" content=\"summary_large_image\" \/>\n<meta name=\"twitter:creator\" content=\"@suport_org\" \/>\n<meta name=\"twitter:site\" content=\"@suport_org\" \/>\n<meta name=\"twitter:label1\" content=\"Escrito por\" \/>\n\t<meta name=\"twitter:data1\" content=\"aina.galceran\" \/>\n\t<meta name=\"twitter:label2\" content=\"Tiempo de lectura\" \/>\n\t<meta name=\"twitter:data2\" content=\"3 minutos\" \/>\n<script type=\"application\/ld+json\" class=\"yoast-schema-graph\">{\"@context\":\"https:\\\/\\\/schema.org\",\"@graph\":[{\"@type\":\"Article\",\"@id\":\"https:\\\/\\\/suport.fundesplai.org\\\/es\\\/blog-es\\\/economico\\\/marcar-la-x-solidaria-permite-destinar-el-07-del-irpf-a-proyectos-sociales\\\/#article\",\"isPartOf\":{\"@id\":\"https:\\\/\\\/suport.fundesplai.org\\\/es\\\/blog-es\\\/economico\\\/marcar-la-x-solidaria-permite-destinar-el-07-del-irpf-a-proyectos-sociales\\\/\"},\"author\":{\"name\":\"aina.galceran\",\"@id\":\"https:\\\/\\\/suport.fundesplai.org\\\/es\\\/#\\\/schema\\\/person\\\/2902d6069eec22bcad2830df54b34376\"},\"headline\":\"Marcar la &#8216;X solidaria&#8217; permite destinar el 0,7% del IRPF a proyectos sociales\",\"datePublished\":\"2026-04-09T14:21:14+00:00\",\"dateModified\":\"2026-04-22T10:42:03+00:00\",\"mainEntityOfPage\":{\"@id\":\"https:\\\/\\\/suport.fundesplai.org\\\/es\\\/blog-es\\\/economico\\\/marcar-la-x-solidaria-permite-destinar-el-07-del-irpf-a-proyectos-sociales\\\/\"},\"wordCount\":652,\"publisher\":{\"@id\":\"https:\\\/\\\/suport.fundesplai.org\\\/es\\\/#organization\"},\"image\":{\"@id\":\"https:\\\/\\\/suport.fundesplai.org\\\/es\\\/blog-es\\\/economico\\\/marcar-la-x-solidaria-permite-destinar-el-07-del-irpf-a-proyectos-sociales\\\/#primaryimage\"},\"thumbnailUrl\":\"https:\\\/\\\/suport.fundesplai.org\\\/wp-content\\\/uploads\\\/2026\\\/04\\\/x-solidaria.jpg\",\"articleSection\":[\"Econ\u00f3mico\"],\"inLanguage\":\"es\"},{\"@type\":\"WebPage\",\"@id\":\"https:\\\/\\\/suport.fundesplai.org\\\/es\\\/blog-es\\\/economico\\\/marcar-la-x-solidaria-permite-destinar-el-07-del-irpf-a-proyectos-sociales\\\/\",\"url\":\"https:\\\/\\\/suport.fundesplai.org\\\/es\\\/blog-es\\\/economico\\\/marcar-la-x-solidaria-permite-destinar-el-07-del-irpf-a-proyectos-sociales\\\/\",\"name\":\"Marcar la 'X solidaria' permite destinar el 0,7% del IRPF a proyectos sociales - Suport Tercer Sector - Fundesplai\",\"isPartOf\":{\"@id\":\"https:\\\/\\\/suport.fundesplai.org\\\/es\\\/#website\"},\"primaryImageOfPage\":{\"@id\":\"https:\\\/\\\/suport.fundesplai.org\\\/es\\\/blog-es\\\/economico\\\/marcar-la-x-solidaria-permite-destinar-el-07-del-irpf-a-proyectos-sociales\\\/#primaryimage\"},\"image\":{\"@id\":\"https:\\\/\\\/suport.fundesplai.org\\\/es\\\/blog-es\\\/economico\\\/marcar-la-x-solidaria-permite-destinar-el-07-del-irpf-a-proyectos-sociales\\\/#primaryimage\"},\"thumbnailUrl\":\"https:\\\/\\\/suport.fundesplai.org\\\/wp-content\\\/uploads\\\/2026\\\/04\\\/x-solidaria.jpg\",\"datePublished\":\"2026-04-09T14:21:14+00:00\",\"dateModified\":\"2026-04-22T10:42:03+00:00\",\"description\":\"La campa\u00f1a de la renta es una oportunidad para que la ciudadan\u00eda contribuya a la financiaci\u00f3n de proyectos sociales sin coste adicional alguno.\",\"breadcrumb\":{\"@id\":\"https:\\\/\\\/suport.fundesplai.org\\\/es\\\/blog-es\\\/economico\\\/marcar-la-x-solidaria-permite-destinar-el-07-del-irpf-a-proyectos-sociales\\\/#breadcrumb\"},\"inLanguage\":\"es\",\"potentialAction\":[{\"@type\":\"ReadAction\",\"target\":[\"https:\\\/\\\/suport.fundesplai.org\\\/es\\\/blog-es\\\/economico\\\/marcar-la-x-solidaria-permite-destinar-el-07-del-irpf-a-proyectos-sociales\\\/\"]}]},{\"@type\":\"ImageObject\",\"inLanguage\":\"es\",\"@id\":\"https:\\\/\\\/suport.fundesplai.org\\\/es\\\/blog-es\\\/economico\\\/marcar-la-x-solidaria-permite-destinar-el-07-del-irpf-a-proyectos-sociales\\\/#primaryimage\",\"url\":\"https:\\\/\\\/suport.fundesplai.org\\\/wp-content\\\/uploads\\\/2026\\\/04\\\/x-solidaria.jpg\",\"contentUrl\":\"https:\\\/\\\/suport.fundesplai.org\\\/wp-content\\\/uploads\\\/2026\\\/04\\\/x-solidaria.jpg\",\"width\":1888,\"height\":900},{\"@type\":\"BreadcrumbList\",\"@id\":\"https:\\\/\\\/suport.fundesplai.org\\\/es\\\/blog-es\\\/economico\\\/marcar-la-x-solidaria-permite-destinar-el-07-del-irpf-a-proyectos-sociales\\\/#breadcrumb\",\"itemListElement\":[{\"@type\":\"ListItem\",\"position\":1,\"name\":\"Inici\",\"item\":\"https:\\\/\\\/suport.fundesplai.org\\\/es\\\/\"},{\"@type\":\"ListItem\",\"position\":2,\"name\":\"Blog\",\"item\":\"https:\\\/\\\/suport.fundesplai.org\\\/es\\\/blog-es\\\/\"},{\"@type\":\"ListItem\",\"position\":3,\"name\":\"Econ\u00f3mico\",\"item\":\"https:\\\/\\\/suport.fundesplai.org\\\/es\\\/blog-es\\\/economico\\\/\"},{\"@type\":\"ListItem\",\"position\":4,\"name\":\"Marcar la &#8216;X solidaria&#8217; permite destinar el 0,7% del IRPF a proyectos sociales\"}]},{\"@type\":\"WebSite\",\"@id\":\"https:\\\/\\\/suport.fundesplai.org\\\/es\\\/#website\",\"url\":\"https:\\\/\\\/suport.fundesplai.org\\\/es\\\/\",\"name\":\"Suport Tercer Sector - Fundesplai\",\"description\":\"Gesti\u00f3n de asociaciones y fundaciones\",\"publisher\":{\"@id\":\"https:\\\/\\\/suport.fundesplai.org\\\/es\\\/#organization\"},\"potentialAction\":[{\"@type\":\"SearchAction\",\"target\":{\"@type\":\"EntryPoint\",\"urlTemplate\":\"https:\\\/\\\/suport.fundesplai.org\\\/es\\\/?s={search_term_string}\"},\"query-input\":{\"@type\":\"PropertyValueSpecification\",\"valueRequired\":true,\"valueName\":\"search_term_string\"}}],\"inLanguage\":\"es\"},{\"@type\":\"Organization\",\"@id\":\"https:\\\/\\\/suport.fundesplai.org\\\/es\\\/#organization\",\"name\":\"Suport Tercer Sector de Fundesplai per entitats i associacions\",\"url\":\"https:\\\/\\\/suport.fundesplai.org\\\/es\\\/\",\"logo\":{\"@type\":\"ImageObject\",\"inLanguage\":\"es\",\"@id\":\"https:\\\/\\\/suport.fundesplai.org\\\/es\\\/#\\\/schema\\\/logo\\\/image\\\/\",\"url\":\"https:\\\/\\\/suport.fundesplai.org\\\/wp-content\\\/uploads\\\/2019\\\/08\\\/lgo-suport-tercer-sector-fe-2.png\",\"contentUrl\":\"https:\\\/\\\/suport.fundesplai.org\\\/wp-content\\\/uploads\\\/2019\\\/08\\\/lgo-suport-tercer-sector-fe-2.png\",\"width\":300,\"height\":141,\"caption\":\"Suport Tercer Sector de Fundesplai per entitats i associacions\"},\"image\":{\"@id\":\"https:\\\/\\\/suport.fundesplai.org\\\/es\\\/#\\\/schema\\\/logo\\\/image\\\/\"},\"sameAs\":[\"https:\\\/\\\/www.facebook.com\\\/Fundesplai\\\/\",\"https:\\\/\\\/x.com\\\/suport_org\",\"https:\\\/\\\/www.instagram.com\\\/fundesplai\\\/\",\"https:\\\/\\\/www.linkedin.com\\\/company\\\/fundesplai\",\"https:\\\/\\\/www.youtube.com\\\/channel\\\/UCGaevIfQeecUHeWq1m-WLYw\",\"https:\\\/\\\/ca.wikipedia.org\\\/wiki\\\/Fundaci\u00f3_Catalana_de_l'Esplai\"]},{\"@type\":\"Person\",\"@id\":\"https:\\\/\\\/suport.fundesplai.org\\\/es\\\/#\\\/schema\\\/person\\\/2902d6069eec22bcad2830df54b34376\",\"name\":\"aina.galceran\",\"image\":{\"@type\":\"ImageObject\",\"inLanguage\":\"es\",\"@id\":\"https:\\\/\\\/secure.gravatar.com\\\/avatar\\\/85207edde0725a27fe22372aca83128037136e9f5d656afa91335eca14c0a5d3?s=96&d=monsterid&r=g\",\"url\":\"https:\\\/\\\/secure.gravatar.com\\\/avatar\\\/85207edde0725a27fe22372aca83128037136e9f5d656afa91335eca14c0a5d3?s=96&d=monsterid&r=g\",\"contentUrl\":\"https:\\\/\\\/secure.gravatar.com\\\/avatar\\\/85207edde0725a27fe22372aca83128037136e9f5d656afa91335eca14c0a5d3?s=96&d=monsterid&r=g\",\"caption\":\"aina.galceran\"},\"url\":\"https:\\\/\\\/suport.fundesplai.org\\\/es\\\/author\\\/aina-galceran\\\/\"}]}<\/script>\n<!-- \/ Yoast SEO plugin. -->","yoast_head_json":{"title":"Marcar la 'X solidaria' permite destinar el 0,7% del IRPF a proyectos sociales - Suport Tercer Sector - Fundesplai","description":"La campa\u00f1a de la renta es una oportunidad para que la ciudadan\u00eda contribuya a la financiaci\u00f3n de proyectos sociales sin coste adicional alguno.","robots":{"index":"index","follow":"follow","max-snippet":"max-snippet:-1","max-image-preview":"max-image-preview:large","max-video-preview":"max-video-preview:-1"},"canonical":"https:\/\/suport.fundesplai.org\/es\/blog-es\/economico\/marcar-la-x-solidaria-permite-destinar-el-07-del-irpf-a-proyectos-sociales\/","og_locale":"es_ES","og_type":"article","og_title":"Marcar la 'X solidaria' permite destinar el 0,7% del IRPF a proyectos sociales - Suport Tercer Sector - Fundesplai","og_description":"La campa\u00f1a de la renta es una oportunidad para que la ciudadan\u00eda contribuya a la financiaci\u00f3n de proyectos sociales sin coste adicional alguno.","og_url":"https:\/\/suport.fundesplai.org\/es\/blog-es\/economico\/marcar-la-x-solidaria-permite-destinar-el-07-del-irpf-a-proyectos-sociales\/","og_site_name":"Suport Tercer Sector - Fundesplai","article_publisher":"https:\/\/www.facebook.com\/Fundesplai\/","article_published_time":"2026-04-09T14:21:14+00:00","article_modified_time":"2026-04-22T10:42:03+00:00","og_image":[{"width":1888,"height":900,"url":"https:\/\/suport.fundesplai.org\/wp-content\/uploads\/2026\/04\/x-solidaria.jpg","type":"image\/jpeg"}],"author":"aina.galceran","twitter_card":"summary_large_image","twitter_creator":"@suport_org","twitter_site":"@suport_org","twitter_misc":{"Escrito por":"aina.galceran","Tiempo de lectura":"3 minutos"},"schema":{"@context":"https:\/\/schema.org","@graph":[{"@type":"Article","@id":"https:\/\/suport.fundesplai.org\/es\/blog-es\/economico\/marcar-la-x-solidaria-permite-destinar-el-07-del-irpf-a-proyectos-sociales\/#article","isPartOf":{"@id":"https:\/\/suport.fundesplai.org\/es\/blog-es\/economico\/marcar-la-x-solidaria-permite-destinar-el-07-del-irpf-a-proyectos-sociales\/"},"author":{"name":"aina.galceran","@id":"https:\/\/suport.fundesplai.org\/es\/#\/schema\/person\/2902d6069eec22bcad2830df54b34376"},"headline":"Marcar la &#8216;X solidaria&#8217; permite destinar el 0,7% del IRPF a proyectos sociales","datePublished":"2026-04-09T14:21:14+00:00","dateModified":"2026-04-22T10:42:03+00:00","mainEntityOfPage":{"@id":"https:\/\/suport.fundesplai.org\/es\/blog-es\/economico\/marcar-la-x-solidaria-permite-destinar-el-07-del-irpf-a-proyectos-sociales\/"},"wordCount":652,"publisher":{"@id":"https:\/\/suport.fundesplai.org\/es\/#organization"},"image":{"@id":"https:\/\/suport.fundesplai.org\/es\/blog-es\/economico\/marcar-la-x-solidaria-permite-destinar-el-07-del-irpf-a-proyectos-sociales\/#primaryimage"},"thumbnailUrl":"https:\/\/suport.fundesplai.org\/wp-content\/uploads\/2026\/04\/x-solidaria.jpg","articleSection":["Econ\u00f3mico"],"inLanguage":"es"},{"@type":"WebPage","@id":"https:\/\/suport.fundesplai.org\/es\/blog-es\/economico\/marcar-la-x-solidaria-permite-destinar-el-07-del-irpf-a-proyectos-sociales\/","url":"https:\/\/suport.fundesplai.org\/es\/blog-es\/economico\/marcar-la-x-solidaria-permite-destinar-el-07-del-irpf-a-proyectos-sociales\/","name":"Marcar la 'X solidaria' permite destinar el 0,7% del IRPF a proyectos sociales - Suport Tercer Sector - Fundesplai","isPartOf":{"@id":"https:\/\/suport.fundesplai.org\/es\/#website"},"primaryImageOfPage":{"@id":"https:\/\/suport.fundesplai.org\/es\/blog-es\/economico\/marcar-la-x-solidaria-permite-destinar-el-07-del-irpf-a-proyectos-sociales\/#primaryimage"},"image":{"@id":"https:\/\/suport.fundesplai.org\/es\/blog-es\/economico\/marcar-la-x-solidaria-permite-destinar-el-07-del-irpf-a-proyectos-sociales\/#primaryimage"},"thumbnailUrl":"https:\/\/suport.fundesplai.org\/wp-content\/uploads\/2026\/04\/x-solidaria.jpg","datePublished":"2026-04-09T14:21:14+00:00","dateModified":"2026-04-22T10:42:03+00:00","description":"La campa\u00f1a de la renta es una oportunidad para que la ciudadan\u00eda contribuya a la financiaci\u00f3n de proyectos sociales sin coste adicional alguno.","breadcrumb":{"@id":"https:\/\/suport.fundesplai.org\/es\/blog-es\/economico\/marcar-la-x-solidaria-permite-destinar-el-07-del-irpf-a-proyectos-sociales\/#breadcrumb"},"inLanguage":"es","potentialAction":[{"@type":"ReadAction","target":["https:\/\/suport.fundesplai.org\/es\/blog-es\/economico\/marcar-la-x-solidaria-permite-destinar-el-07-del-irpf-a-proyectos-sociales\/"]}]},{"@type":"ImageObject","inLanguage":"es","@id":"https:\/\/suport.fundesplai.org\/es\/blog-es\/economico\/marcar-la-x-solidaria-permite-destinar-el-07-del-irpf-a-proyectos-sociales\/#primaryimage","url":"https:\/\/suport.fundesplai.org\/wp-content\/uploads\/2026\/04\/x-solidaria.jpg","contentUrl":"https:\/\/suport.fundesplai.org\/wp-content\/uploads\/2026\/04\/x-solidaria.jpg","width":1888,"height":900},{"@type":"BreadcrumbList","@id":"https:\/\/suport.fundesplai.org\/es\/blog-es\/economico\/marcar-la-x-solidaria-permite-destinar-el-07-del-irpf-a-proyectos-sociales\/#breadcrumb","itemListElement":[{"@type":"ListItem","position":1,"name":"Inici","item":"https:\/\/suport.fundesplai.org\/es\/"},{"@type":"ListItem","position":2,"name":"Blog","item":"https:\/\/suport.fundesplai.org\/es\/blog-es\/"},{"@type":"ListItem","position":3,"name":"Econ\u00f3mico","item":"https:\/\/suport.fundesplai.org\/es\/blog-es\/economico\/"},{"@type":"ListItem","position":4,"name":"Marcar la &#8216;X solidaria&#8217; permite destinar el 0,7% del IRPF a proyectos sociales"}]},{"@type":"WebSite","@id":"https:\/\/suport.fundesplai.org\/es\/#website","url":"https:\/\/suport.fundesplai.org\/es\/","name":"Suport Tercer Sector - Fundesplai","description":"Gesti\u00f3n de asociaciones y fundaciones","publisher":{"@id":"https:\/\/suport.fundesplai.org\/es\/#organization"},"potentialAction":[{"@type":"SearchAction","target":{"@type":"EntryPoint","urlTemplate":"https:\/\/suport.fundesplai.org\/es\/?s={search_term_string}"},"query-input":{"@type":"PropertyValueSpecification","valueRequired":true,"valueName":"search_term_string"}}],"inLanguage":"es"},{"@type":"Organization","@id":"https:\/\/suport.fundesplai.org\/es\/#organization","name":"Suport Tercer Sector de Fundesplai per entitats i associacions","url":"https:\/\/suport.fundesplai.org\/es\/","logo":{"@type":"ImageObject","inLanguage":"es","@id":"https:\/\/suport.fundesplai.org\/es\/#\/schema\/logo\/image\/","url":"https:\/\/suport.fundesplai.org\/wp-content\/uploads\/2019\/08\/lgo-suport-tercer-sector-fe-2.png","contentUrl":"https:\/\/suport.fundesplai.org\/wp-content\/uploads\/2019\/08\/lgo-suport-tercer-sector-fe-2.png","width":300,"height":141,"caption":"Suport Tercer Sector de Fundesplai per entitats i associacions"},"image":{"@id":"https:\/\/suport.fundesplai.org\/es\/#\/schema\/logo\/image\/"},"sameAs":["https:\/\/www.facebook.com\/Fundesplai\/","https:\/\/x.com\/suport_org","https:\/\/www.instagram.com\/fundesplai\/","https:\/\/www.linkedin.com\/company\/fundesplai","https:\/\/www.youtube.com\/channel\/UCGaevIfQeecUHeWq1m-WLYw","https:\/\/ca.wikipedia.org\/wiki\/Fundaci\u00f3_Catalana_de_l'Esplai"]},{"@type":"Person","@id":"https:\/\/suport.fundesplai.org\/es\/#\/schema\/person\/2902d6069eec22bcad2830df54b34376","name":"aina.galceran","image":{"@type":"ImageObject","inLanguage":"es","@id":"https:\/\/secure.gravatar.com\/avatar\/85207edde0725a27fe22372aca83128037136e9f5d656afa91335eca14c0a5d3?s=96&d=monsterid&r=g","url":"https:\/\/secure.gravatar.com\/avatar\/85207edde0725a27fe22372aca83128037136e9f5d656afa91335eca14c0a5d3?s=96&d=monsterid&r=g","contentUrl":"https:\/\/secure.gravatar.com\/avatar\/85207edde0725a27fe22372aca83128037136e9f5d656afa91335eca14c0a5d3?s=96&d=monsterid&r=g","caption":"aina.galceran"},"url":"https:\/\/suport.fundesplai.org\/es\/author\/aina-galceran\/"}]}},"_links":{"self":[{"href":"https:\/\/suport.fundesplai.org\/es\/wp-json\/wp\/v2\/posts\/35757","targetHints":{"allow":["GET"]}}],"collection":[{"href":"https:\/\/suport.fundesplai.org\/es\/wp-json\/wp\/v2\/posts"}],"about":[{"href":"https:\/\/suport.fundesplai.org\/es\/wp-json\/wp\/v2\/types\/post"}],"author":[{"embeddable":true,"href":"https:\/\/suport.fundesplai.org\/es\/wp-json\/wp\/v2\/users\/416"}],"replies":[{"embeddable":true,"href":"https:\/\/suport.fundesplai.org\/es\/wp-json\/wp\/v2\/comments?post=35757"}],"version-history":[{"count":6,"href":"https:\/\/suport.fundesplai.org\/es\/wp-json\/wp\/v2\/posts\/35757\/revisions"}],"predecessor-version":[{"id":35900,"href":"https:\/\/suport.fundesplai.org\/es\/wp-json\/wp\/v2\/posts\/35757\/revisions\/35900"}],"wp:featuredmedia":[{"embeddable":true,"href":"https:\/\/suport.fundesplai.org\/es\/wp-json\/wp\/v2\/media\/35764"}],"wp:attachment":[{"href":"https:\/\/suport.fundesplai.org\/es\/wp-json\/wp\/v2\/media?parent=35757"}],"wp:term":[{"taxonomy":"category","embeddable":true,"href":"https:\/\/suport.fundesplai.org\/es\/wp-json\/wp\/v2\/categories?post=35757"},{"taxonomy":"post_tag","embeddable":true,"href":"https:\/\/suport.fundesplai.org\/es\/wp-json\/wp\/v2\/tags?post=35757"}],"curies":[{"name":"wp","href":"https:\/\/api.w.org\/{rel}","templated":true}]}}