{"id":35791,"date":"2026-04-13T16:18:53","date_gmt":"2026-04-13T14:18:53","guid":{"rendered":"https:\/\/suport.fundesplai.org\/?p=35791"},"modified":"2026-04-22T12:44:57","modified_gmt":"2026-04-22T10:44:57","slug":"la-distribucion-irregular-de-la-jornada-cual-es-el-preaviso-minimo-obligatorio","status":"publish","type":"post","link":"https:\/\/suport.fundesplai.org\/es\/blog-es\/juridico\/la-distribucion-irregular-de-la-jornada-cual-es-el-preaviso-minimo-obligatorio\/","title":{"rendered":"La distribuci\u00f3n irregular de la jornada: cu\u00e1l es el preaviso m\u00ednimo obligatorio"},"content":{"rendered":"<p>[et_pb_section fb_built=\u00bb1&#8243; _builder_version=\u00bb4.16&#8243; global_colors_info=\u00bb{}\u00bb][et_pb_row _builder_version=\u00bb4.16&#8243; background_size=\u00bbinitial\u00bb background_position=\u00bbtop_left\u00bb background_repeat=\u00bbrepeat\u00bb global_colors_info=\u00bb{}\u00bb][et_pb_column type=\u00bb4_4&#8243; _builder_version=\u00bb4.16&#8243; custom_padding=\u00bb|||\u00bb global_colors_info=\u00bb{}\u00bb custom_padding__hover=\u00bb|||\u00bb][et_pb_text _builder_version=\u00bb4.27.5&#8243; _module_preset=\u00bbdefault\u00bb global_colors_info=\u00bb{}\u00bb]<\/p>\n<div class=\"block block-field_resource_summary\">\n<p data-start=\"185\" data-end=\"470\">Las entidades del tercer sector deben revisar con rigor la aplicaci\u00f3n de la <strong data-start=\"206\" data-end=\"245\">distribuci\u00f3n irregular de la jornada<\/strong> ante las obligaciones fijadas por la normativa laboral. Ante cualquier duda, puedes contactar con nuestro <a href=\"https:\/\/suport.fundesplai.org\/es\/servicios\/juridico\/\" target=\"_blank\" rel=\"noopener\">servicio jur\u00eddico<\/a> .<\/p>\n<\/div>\n<p>[\/et_pb_text][et_pb_button button_url=\u00bbhttps:\/\/suport.fundesplai.org\/es\/servicios\/juridico\/\u00bb url_new_window=\u00bbon\u00bb button_text=\u00bbContacta con el servicio jur\u00eddico\u00bb button_alignment=\u00bbcenter\u00bb _builder_version=\u00bb4.27.4&#8243; _module_preset=\u00bbdefault\u00bb custom_margin=\u00bb30px||||false|false\u00bb global_colors_info=\u00bb{}\u00bb][\/et_pb_button][et_pb_text _builder_version=\u00bb4.27.5&#8243; background_size=\u00bbinitial\u00bb background_position=\u00bbtop_left\u00bb background_repeat=\u00bbrepeat\u00bb custom_margin=\u00bb30px||||false|false\u00bb global_colors_info=\u00bb{}\u00bb]<\/p>\n<div class=\"block block-field_tags\">\n<div class=\"content\">\n<div class=\"field-tags field-type-entity-reference field-label-inline\">\n<div class=\"block block-body\">\n<div class=\"content\">\n<div class=\"field-body field-type-text-with-summary field-label-hidden field-value\">\n<section data-history-node-id=\"84794\">\n<div class=\"field-body field-type-text-with-summary field-label-hidden field-value\">\n<section data-history-node-id=\"147642\">\n<div class=\"field-body field-type-text-with-summary field-label-hidden field-value\">\n<p data-start=\"137\" data-end=\"449\">La <strong data-start=\"140\" data-end=\"187\">distribuci\u00f3n irregular de la jornada laboral<\/strong> permite a las organizaciones adaptar su tiempo de trabajo a lo largo del a\u00f1o seg\u00fan las necesidades productivas. Esta herramienta facilita la gesti\u00f3n de los <strong data-start=\"335\" data-end=\"364\">per\u00edodos de mayor actividad<\/strong> , pero s\u00f3lo puede aplicarse dentro de los l\u00edmites que establece la <strong data-start=\"426\" data-end=\"446\">normativa vigente<\/strong> .<\/p>\n<p data-start=\"451\" data-end=\"695\">Uno de los aspectos clave es el <strong data-start=\"479\" data-end=\"525\">plazo de preaviso al personal trabajador<\/strong> , imprescindible para garantizar sus derechos y prevenir posibles <strong data-start=\"591\" data-end=\"614\">conflictos laborales<\/strong> . A continuaci\u00f3n, se exponen los <strong data-start=\"645\" data-end=\"668\">principales elementos<\/strong> a tener en cuenta.<\/p>\n<h3>L\u00edmite de la distribuci\u00f3n irregular de la jornada<\/h3>\n<p>La <a href=\"https:\/\/www.mites.gob.es\/ca\/index.htm\">normativa laboral<\/a> permite a las organizaciones distribuir de forma irregular hasta un <strong style=\"font-weight: 500;\">10% de la jornada anual<\/strong> , siempre dentro del l\u00edmite m\u00e1ximo establecido en c\u00f3mputo anual. Esta herramienta facilita adaptar la actividad laboral a <strong style=\"font-weight: 500;\">momentos de mayor o menor carga<\/strong> de trabajo, evitando en muchos casos la necesidad de recurrir a horas extraordinarias.<\/p>\n<p>Ahora bien, esa flexibilidad no es absoluta. La ley obliga a respetar en todo momento los <strong style=\"font-weight: 500;\">per\u00edodos m\u00ednimos de descanso diario y semanal<\/strong> , garantizando as\u00ed la salud y el bienestar del personal trabajador. Adem\u00e1s, cualquier exceso de horas realizado deber\u00e1 compensarse en un plazo m\u00e1ximo de <strong style=\"font-weight: 500;\">doce meses<\/strong> , ya sea con descanso equivalente o seg\u00fan lo que establezca el convenio colectivo aplicable. Por tanto, es <strong style=\"font-weight: 500;\">imprescindible planificar<\/strong> correctamente esta distribuci\u00f3n para evitar incumplimientos.<\/p>\n<h3>El preaviso m\u00ednimo obligatorio<\/h3>\n<p>Uno de los aspectos m\u00e1s relevantes de la distribuci\u00f3n irregular de la jornada es el <strong style=\"font-weight: 500;\">plazo de preaviso<\/strong> . La normativa establece que la organizaci\u00f3n debe informar al personal trabajador con un m\u00ednimo de <strong style=\"font-weight: 500;\">cinco d\u00edas de antelaci\u00f3n<\/strong> sobre cualquier modificaci\u00f3n de la jornada, indicando claramente el d\u00eda y la hora en que deber\u00e1 prestarse el servicio.<\/p>\n<p>Este requisito tiene como objetivo garantizar la <strong style=\"font-weight: 500;\">conciliaci\u00f3n personal y familiar<\/strong> y permitir que los trabajadores puedan organizar su tiempo con previsi\u00f3n. Hay que tener en cuenta que este plazo es un <strong style=\"font-weight: 500;\">m\u00ednimo legal obligatorio<\/strong> , y por tanto no puede ser reducido ni por convenio colectivo ni por acuerdos internos. Cualquier pacto que establezca un preaviso inferior vulnera la normativa vigente y puede ser impugnado.<\/p>\n<h3>Consecuencias de no respetar el preaviso<\/h3>\n<p>El incumplimiento del plazo de preaviso puede tener importantes consecuencias para las organizaciones. En primer lugar, las medidas adoptadas pueden ser declaradas <strong style=\"font-weight: 500;\">nulas<\/strong> , lo que implica que no pueden aplicarse y que habr\u00e1 que restablecer las condiciones anteriores de la jornada.<\/p>\n<p>Adem\u00e1s, esta situaci\u00f3n puede generar <strong style=\"font-weight: 500;\">conflictos laborales<\/strong> con su plantilla, deteriorar el clima de trabajo y, en algunos casos, derivar en reclamaciones judiciales o sanciones.<\/p>\n<p>La reciente jurisprudencia ha reforzado este criterio, anulando acuerdos que preve\u00edan plazos de preaviso inferiores a los cinco d\u00edas establecidos legalmente. Por eso, es fundamental que las entidades revisen sus procedimientos internos y aseguren que cualquier aplicaci\u00f3n de la distribuci\u00f3n irregular de la jornada respeta escrupulosamente la normativa.<\/p>\n<p>Fuente: redactado por el equipo de Apoyo Tercer Sector a <a href=\"https:\/\/xarxanet.org\/juridic\/recursos\/jornada-irregular-quin-es-el-preavis-minim\" target=\"_blank\" rel=\"noopener\">Xarxanet.<\/a><\/p>\n<\/div>\n<\/section>\n<\/div>\n<\/section>\n<\/div>\n<\/div>\n<\/div>\n<\/div>\n<\/div>\n<\/div>\n<p>[\/et_pb_text][et_pb_divider _builder_version=\u00bb4.24.3&#8243; _module_preset=\u00bbdefault\u00bb custom_margin=\u00bb20px||||false|false\u00bb global_colors_info=\u00bb{}\u00bb][\/et_pb_divider][et_pb_text _builder_version=\u00bb4.27.5&#8243; _module_preset=\u00bbdefault\u00bb global_colors_info=\u00bb{}\u00bb]<\/p>\n<h3>Otros contenidos relacionados:<\/h3>\n<ul>\n<li><a href=\"https:\/\/suport.fundesplai.org\/es\/blog-es\/todo-lo-que-hay-que-saber-sobre-el-salario-minimo-interprofesional-para-2026\/\">Todo lo que hay que saber sobre el Salario M\u00ednimo Interprofesional para 2026<\/a><\/li>\n<li><a href=\"https:\/\/suport.fundesplai.org\/es\/?p=35523\">El nombramiento del responsable del sistema interno de informaci\u00f3n: plazos y pasos a seguir<\/a><\/li>\n<li class=\"entry-title\"><a href=\"https:\/\/suport.fundesplai.org\/es\/blog-es\/juridico\/la-planificacion-anual-una-obligacion-estrategica-para-el-buen-gobierno-de-las-entidades\/\">La planificaci\u00f3n anual, una obligaci\u00f3n estrat\u00e9gica para el buen gobierno de las entidades<\/a><\/li>\n<li class=\"entry-title\"><a href=\"https:\/\/suport.fundesplai.org\/es\/blog-es\/juridico\/canal-interno-de-informacion-quien-esta-obligado-a-designar-y-comunicar-a-la-persona-responsable\/\">Canal interno de informaci\u00f3n: \u00bfqui\u00e9n est\u00e1 obligado a designar y comunicar a la persona responsable?<\/a><\/li>\n<\/ul>\n<p>&nbsp;<br \/>\n[\/et_pb_text][\/et_pb_column][\/et_pb_row][\/et_pb_section]<\/p>\n","protected":false},"excerpt":{"rendered":"<p>Las entidades del tercer sector deben revisar con rigor la aplicaci\u00f3n de la distribuci\u00f3n irregular de la jornada ante las obligaciones fijadas por la normativa laboral.  <\/p>\n","protected":false},"author":416,"featured_media":35798,"comment_status":"closed","ping_status":"closed","sticky":false,"template":"","format":"standard","meta":{"_et_pb_use_builder":"on","_et_pb_old_content":"","_et_gb_content_width":"","footnotes":""},"categories":[275],"tags":[665],"class_list":["post-35791","post","type-post","status-publish","format-standard","has-post-thumbnail","hentry","category-juridico","tag-normativa-entitat-es"],"yoast_head":"<!-- This site is optimized with the Yoast SEO plugin v27.4 - https:\/\/yoast.com\/product\/yoast-seo-wordpress\/ -->\n<title>La distribuci\u00f3n irregular de la jornada: cu\u00e1l es el preaviso m\u00ednimo obligatorio - Suport Tercer Sector - Fundesplai<\/title>\n<meta name=\"description\" content=\"Las entidades del tercer sector deben revisar con rigor la aplicaci\u00f3n de la distribuci\u00f3n irregular de la jornada ante las obligaciones fijadas por la normativa laboral.\" \/>\n<meta name=\"robots\" content=\"index, follow, max-snippet:-1, max-image-preview:large, max-video-preview:-1\" \/>\n<link rel=\"canonical\" href=\"https:\/\/suport.fundesplai.org\/es\/blog-es\/juridico\/la-distribucion-irregular-de-la-jornada-cual-es-el-preaviso-minimo-obligatorio\/\" \/>\n<meta property=\"og:locale\" content=\"es_ES\" \/>\n<meta property=\"og:type\" content=\"article\" \/>\n<meta property=\"og:title\" content=\"La distribuci\u00f3n irregular de la jornada: cu\u00e1l es el preaviso m\u00ednimo obligatorio - Suport Tercer Sector - Fundesplai\" \/>\n<meta property=\"og:description\" content=\"Las entidades del tercer sector deben revisar con rigor la aplicaci\u00f3n de la distribuci\u00f3n irregular de la jornada ante las obligaciones fijadas por la normativa laboral.\" \/>\n<meta property=\"og:url\" content=\"https:\/\/suport.fundesplai.org\/es\/blog-es\/juridico\/la-distribucion-irregular-de-la-jornada-cual-es-el-preaviso-minimo-obligatorio\/\" \/>\n<meta property=\"og:site_name\" content=\"Suport Tercer Sector - Fundesplai\" \/>\n<meta property=\"article:publisher\" content=\"https:\/\/www.facebook.com\/Fundesplai\/\" \/>\n<meta property=\"article:published_time\" content=\"2026-04-13T14:18:53+00:00\" \/>\n<meta property=\"article:modified_time\" content=\"2026-04-22T10:44:57+00:00\" \/>\n<meta property=\"og:image\" content=\"https:\/\/suport.fundesplai.org\/wp-content\/uploads\/2026\/04\/jornada.png\" \/>\n\t<meta property=\"og:image:width\" content=\"1888\" \/>\n\t<meta property=\"og:image:height\" content=\"900\" \/>\n\t<meta property=\"og:image:type\" content=\"image\/png\" \/>\n<meta name=\"author\" content=\"aina.galceran\" \/>\n<meta name=\"twitter:card\" content=\"summary_large_image\" \/>\n<meta name=\"twitter:creator\" content=\"@suport_org\" \/>\n<meta name=\"twitter:site\" content=\"@suport_org\" \/>\n<meta name=\"twitter:label1\" content=\"Escrito por\" \/>\n\t<meta name=\"twitter:data1\" content=\"aina.galceran\" \/>\n\t<meta name=\"twitter:label2\" content=\"Tiempo de lectura\" \/>\n\t<meta name=\"twitter:data2\" content=\"3 minutos\" \/>\n<script type=\"application\/ld+json\" class=\"yoast-schema-graph\">{\"@context\":\"https:\\\/\\\/schema.org\",\"@graph\":[{\"@type\":\"Article\",\"@id\":\"https:\\\/\\\/suport.fundesplai.org\\\/es\\\/blog-es\\\/juridico\\\/la-distribucion-irregular-de-la-jornada-cual-es-el-preaviso-minimo-obligatorio\\\/#article\",\"isPartOf\":{\"@id\":\"https:\\\/\\\/suport.fundesplai.org\\\/es\\\/blog-es\\\/juridico\\\/la-distribucion-irregular-de-la-jornada-cual-es-el-preaviso-minimo-obligatorio\\\/\"},\"author\":{\"name\":\"aina.galceran\",\"@id\":\"https:\\\/\\\/suport.fundesplai.org\\\/es\\\/#\\\/schema\\\/person\\\/2902d6069eec22bcad2830df54b34376\"},\"headline\":\"La distribuci\u00f3n irregular de la jornada: cu\u00e1l es el preaviso m\u00ednimo obligatorio\",\"datePublished\":\"2026-04-13T14:18:53+00:00\",\"dateModified\":\"2026-04-22T10:44:57+00:00\",\"mainEntityOfPage\":{\"@id\":\"https:\\\/\\\/suport.fundesplai.org\\\/es\\\/blog-es\\\/juridico\\\/la-distribucion-irregular-de-la-jornada-cual-es-el-preaviso-minimo-obligatorio\\\/\"},\"wordCount\":795,\"publisher\":{\"@id\":\"https:\\\/\\\/suport.fundesplai.org\\\/es\\\/#organization\"},\"image\":{\"@id\":\"https:\\\/\\\/suport.fundesplai.org\\\/es\\\/blog-es\\\/juridico\\\/la-distribucion-irregular-de-la-jornada-cual-es-el-preaviso-minimo-obligatorio\\\/#primaryimage\"},\"thumbnailUrl\":\"https:\\\/\\\/suport.fundesplai.org\\\/wp-content\\\/uploads\\\/2026\\\/04\\\/jornada.png\",\"keywords\":[\"normativa entitat\"],\"articleSection\":[\"Jur\u00eddico\"],\"inLanguage\":\"es\"},{\"@type\":\"WebPage\",\"@id\":\"https:\\\/\\\/suport.fundesplai.org\\\/es\\\/blog-es\\\/juridico\\\/la-distribucion-irregular-de-la-jornada-cual-es-el-preaviso-minimo-obligatorio\\\/\",\"url\":\"https:\\\/\\\/suport.fundesplai.org\\\/es\\\/blog-es\\\/juridico\\\/la-distribucion-irregular-de-la-jornada-cual-es-el-preaviso-minimo-obligatorio\\\/\",\"name\":\"La distribuci\u00f3n irregular de la jornada: cu\u00e1l es el preaviso m\u00ednimo obligatorio - Suport Tercer Sector - Fundesplai\",\"isPartOf\":{\"@id\":\"https:\\\/\\\/suport.fundesplai.org\\\/es\\\/#website\"},\"primaryImageOfPage\":{\"@id\":\"https:\\\/\\\/suport.fundesplai.org\\\/es\\\/blog-es\\\/juridico\\\/la-distribucion-irregular-de-la-jornada-cual-es-el-preaviso-minimo-obligatorio\\\/#primaryimage\"},\"image\":{\"@id\":\"https:\\\/\\\/suport.fundesplai.org\\\/es\\\/blog-es\\\/juridico\\\/la-distribucion-irregular-de-la-jornada-cual-es-el-preaviso-minimo-obligatorio\\\/#primaryimage\"},\"thumbnailUrl\":\"https:\\\/\\\/suport.fundesplai.org\\\/wp-content\\\/uploads\\\/2026\\\/04\\\/jornada.png\",\"datePublished\":\"2026-04-13T14:18:53+00:00\",\"dateModified\":\"2026-04-22T10:44:57+00:00\",\"description\":\"Las entidades del tercer sector deben revisar con rigor la aplicaci\u00f3n de la distribuci\u00f3n irregular de la jornada ante las obligaciones fijadas por la normativa laboral.\",\"breadcrumb\":{\"@id\":\"https:\\\/\\\/suport.fundesplai.org\\\/es\\\/blog-es\\\/juridico\\\/la-distribucion-irregular-de-la-jornada-cual-es-el-preaviso-minimo-obligatorio\\\/#breadcrumb\"},\"inLanguage\":\"es\",\"potentialAction\":[{\"@type\":\"ReadAction\",\"target\":[\"https:\\\/\\\/suport.fundesplai.org\\\/es\\\/blog-es\\\/juridico\\\/la-distribucion-irregular-de-la-jornada-cual-es-el-preaviso-minimo-obligatorio\\\/\"]}]},{\"@type\":\"ImageObject\",\"inLanguage\":\"es\",\"@id\":\"https:\\\/\\\/suport.fundesplai.org\\\/es\\\/blog-es\\\/juridico\\\/la-distribucion-irregular-de-la-jornada-cual-es-el-preaviso-minimo-obligatorio\\\/#primaryimage\",\"url\":\"https:\\\/\\\/suport.fundesplai.org\\\/wp-content\\\/uploads\\\/2026\\\/04\\\/jornada.png\",\"contentUrl\":\"https:\\\/\\\/suport.fundesplai.org\\\/wp-content\\\/uploads\\\/2026\\\/04\\\/jornada.png\",\"width\":1888,\"height\":900},{\"@type\":\"BreadcrumbList\",\"@id\":\"https:\\\/\\\/suport.fundesplai.org\\\/es\\\/blog-es\\\/juridico\\\/la-distribucion-irregular-de-la-jornada-cual-es-el-preaviso-minimo-obligatorio\\\/#breadcrumb\",\"itemListElement\":[{\"@type\":\"ListItem\",\"position\":1,\"name\":\"Inici\",\"item\":\"https:\\\/\\\/suport.fundesplai.org\\\/es\\\/\"},{\"@type\":\"ListItem\",\"position\":2,\"name\":\"Blog\",\"item\":\"https:\\\/\\\/suport.fundesplai.org\\\/es\\\/blog-es\\\/\"},{\"@type\":\"ListItem\",\"position\":3,\"name\":\"Jur\u00eddico\",\"item\":\"https:\\\/\\\/suport.fundesplai.org\\\/es\\\/blog-es\\\/juridico\\\/\"},{\"@type\":\"ListItem\",\"position\":4,\"name\":\"La distribuci\u00f3n irregular de la jornada: cu\u00e1l es el preaviso m\u00ednimo obligatorio\"}]},{\"@type\":\"WebSite\",\"@id\":\"https:\\\/\\\/suport.fundesplai.org\\\/es\\\/#website\",\"url\":\"https:\\\/\\\/suport.fundesplai.org\\\/es\\\/\",\"name\":\"Suport Tercer Sector - Fundesplai\",\"description\":\"Gesti\u00f3n de asociaciones y fundaciones\",\"publisher\":{\"@id\":\"https:\\\/\\\/suport.fundesplai.org\\\/es\\\/#organization\"},\"potentialAction\":[{\"@type\":\"SearchAction\",\"target\":{\"@type\":\"EntryPoint\",\"urlTemplate\":\"https:\\\/\\\/suport.fundesplai.org\\\/es\\\/?s={search_term_string}\"},\"query-input\":{\"@type\":\"PropertyValueSpecification\",\"valueRequired\":true,\"valueName\":\"search_term_string\"}}],\"inLanguage\":\"es\"},{\"@type\":\"Organization\",\"@id\":\"https:\\\/\\\/suport.fundesplai.org\\\/es\\\/#organization\",\"name\":\"Suport Tercer Sector de Fundesplai per entitats i associacions\",\"url\":\"https:\\\/\\\/suport.fundesplai.org\\\/es\\\/\",\"logo\":{\"@type\":\"ImageObject\",\"inLanguage\":\"es\",\"@id\":\"https:\\\/\\\/suport.fundesplai.org\\\/es\\\/#\\\/schema\\\/logo\\\/image\\\/\",\"url\":\"https:\\\/\\\/suport.fundesplai.org\\\/wp-content\\\/uploads\\\/2019\\\/08\\\/lgo-suport-tercer-sector-fe-2.png\",\"contentUrl\":\"https:\\\/\\\/suport.fundesplai.org\\\/wp-content\\\/uploads\\\/2019\\\/08\\\/lgo-suport-tercer-sector-fe-2.png\",\"width\":300,\"height\":141,\"caption\":\"Suport Tercer Sector de Fundesplai per entitats i associacions\"},\"image\":{\"@id\":\"https:\\\/\\\/suport.fundesplai.org\\\/es\\\/#\\\/schema\\\/logo\\\/image\\\/\"},\"sameAs\":[\"https:\\\/\\\/www.facebook.com\\\/Fundesplai\\\/\",\"https:\\\/\\\/x.com\\\/suport_org\",\"https:\\\/\\\/www.instagram.com\\\/fundesplai\\\/\",\"https:\\\/\\\/www.linkedin.com\\\/company\\\/fundesplai\",\"https:\\\/\\\/www.youtube.com\\\/channel\\\/UCGaevIfQeecUHeWq1m-WLYw\",\"https:\\\/\\\/ca.wikipedia.org\\\/wiki\\\/Fundaci\u00f3_Catalana_de_l'Esplai\"]},{\"@type\":\"Person\",\"@id\":\"https:\\\/\\\/suport.fundesplai.org\\\/es\\\/#\\\/schema\\\/person\\\/2902d6069eec22bcad2830df54b34376\",\"name\":\"aina.galceran\",\"image\":{\"@type\":\"ImageObject\",\"inLanguage\":\"es\",\"@id\":\"https:\\\/\\\/secure.gravatar.com\\\/avatar\\\/85207edde0725a27fe22372aca83128037136e9f5d656afa91335eca14c0a5d3?s=96&d=monsterid&r=g\",\"url\":\"https:\\\/\\\/secure.gravatar.com\\\/avatar\\\/85207edde0725a27fe22372aca83128037136e9f5d656afa91335eca14c0a5d3?s=96&d=monsterid&r=g\",\"contentUrl\":\"https:\\\/\\\/secure.gravatar.com\\\/avatar\\\/85207edde0725a27fe22372aca83128037136e9f5d656afa91335eca14c0a5d3?s=96&d=monsterid&r=g\",\"caption\":\"aina.galceran\"},\"url\":\"https:\\\/\\\/suport.fundesplai.org\\\/es\\\/author\\\/aina-galceran\\\/\"}]}<\/script>\n<!-- \/ Yoast SEO plugin. -->","yoast_head_json":{"title":"La distribuci\u00f3n irregular de la jornada: cu\u00e1l es el preaviso m\u00ednimo obligatorio - Suport Tercer Sector - Fundesplai","description":"Las entidades del tercer sector deben revisar con rigor la aplicaci\u00f3n de la distribuci\u00f3n irregular de la jornada ante las obligaciones fijadas por la normativa laboral.","robots":{"index":"index","follow":"follow","max-snippet":"max-snippet:-1","max-image-preview":"max-image-preview:large","max-video-preview":"max-video-preview:-1"},"canonical":"https:\/\/suport.fundesplai.org\/es\/blog-es\/juridico\/la-distribucion-irregular-de-la-jornada-cual-es-el-preaviso-minimo-obligatorio\/","og_locale":"es_ES","og_type":"article","og_title":"La distribuci\u00f3n irregular de la jornada: cu\u00e1l es el preaviso m\u00ednimo obligatorio - Suport Tercer Sector - Fundesplai","og_description":"Las entidades del tercer sector deben revisar con rigor la aplicaci\u00f3n de la distribuci\u00f3n irregular de la jornada ante las obligaciones fijadas por la normativa laboral.","og_url":"https:\/\/suport.fundesplai.org\/es\/blog-es\/juridico\/la-distribucion-irregular-de-la-jornada-cual-es-el-preaviso-minimo-obligatorio\/","og_site_name":"Suport Tercer Sector - Fundesplai","article_publisher":"https:\/\/www.facebook.com\/Fundesplai\/","article_published_time":"2026-04-13T14:18:53+00:00","article_modified_time":"2026-04-22T10:44:57+00:00","og_image":[{"width":1888,"height":900,"url":"https:\/\/suport.fundesplai.org\/wp-content\/uploads\/2026\/04\/jornada.png","type":"image\/png"}],"author":"aina.galceran","twitter_card":"summary_large_image","twitter_creator":"@suport_org","twitter_site":"@suport_org","twitter_misc":{"Escrito por":"aina.galceran","Tiempo de lectura":"3 minutos"},"schema":{"@context":"https:\/\/schema.org","@graph":[{"@type":"Article","@id":"https:\/\/suport.fundesplai.org\/es\/blog-es\/juridico\/la-distribucion-irregular-de-la-jornada-cual-es-el-preaviso-minimo-obligatorio\/#article","isPartOf":{"@id":"https:\/\/suport.fundesplai.org\/es\/blog-es\/juridico\/la-distribucion-irregular-de-la-jornada-cual-es-el-preaviso-minimo-obligatorio\/"},"author":{"name":"aina.galceran","@id":"https:\/\/suport.fundesplai.org\/es\/#\/schema\/person\/2902d6069eec22bcad2830df54b34376"},"headline":"La distribuci\u00f3n irregular de la jornada: cu\u00e1l es el preaviso m\u00ednimo obligatorio","datePublished":"2026-04-13T14:18:53+00:00","dateModified":"2026-04-22T10:44:57+00:00","mainEntityOfPage":{"@id":"https:\/\/suport.fundesplai.org\/es\/blog-es\/juridico\/la-distribucion-irregular-de-la-jornada-cual-es-el-preaviso-minimo-obligatorio\/"},"wordCount":795,"publisher":{"@id":"https:\/\/suport.fundesplai.org\/es\/#organization"},"image":{"@id":"https:\/\/suport.fundesplai.org\/es\/blog-es\/juridico\/la-distribucion-irregular-de-la-jornada-cual-es-el-preaviso-minimo-obligatorio\/#primaryimage"},"thumbnailUrl":"https:\/\/suport.fundesplai.org\/wp-content\/uploads\/2026\/04\/jornada.png","keywords":["normativa entitat"],"articleSection":["Jur\u00eddico"],"inLanguage":"es"},{"@type":"WebPage","@id":"https:\/\/suport.fundesplai.org\/es\/blog-es\/juridico\/la-distribucion-irregular-de-la-jornada-cual-es-el-preaviso-minimo-obligatorio\/","url":"https:\/\/suport.fundesplai.org\/es\/blog-es\/juridico\/la-distribucion-irregular-de-la-jornada-cual-es-el-preaviso-minimo-obligatorio\/","name":"La distribuci\u00f3n irregular de la jornada: cu\u00e1l es el preaviso m\u00ednimo obligatorio - Suport Tercer Sector - Fundesplai","isPartOf":{"@id":"https:\/\/suport.fundesplai.org\/es\/#website"},"primaryImageOfPage":{"@id":"https:\/\/suport.fundesplai.org\/es\/blog-es\/juridico\/la-distribucion-irregular-de-la-jornada-cual-es-el-preaviso-minimo-obligatorio\/#primaryimage"},"image":{"@id":"https:\/\/suport.fundesplai.org\/es\/blog-es\/juridico\/la-distribucion-irregular-de-la-jornada-cual-es-el-preaviso-minimo-obligatorio\/#primaryimage"},"thumbnailUrl":"https:\/\/suport.fundesplai.org\/wp-content\/uploads\/2026\/04\/jornada.png","datePublished":"2026-04-13T14:18:53+00:00","dateModified":"2026-04-22T10:44:57+00:00","description":"Las entidades del tercer sector deben revisar con rigor la aplicaci\u00f3n de la distribuci\u00f3n irregular de la jornada ante las obligaciones fijadas por la normativa laboral.","breadcrumb":{"@id":"https:\/\/suport.fundesplai.org\/es\/blog-es\/juridico\/la-distribucion-irregular-de-la-jornada-cual-es-el-preaviso-minimo-obligatorio\/#breadcrumb"},"inLanguage":"es","potentialAction":[{"@type":"ReadAction","target":["https:\/\/suport.fundesplai.org\/es\/blog-es\/juridico\/la-distribucion-irregular-de-la-jornada-cual-es-el-preaviso-minimo-obligatorio\/"]}]},{"@type":"ImageObject","inLanguage":"es","@id":"https:\/\/suport.fundesplai.org\/es\/blog-es\/juridico\/la-distribucion-irregular-de-la-jornada-cual-es-el-preaviso-minimo-obligatorio\/#primaryimage","url":"https:\/\/suport.fundesplai.org\/wp-content\/uploads\/2026\/04\/jornada.png","contentUrl":"https:\/\/suport.fundesplai.org\/wp-content\/uploads\/2026\/04\/jornada.png","width":1888,"height":900},{"@type":"BreadcrumbList","@id":"https:\/\/suport.fundesplai.org\/es\/blog-es\/juridico\/la-distribucion-irregular-de-la-jornada-cual-es-el-preaviso-minimo-obligatorio\/#breadcrumb","itemListElement":[{"@type":"ListItem","position":1,"name":"Inici","item":"https:\/\/suport.fundesplai.org\/es\/"},{"@type":"ListItem","position":2,"name":"Blog","item":"https:\/\/suport.fundesplai.org\/es\/blog-es\/"},{"@type":"ListItem","position":3,"name":"Jur\u00eddico","item":"https:\/\/suport.fundesplai.org\/es\/blog-es\/juridico\/"},{"@type":"ListItem","position":4,"name":"La distribuci\u00f3n irregular de la jornada: cu\u00e1l es el preaviso m\u00ednimo obligatorio"}]},{"@type":"WebSite","@id":"https:\/\/suport.fundesplai.org\/es\/#website","url":"https:\/\/suport.fundesplai.org\/es\/","name":"Suport Tercer Sector - Fundesplai","description":"Gesti\u00f3n de asociaciones y fundaciones","publisher":{"@id":"https:\/\/suport.fundesplai.org\/es\/#organization"},"potentialAction":[{"@type":"SearchAction","target":{"@type":"EntryPoint","urlTemplate":"https:\/\/suport.fundesplai.org\/es\/?s={search_term_string}"},"query-input":{"@type":"PropertyValueSpecification","valueRequired":true,"valueName":"search_term_string"}}],"inLanguage":"es"},{"@type":"Organization","@id":"https:\/\/suport.fundesplai.org\/es\/#organization","name":"Suport Tercer Sector de Fundesplai per entitats i associacions","url":"https:\/\/suport.fundesplai.org\/es\/","logo":{"@type":"ImageObject","inLanguage":"es","@id":"https:\/\/suport.fundesplai.org\/es\/#\/schema\/logo\/image\/","url":"https:\/\/suport.fundesplai.org\/wp-content\/uploads\/2019\/08\/lgo-suport-tercer-sector-fe-2.png","contentUrl":"https:\/\/suport.fundesplai.org\/wp-content\/uploads\/2019\/08\/lgo-suport-tercer-sector-fe-2.png","width":300,"height":141,"caption":"Suport Tercer Sector de Fundesplai per entitats i associacions"},"image":{"@id":"https:\/\/suport.fundesplai.org\/es\/#\/schema\/logo\/image\/"},"sameAs":["https:\/\/www.facebook.com\/Fundesplai\/","https:\/\/x.com\/suport_org","https:\/\/www.instagram.com\/fundesplai\/","https:\/\/www.linkedin.com\/company\/fundesplai","https:\/\/www.youtube.com\/channel\/UCGaevIfQeecUHeWq1m-WLYw","https:\/\/ca.wikipedia.org\/wiki\/Fundaci\u00f3_Catalana_de_l'Esplai"]},{"@type":"Person","@id":"https:\/\/suport.fundesplai.org\/es\/#\/schema\/person\/2902d6069eec22bcad2830df54b34376","name":"aina.galceran","image":{"@type":"ImageObject","inLanguage":"es","@id":"https:\/\/secure.gravatar.com\/avatar\/85207edde0725a27fe22372aca83128037136e9f5d656afa91335eca14c0a5d3?s=96&d=monsterid&r=g","url":"https:\/\/secure.gravatar.com\/avatar\/85207edde0725a27fe22372aca83128037136e9f5d656afa91335eca14c0a5d3?s=96&d=monsterid&r=g","contentUrl":"https:\/\/secure.gravatar.com\/avatar\/85207edde0725a27fe22372aca83128037136e9f5d656afa91335eca14c0a5d3?s=96&d=monsterid&r=g","caption":"aina.galceran"},"url":"https:\/\/suport.fundesplai.org\/es\/author\/aina-galceran\/"}]}},"_links":{"self":[{"href":"https:\/\/suport.fundesplai.org\/es\/wp-json\/wp\/v2\/posts\/35791","targetHints":{"allow":["GET"]}}],"collection":[{"href":"https:\/\/suport.fundesplai.org\/es\/wp-json\/wp\/v2\/posts"}],"about":[{"href":"https:\/\/suport.fundesplai.org\/es\/wp-json\/wp\/v2\/types\/post"}],"author":[{"embeddable":true,"href":"https:\/\/suport.fundesplai.org\/es\/wp-json\/wp\/v2\/users\/416"}],"replies":[{"embeddable":true,"href":"https:\/\/suport.fundesplai.org\/es\/wp-json\/wp\/v2\/comments?post=35791"}],"version-history":[{"count":7,"href":"https:\/\/suport.fundesplai.org\/es\/wp-json\/wp\/v2\/posts\/35791\/revisions"}],"predecessor-version":[{"id":35952,"href":"https:\/\/suport.fundesplai.org\/es\/wp-json\/wp\/v2\/posts\/35791\/revisions\/35952"}],"wp:featuredmedia":[{"embeddable":true,"href":"https:\/\/suport.fundesplai.org\/es\/wp-json\/wp\/v2\/media\/35798"}],"wp:attachment":[{"href":"https:\/\/suport.fundesplai.org\/es\/wp-json\/wp\/v2\/media?parent=35791"}],"wp:term":[{"taxonomy":"category","embeddable":true,"href":"https:\/\/suport.fundesplai.org\/es\/wp-json\/wp\/v2\/categories?post=35791"},{"taxonomy":"post_tag","embeddable":true,"href":"https:\/\/suport.fundesplai.org\/es\/wp-json\/wp\/v2\/tags?post=35791"}],"curies":[{"name":"wp","href":"https:\/\/api.w.org\/{rel}","templated":true}]}}