{"id":8371,"date":"2019-08-07T12:37:39","date_gmt":"2019-08-07T11:37:39","guid":{"rendered":"https:\/\/suport.fundesplai.org\/actualidad\/que-debo-hacer-si-contrato-a-personas-para-que-trabajen-para-la-entidad\/"},"modified":"2019-10-17T15:04:34","modified_gmt":"2019-10-17T14:04:34","slug":"que-debo-hacer-si-contrato-a-personas-para-que-trabajen-para-la-entidad","status":"publish","type":"post","link":"https:\/\/suport.fundesplai.org\/es\/faqs-es\/que-debo-hacer-si-contrato-a-personas-para-que-trabajen-para-la-entidad\/","title":{"rendered":"\u00bfQu\u00e9 debo hacer si contrato a personas para que trabajen para la entidad?"},"content":{"rendered":"<p>La remuneraci\u00f3n de las personas f\u00edsicas suele estar sujeta a la retenci\u00f3n del impuesto sobre la renta de las personas f\u00edsicas. Este es un impuesto que grava a las personas, no a la entidad. Pero esto, como pagador, est\u00e1 obligado a dejar de pagar una parte a la persona (la retenci\u00f3n) y a liquidarla (ingresarla) en Hacienda, para que esa persona tenga un pago a cuenta de su IRPF.<br \/>\nExisten diferentes tipos de retenci\u00f3n en funci\u00f3n del tipo de remuneraci\u00f3n que se realice:<\/p>\n<ul>\n<li>Trabajadores en n\u00f3mina: depende del tipo de contrato, del salario bruto anual, de si tienen personas a cargo&#8230; Es variable.<\/li>\n<li>Profesionales aut\u00f3nomos: tipo general del 15%, si est\u00e1n en los dos primeros a\u00f1os de actividad pueden solicitar que se haga un 7%.<\/li>\n<li>Colaboradores cursos y similares: tasa fija del 15%.<\/li>\n<\/ul>\n<p>Las retenciones se declaran trimestralmente en el Modelo 111, y en enero se debe hacer un resumen anual: el Modelo 190.<br \/>\nTambi\u00e9n deber\u00e9is hacer y entregar un certificado al o la profesional donde se indicar\u00e1 el importe retenido.<br \/>\nCuando se empieza a pagar retribuciones a personas, se debe comunicar el alta como retenidor\/a con la presentaci\u00f3n de una declaraci\u00f3n censal, el modelo 036.<br \/>\nA partir de aqu\u00ed, se van presentando los modelos 111. Cuando se deja de presentar declaraciones durante un per\u00edodo de tiempo, se tiene que pedir la baja como retenidores con un nuevo modelo 036. Si no se hace, os reclamar\u00edan el modelo.<\/p>\n<p>Ten\u00e9is m\u00e1s informaci\u00f3n y todo el proceso detallado en el recurso titulado &#8216;El modelo 111 de Hacienda&#8217;.<\/p>\n<p>Para saber c\u00f3mo rellenar el Modelo 111, y que va en cada casilla, pod\u00e9is consultar las instrucciones proporcionadas por la Agencia Tributaria a trav\u00e9s de este enlace.<\/p>\n<p>Pod\u00e9is rellenar el modelo en PDF a trav\u00e9s de este enlace.<\/p>\n","protected":false},"excerpt":{"rendered":"<p>La remuneraci\u00f3n de las personas f\u00edsicas suele estar sujeta a la retenci\u00f3n del impuesto sobre la renta de las personas f\u00edsicas. Este es un impuesto que grava a las personas, no a la entidad. Pero esto, como pagador, est\u00e1 obligado a dejar de pagar una parte a la persona (la retenci\u00f3n) y a liquidarla (ingresarla) [&hellip;]<\/p>\n","protected":false},"author":1,"featured_media":7979,"comment_status":"closed","ping_status":"open","sticky":false,"template":"","format":"standard","meta":{"_et_pb_use_builder":"","_et_pb_old_content":"","_et_gb_content_width":"","footnotes":""},"categories":[272,273],"tags":[],"class_list":["post-8371","post","type-post","status-publish","format-standard","has-post-thumbnail","hentry","category-faqs-es","category-faqs-economia-es"],"yoast_head":"<!-- This site is optimized with the Yoast SEO plugin v27.5 - https:\/\/yoast.com\/product\/yoast-seo-wordpress\/ -->\n<title>\u00bfQu\u00e9 debo hacer si contrato a personas para que trabajen para la entidad? - Suport Tercer Sector - Fundesplai<\/title>\n<meta name=\"robots\" content=\"index, follow, max-snippet:-1, max-image-preview:large, max-video-preview:-1\" \/>\n<link rel=\"canonical\" href=\"https:\/\/suport.fundesplai.org\/es\/faqs-es\/que-debo-hacer-si-contrato-a-personas-para-que-trabajen-para-la-entidad\/\" \/>\n<meta property=\"og:locale\" content=\"es_ES\" \/>\n<meta property=\"og:type\" content=\"article\" \/>\n<meta property=\"og:title\" content=\"\u00bfQu\u00e9 debo hacer si contrato a personas para que trabajen para la entidad? - Suport Tercer Sector - Fundesplai\" \/>\n<meta property=\"og:description\" content=\"La remuneraci\u00f3n de las personas f\u00edsicas suele estar sujeta a la retenci\u00f3n del impuesto sobre la renta de las personas f\u00edsicas. Este es un impuesto que grava a las personas, no a la entidad. Pero esto, como pagador, est\u00e1 obligado a dejar de pagar una parte a la persona (la retenci\u00f3n) y a liquidarla (ingresarla) [&hellip;]\" \/>\n<meta property=\"og:url\" content=\"https:\/\/suport.fundesplai.org\/es\/faqs-es\/que-debo-hacer-si-contrato-a-personas-para-que-trabajen-para-la-entidad\/\" \/>\n<meta property=\"og:site_name\" content=\"Suport Tercer Sector - Fundesplai\" \/>\n<meta property=\"article:publisher\" content=\"https:\/\/www.facebook.com\/Fundesplai\/\" \/>\n<meta property=\"article:published_time\" content=\"2019-08-07T11:37:39+00:00\" \/>\n<meta property=\"article:modified_time\" content=\"2019-10-17T14:04:34+00:00\" \/>\n<meta property=\"og:image\" content=\"https:\/\/suport.fundesplai.org\/wp-content\/uploads\/2019\/02\/contrato-camisa-firma.jpg\" \/>\n\t<meta property=\"og:image:width\" content=\"1151\" \/>\n\t<meta property=\"og:image:height\" content=\"768\" \/>\n\t<meta property=\"og:image:type\" content=\"image\/jpeg\" \/>\n<meta name=\"author\" content=\"marubio\" \/>\n<meta name=\"twitter:card\" content=\"summary_large_image\" \/>\n<meta name=\"twitter:creator\" content=\"@suport_org\" \/>\n<meta name=\"twitter:site\" content=\"@suport_org\" \/>\n<meta name=\"twitter:label1\" content=\"Escrito por\" \/>\n\t<meta name=\"twitter:data1\" content=\"marubio\" \/>\n\t<meta name=\"twitter:label2\" content=\"Tiempo de lectura\" \/>\n\t<meta name=\"twitter:data2\" content=\"2 minutos\" \/>\n<script type=\"application\/ld+json\" class=\"yoast-schema-graph\">{\"@context\":\"https:\\\/\\\/schema.org\",\"@graph\":[{\"@type\":\"Article\",\"@id\":\"https:\\\/\\\/suport.fundesplai.org\\\/es\\\/faqs-es\\\/que-debo-hacer-si-contrato-a-personas-para-que-trabajen-para-la-entidad\\\/#article\",\"isPartOf\":{\"@id\":\"https:\\\/\\\/suport.fundesplai.org\\\/es\\\/faqs-es\\\/que-debo-hacer-si-contrato-a-personas-para-que-trabajen-para-la-entidad\\\/\"},\"author\":{\"name\":\"marubio\",\"@id\":\"https:\\\/\\\/suport.fundesplai.org\\\/es\\\/#\\\/schema\\\/person\\\/298d966724e84c57901bc05c8d161915\"},\"headline\":\"\u00bfQu\u00e9 debo hacer si contrato a personas para que trabajen para la entidad?\",\"datePublished\":\"2019-08-07T11:37:39+00:00\",\"dateModified\":\"2019-10-17T14:04:34+00:00\",\"mainEntityOfPage\":{\"@id\":\"https:\\\/\\\/suport.fundesplai.org\\\/es\\\/faqs-es\\\/que-debo-hacer-si-contrato-a-personas-para-que-trabajen-para-la-entidad\\\/\"},\"wordCount\":323,\"publisher\":{\"@id\":\"https:\\\/\\\/suport.fundesplai.org\\\/es\\\/#organization\"},\"image\":{\"@id\":\"https:\\\/\\\/suport.fundesplai.org\\\/es\\\/faqs-es\\\/que-debo-hacer-si-contrato-a-personas-para-que-trabajen-para-la-entidad\\\/#primaryimage\"},\"thumbnailUrl\":\"https:\\\/\\\/suport.fundesplai.org\\\/wp-content\\\/uploads\\\/2019\\\/02\\\/contrato-camisa-firma.jpg\",\"articleSection\":[\"FAQs\",\"FAQs Econ\u00f3mico\"],\"inLanguage\":\"es\"},{\"@type\":\"WebPage\",\"@id\":\"https:\\\/\\\/suport.fundesplai.org\\\/es\\\/faqs-es\\\/que-debo-hacer-si-contrato-a-personas-para-que-trabajen-para-la-entidad\\\/\",\"url\":\"https:\\\/\\\/suport.fundesplai.org\\\/es\\\/faqs-es\\\/que-debo-hacer-si-contrato-a-personas-para-que-trabajen-para-la-entidad\\\/\",\"name\":\"\u00bfQu\u00e9 debo hacer si contrato a personas para que trabajen para la entidad? - Suport Tercer Sector - Fundesplai\",\"isPartOf\":{\"@id\":\"https:\\\/\\\/suport.fundesplai.org\\\/es\\\/#website\"},\"primaryImageOfPage\":{\"@id\":\"https:\\\/\\\/suport.fundesplai.org\\\/es\\\/faqs-es\\\/que-debo-hacer-si-contrato-a-personas-para-que-trabajen-para-la-entidad\\\/#primaryimage\"},\"image\":{\"@id\":\"https:\\\/\\\/suport.fundesplai.org\\\/es\\\/faqs-es\\\/que-debo-hacer-si-contrato-a-personas-para-que-trabajen-para-la-entidad\\\/#primaryimage\"},\"thumbnailUrl\":\"https:\\\/\\\/suport.fundesplai.org\\\/wp-content\\\/uploads\\\/2019\\\/02\\\/contrato-camisa-firma.jpg\",\"datePublished\":\"2019-08-07T11:37:39+00:00\",\"dateModified\":\"2019-10-17T14:04:34+00:00\",\"breadcrumb\":{\"@id\":\"https:\\\/\\\/suport.fundesplai.org\\\/es\\\/faqs-es\\\/que-debo-hacer-si-contrato-a-personas-para-que-trabajen-para-la-entidad\\\/#breadcrumb\"},\"inLanguage\":\"es\",\"potentialAction\":[{\"@type\":\"ReadAction\",\"target\":[\"https:\\\/\\\/suport.fundesplai.org\\\/es\\\/faqs-es\\\/que-debo-hacer-si-contrato-a-personas-para-que-trabajen-para-la-entidad\\\/\"]}]},{\"@type\":\"ImageObject\",\"inLanguage\":\"es\",\"@id\":\"https:\\\/\\\/suport.fundesplai.org\\\/es\\\/faqs-es\\\/que-debo-hacer-si-contrato-a-personas-para-que-trabajen-para-la-entidad\\\/#primaryimage\",\"url\":\"https:\\\/\\\/suport.fundesplai.org\\\/wp-content\\\/uploads\\\/2019\\\/02\\\/contrato-camisa-firma.jpg\",\"contentUrl\":\"https:\\\/\\\/suport.fundesplai.org\\\/wp-content\\\/uploads\\\/2019\\\/02\\\/contrato-camisa-firma.jpg\",\"width\":1151,\"height\":768},{\"@type\":\"BreadcrumbList\",\"@id\":\"https:\\\/\\\/suport.fundesplai.org\\\/es\\\/faqs-es\\\/que-debo-hacer-si-contrato-a-personas-para-que-trabajen-para-la-entidad\\\/#breadcrumb\",\"itemListElement\":[{\"@type\":\"ListItem\",\"position\":1,\"name\":\"Inici\",\"item\":\"https:\\\/\\\/suport.fundesplai.org\\\/es\\\/\"},{\"@type\":\"ListItem\",\"position\":2,\"name\":\"FAQs\",\"item\":\"https:\\\/\\\/suport.fundesplai.org\\\/es\\\/faqs-es\\\/\"},{\"@type\":\"ListItem\",\"position\":3,\"name\":\"FAQs Econ\u00f3mico\",\"item\":\"https:\\\/\\\/suport.fundesplai.org\\\/es\\\/faqs-es\\\/faqs-economia-es\\\/\"},{\"@type\":\"ListItem\",\"position\":4,\"name\":\"\u00bfQu\u00e9 debo hacer si contrato a personas para que trabajen para la entidad?\"}]},{\"@type\":\"WebSite\",\"@id\":\"https:\\\/\\\/suport.fundesplai.org\\\/es\\\/#website\",\"url\":\"https:\\\/\\\/suport.fundesplai.org\\\/es\\\/\",\"name\":\"Suport Tercer Sector - Fundesplai\",\"description\":\"Gesti\u00f3n de asociaciones y fundaciones\",\"publisher\":{\"@id\":\"https:\\\/\\\/suport.fundesplai.org\\\/es\\\/#organization\"},\"potentialAction\":[{\"@type\":\"SearchAction\",\"target\":{\"@type\":\"EntryPoint\",\"urlTemplate\":\"https:\\\/\\\/suport.fundesplai.org\\\/es\\\/?s={search_term_string}\"},\"query-input\":{\"@type\":\"PropertyValueSpecification\",\"valueRequired\":true,\"valueName\":\"search_term_string\"}}],\"inLanguage\":\"es\"},{\"@type\":\"Organization\",\"@id\":\"https:\\\/\\\/suport.fundesplai.org\\\/es\\\/#organization\",\"name\":\"Suport Tercer Sector de Fundesplai per entitats i associacions\",\"url\":\"https:\\\/\\\/suport.fundesplai.org\\\/es\\\/\",\"logo\":{\"@type\":\"ImageObject\",\"inLanguage\":\"es\",\"@id\":\"https:\\\/\\\/suport.fundesplai.org\\\/es\\\/#\\\/schema\\\/logo\\\/image\\\/\",\"url\":\"https:\\\/\\\/suport.fundesplai.org\\\/wp-content\\\/uploads\\\/2019\\\/08\\\/lgo-suport-tercer-sector-fe-2.png\",\"contentUrl\":\"https:\\\/\\\/suport.fundesplai.org\\\/wp-content\\\/uploads\\\/2019\\\/08\\\/lgo-suport-tercer-sector-fe-2.png\",\"width\":300,\"height\":141,\"caption\":\"Suport Tercer Sector de Fundesplai per entitats i associacions\"},\"image\":{\"@id\":\"https:\\\/\\\/suport.fundesplai.org\\\/es\\\/#\\\/schema\\\/logo\\\/image\\\/\"},\"sameAs\":[\"https:\\\/\\\/www.facebook.com\\\/Fundesplai\\\/\",\"https:\\\/\\\/x.com\\\/suport_org\",\"https:\\\/\\\/www.instagram.com\\\/fundesplai\\\/\",\"https:\\\/\\\/www.linkedin.com\\\/company\\\/fundesplai\",\"https:\\\/\\\/www.youtube.com\\\/channel\\\/UCGaevIfQeecUHeWq1m-WLYw\",\"https:\\\/\\\/ca.wikipedia.org\\\/wiki\\\/Fundaci\u00f3_Catalana_de_l'Esplai\"]},{\"@type\":\"Person\",\"@id\":\"https:\\\/\\\/suport.fundesplai.org\\\/es\\\/#\\\/schema\\\/person\\\/298d966724e84c57901bc05c8d161915\",\"name\":\"marubio\",\"image\":{\"@type\":\"ImageObject\",\"inLanguage\":\"es\",\"@id\":\"https:\\\/\\\/secure.gravatar.com\\\/avatar\\\/464544cdbd75315146f2e2de9fa97073db157c4e2ef80a527d3ccfa975d62fb1?s=96&d=monsterid&r=g\",\"url\":\"https:\\\/\\\/secure.gravatar.com\\\/avatar\\\/464544cdbd75315146f2e2de9fa97073db157c4e2ef80a527d3ccfa975d62fb1?s=96&d=monsterid&r=g\",\"contentUrl\":\"https:\\\/\\\/secure.gravatar.com\\\/avatar\\\/464544cdbd75315146f2e2de9fa97073db157c4e2ef80a527d3ccfa975d62fb1?s=96&d=monsterid&r=g\",\"caption\":\"marubio\"},\"url\":\"https:\\\/\\\/suport.fundesplai.org\\\/es\\\/author\\\/marubio\\\/\"}]}<\/script>\n<!-- \/ Yoast SEO plugin. -->","yoast_head_json":{"title":"\u00bfQu\u00e9 debo hacer si contrato a personas para que trabajen para la entidad? - Suport Tercer Sector - Fundesplai","robots":{"index":"index","follow":"follow","max-snippet":"max-snippet:-1","max-image-preview":"max-image-preview:large","max-video-preview":"max-video-preview:-1"},"canonical":"https:\/\/suport.fundesplai.org\/es\/faqs-es\/que-debo-hacer-si-contrato-a-personas-para-que-trabajen-para-la-entidad\/","og_locale":"es_ES","og_type":"article","og_title":"\u00bfQu\u00e9 debo hacer si contrato a personas para que trabajen para la entidad? - Suport Tercer Sector - Fundesplai","og_description":"La remuneraci\u00f3n de las personas f\u00edsicas suele estar sujeta a la retenci\u00f3n del impuesto sobre la renta de las personas f\u00edsicas. Este es un impuesto que grava a las personas, no a la entidad. Pero esto, como pagador, est\u00e1 obligado a dejar de pagar una parte a la persona (la retenci\u00f3n) y a liquidarla (ingresarla) [&hellip;]","og_url":"https:\/\/suport.fundesplai.org\/es\/faqs-es\/que-debo-hacer-si-contrato-a-personas-para-que-trabajen-para-la-entidad\/","og_site_name":"Suport Tercer Sector - Fundesplai","article_publisher":"https:\/\/www.facebook.com\/Fundesplai\/","article_published_time":"2019-08-07T11:37:39+00:00","article_modified_time":"2019-10-17T14:04:34+00:00","og_image":[{"width":1151,"height":768,"url":"https:\/\/suport.fundesplai.org\/wp-content\/uploads\/2019\/02\/contrato-camisa-firma.jpg","type":"image\/jpeg"}],"author":"marubio","twitter_card":"summary_large_image","twitter_creator":"@suport_org","twitter_site":"@suport_org","twitter_misc":{"Escrito por":"marubio","Tiempo de lectura":"2 minutos"},"schema":{"@context":"https:\/\/schema.org","@graph":[{"@type":"Article","@id":"https:\/\/suport.fundesplai.org\/es\/faqs-es\/que-debo-hacer-si-contrato-a-personas-para-que-trabajen-para-la-entidad\/#article","isPartOf":{"@id":"https:\/\/suport.fundesplai.org\/es\/faqs-es\/que-debo-hacer-si-contrato-a-personas-para-que-trabajen-para-la-entidad\/"},"author":{"name":"marubio","@id":"https:\/\/suport.fundesplai.org\/es\/#\/schema\/person\/298d966724e84c57901bc05c8d161915"},"headline":"\u00bfQu\u00e9 debo hacer si contrato a personas para que trabajen para la entidad?","datePublished":"2019-08-07T11:37:39+00:00","dateModified":"2019-10-17T14:04:34+00:00","mainEntityOfPage":{"@id":"https:\/\/suport.fundesplai.org\/es\/faqs-es\/que-debo-hacer-si-contrato-a-personas-para-que-trabajen-para-la-entidad\/"},"wordCount":323,"publisher":{"@id":"https:\/\/suport.fundesplai.org\/es\/#organization"},"image":{"@id":"https:\/\/suport.fundesplai.org\/es\/faqs-es\/que-debo-hacer-si-contrato-a-personas-para-que-trabajen-para-la-entidad\/#primaryimage"},"thumbnailUrl":"https:\/\/suport.fundesplai.org\/wp-content\/uploads\/2019\/02\/contrato-camisa-firma.jpg","articleSection":["FAQs","FAQs Econ\u00f3mico"],"inLanguage":"es"},{"@type":"WebPage","@id":"https:\/\/suport.fundesplai.org\/es\/faqs-es\/que-debo-hacer-si-contrato-a-personas-para-que-trabajen-para-la-entidad\/","url":"https:\/\/suport.fundesplai.org\/es\/faqs-es\/que-debo-hacer-si-contrato-a-personas-para-que-trabajen-para-la-entidad\/","name":"\u00bfQu\u00e9 debo hacer si contrato a personas para que trabajen para la entidad? - Suport Tercer Sector - Fundesplai","isPartOf":{"@id":"https:\/\/suport.fundesplai.org\/es\/#website"},"primaryImageOfPage":{"@id":"https:\/\/suport.fundesplai.org\/es\/faqs-es\/que-debo-hacer-si-contrato-a-personas-para-que-trabajen-para-la-entidad\/#primaryimage"},"image":{"@id":"https:\/\/suport.fundesplai.org\/es\/faqs-es\/que-debo-hacer-si-contrato-a-personas-para-que-trabajen-para-la-entidad\/#primaryimage"},"thumbnailUrl":"https:\/\/suport.fundesplai.org\/wp-content\/uploads\/2019\/02\/contrato-camisa-firma.jpg","datePublished":"2019-08-07T11:37:39+00:00","dateModified":"2019-10-17T14:04:34+00:00","breadcrumb":{"@id":"https:\/\/suport.fundesplai.org\/es\/faqs-es\/que-debo-hacer-si-contrato-a-personas-para-que-trabajen-para-la-entidad\/#breadcrumb"},"inLanguage":"es","potentialAction":[{"@type":"ReadAction","target":["https:\/\/suport.fundesplai.org\/es\/faqs-es\/que-debo-hacer-si-contrato-a-personas-para-que-trabajen-para-la-entidad\/"]}]},{"@type":"ImageObject","inLanguage":"es","@id":"https:\/\/suport.fundesplai.org\/es\/faqs-es\/que-debo-hacer-si-contrato-a-personas-para-que-trabajen-para-la-entidad\/#primaryimage","url":"https:\/\/suport.fundesplai.org\/wp-content\/uploads\/2019\/02\/contrato-camisa-firma.jpg","contentUrl":"https:\/\/suport.fundesplai.org\/wp-content\/uploads\/2019\/02\/contrato-camisa-firma.jpg","width":1151,"height":768},{"@type":"BreadcrumbList","@id":"https:\/\/suport.fundesplai.org\/es\/faqs-es\/que-debo-hacer-si-contrato-a-personas-para-que-trabajen-para-la-entidad\/#breadcrumb","itemListElement":[{"@type":"ListItem","position":1,"name":"Inici","item":"https:\/\/suport.fundesplai.org\/es\/"},{"@type":"ListItem","position":2,"name":"FAQs","item":"https:\/\/suport.fundesplai.org\/es\/faqs-es\/"},{"@type":"ListItem","position":3,"name":"FAQs Econ\u00f3mico","item":"https:\/\/suport.fundesplai.org\/es\/faqs-es\/faqs-economia-es\/"},{"@type":"ListItem","position":4,"name":"\u00bfQu\u00e9 debo hacer si contrato a personas para que trabajen para la entidad?"}]},{"@type":"WebSite","@id":"https:\/\/suport.fundesplai.org\/es\/#website","url":"https:\/\/suport.fundesplai.org\/es\/","name":"Suport Tercer Sector - Fundesplai","description":"Gesti\u00f3n de asociaciones y fundaciones","publisher":{"@id":"https:\/\/suport.fundesplai.org\/es\/#organization"},"potentialAction":[{"@type":"SearchAction","target":{"@type":"EntryPoint","urlTemplate":"https:\/\/suport.fundesplai.org\/es\/?s={search_term_string}"},"query-input":{"@type":"PropertyValueSpecification","valueRequired":true,"valueName":"search_term_string"}}],"inLanguage":"es"},{"@type":"Organization","@id":"https:\/\/suport.fundesplai.org\/es\/#organization","name":"Suport Tercer Sector de Fundesplai per entitats i associacions","url":"https:\/\/suport.fundesplai.org\/es\/","logo":{"@type":"ImageObject","inLanguage":"es","@id":"https:\/\/suport.fundesplai.org\/es\/#\/schema\/logo\/image\/","url":"https:\/\/suport.fundesplai.org\/wp-content\/uploads\/2019\/08\/lgo-suport-tercer-sector-fe-2.png","contentUrl":"https:\/\/suport.fundesplai.org\/wp-content\/uploads\/2019\/08\/lgo-suport-tercer-sector-fe-2.png","width":300,"height":141,"caption":"Suport Tercer Sector de Fundesplai per entitats i associacions"},"image":{"@id":"https:\/\/suport.fundesplai.org\/es\/#\/schema\/logo\/image\/"},"sameAs":["https:\/\/www.facebook.com\/Fundesplai\/","https:\/\/x.com\/suport_org","https:\/\/www.instagram.com\/fundesplai\/","https:\/\/www.linkedin.com\/company\/fundesplai","https:\/\/www.youtube.com\/channel\/UCGaevIfQeecUHeWq1m-WLYw","https:\/\/ca.wikipedia.org\/wiki\/Fundaci\u00f3_Catalana_de_l'Esplai"]},{"@type":"Person","@id":"https:\/\/suport.fundesplai.org\/es\/#\/schema\/person\/298d966724e84c57901bc05c8d161915","name":"marubio","image":{"@type":"ImageObject","inLanguage":"es","@id":"https:\/\/secure.gravatar.com\/avatar\/464544cdbd75315146f2e2de9fa97073db157c4e2ef80a527d3ccfa975d62fb1?s=96&d=monsterid&r=g","url":"https:\/\/secure.gravatar.com\/avatar\/464544cdbd75315146f2e2de9fa97073db157c4e2ef80a527d3ccfa975d62fb1?s=96&d=monsterid&r=g","contentUrl":"https:\/\/secure.gravatar.com\/avatar\/464544cdbd75315146f2e2de9fa97073db157c4e2ef80a527d3ccfa975d62fb1?s=96&d=monsterid&r=g","caption":"marubio"},"url":"https:\/\/suport.fundesplai.org\/es\/author\/marubio\/"}]}},"_links":{"self":[{"href":"https:\/\/suport.fundesplai.org\/es\/wp-json\/wp\/v2\/posts\/8371","targetHints":{"allow":["GET"]}}],"collection":[{"href":"https:\/\/suport.fundesplai.org\/es\/wp-json\/wp\/v2\/posts"}],"about":[{"href":"https:\/\/suport.fundesplai.org\/es\/wp-json\/wp\/v2\/types\/post"}],"author":[{"embeddable":true,"href":"https:\/\/suport.fundesplai.org\/es\/wp-json\/wp\/v2\/users\/1"}],"replies":[{"embeddable":true,"href":"https:\/\/suport.fundesplai.org\/es\/wp-json\/wp\/v2\/comments?post=8371"}],"version-history":[{"count":0,"href":"https:\/\/suport.fundesplai.org\/es\/wp-json\/wp\/v2\/posts\/8371\/revisions"}],"wp:featuredmedia":[{"embeddable":true,"href":"https:\/\/suport.fundesplai.org\/es\/wp-json\/wp\/v2\/media\/7979"}],"wp:attachment":[{"href":"https:\/\/suport.fundesplai.org\/es\/wp-json\/wp\/v2\/media?parent=8371"}],"wp:term":[{"taxonomy":"category","embeddable":true,"href":"https:\/\/suport.fundesplai.org\/es\/wp-json\/wp\/v2\/categories?post=8371"},{"taxonomy":"post_tag","embeddable":true,"href":"https:\/\/suport.fundesplai.org\/es\/wp-json\/wp\/v2\/tags?post=8371"}],"curies":[{"name":"wp","href":"https:\/\/api.w.org\/{rel}","templated":true}]}}